{"id":32184,"date":"2023-06-08T12:09:09","date_gmt":"2023-06-08T15:09:09","guid":{"rendered":"https:\/\/www.ilheusnoticias.net.br\/v1\/?p=32184"},"modified":"2023-06-08T12:09:09","modified_gmt":"2023-06-08T15:09:09","slug":"mulher-de-24-anos-e-morta-a-facadas-no-distrito-de-aritagua-em-ilheus-companheiro-da-vitima-e-suspeito-do-crime","status":"publish","type":"post","link":"https:\/\/www.ilheusnoticias.net.br\/v1\/2023\/06\/08\/mulher-de-24-anos-e-morta-a-facadas-no-distrito-de-aritagua-em-ilheus-companheiro-da-vitima-e-suspeito-do-crime\/","title":{"rendered":"Mulher de 24 anos \u00e9 morta a facadas no distrito de Aritagu\u00e1 em Ilh\u00e9us; companheiro da v\u00edtima \u00e9 suspeito do crime"},"content":{"rendered":"<div class=\"row content-head non-featured \">\n<div class=\"title\" data-block-type=\"title\" data-block-id=\"0\"><\/div>\n<\/div>\n<div class=\"content__signa-share\">\n<div class=\"content__signature\">\n<div class=\"content-publication-data\">\n<div class=\"content-publication-data__text\">\n<p class=\"content-publication-data__updated\"><img class=\"content-video__placeholder__thumb\" title=\"Corpo de v\u00edtima de feminic\u00eddio \u00e9 enterrado em Ilh\u00e9us\" src=\"https:\/\/s01.video.glbimg.com\/x240\/11681148.jpg\" alt=\"Corpo de v\u00edtima de feminic\u00eddio \u00e9 enterrado em Ilh\u00e9us\" \/><\/p>\n<\/div>\n<\/div>\n<\/div>\n<\/div>\n<div class=\"mc-article-body\">\n<article>\n<div id=\"chunk-46ae3\">\n<div class=\"bs-video-block mc-column  content-media content-video\" data-block-type=\"backstage-video\" data-block-id=\"1\">\n<div class=\"content-media__container\">\n<div class=\"content-video__bigger-player-description-fixer\">\n<article class=\"content-video\">\n<section class=\"content-video__video-container\">\n<div class=\"content-video__video\">\n<div id=\"wp3-player-2\" class=\"clappr-player\" tabindex=\"9999\" data-player=\"\">\n<div class=\"dfp-ad-overlay dfp-ad-overlay--poster-mode\">\n<div>Corpo de v\u00edtima de feminic\u00eddio \u00e9 enterrado em Ilh\u00e9us<\/div>\n<\/div>\n<\/div>\n<\/div>\n<\/section>\n<\/article>\n<\/div>\n<\/div>\n<\/div>\n<\/div>\n<div id=\"chunk-fohqq\">\n<div class=\"mc-column content-text active-extra-styles \" data-block-type=\"unstyled\" data-block-weight=\"37\" data-block-id=\"3\">\n<p class=\"content-text__container \" data-track-category=\"Link no Texto\" data-track-links=\"\">Uma mulher foi morta a facadas em\u00a0<a class=\"\" href=\"https:\/\/g1.globo.com\/ba\/bahia\/cidade\/ilheus\/\">Ilh\u00e9us<\/a>, no sul da Bahia, no distrito de Aritagu\u00e1. Segundo a Pol\u00edcia Civil, o crime aconteceu na madrugada de ter\u00e7a (6) e at\u00e9 esta quarta (7) ningu\u00e9m foi preso.<\/p>\n<\/div>\n<\/div>\n<div class=\"wall protected-content\">\n<div id=\"chunk-9ankd\">\n<div class=\"mc-column content-text active-extra-styles \" data-block-type=\"unstyled\" data-block-weight=\"40\" data-block-id=\"5\">\n<p class=\"content-text__container \" data-track-category=\"Link no Texto\" data-track-links=\"\">A v\u00edtima foi identificada como Graziela Silva de Jesus, 24 anos. O principal suspeito do crime \u00e9 o companheiro dela, que n\u00e3o teve o nome divulgado. Ele est\u00e1 sendo procurado pela Pol\u00edcia Civil, que investigado o caso como feminic\u00eddio.<\/p>\n<\/div>\n<\/div>\n<div id=\"chunk-5p2pk\">\n<div class=\"mc-column content-text active-extra-styles \" data-block-type=\"unstyled\" data-block-weight=\"20\" data-block-id=\"6\">\n<p class=\"content-text__container \" data-track-category=\"Link no Texto\" data-track-links=\"\">A v\u00edtima foi enterrada nesta quarta, em Ilh\u00e9us. A fam\u00edlia preferiu n\u00e3o informar o local onde o enterro aconteceu.<\/p>\n<\/div>\n<\/div>\n<div id=\"chunk-e4ikf\">\n<div class=\"row medium-uncollapsed content-media content-photo\" data-block-type=\"backstage-photo\" data-block-id=\"8\">\n<div class=\" mc-column  content-media__container\">\n<div class=\"content-media-container glb-skeleton-box\">\n<figure class=\"content-media-figure\"><img class=\"i-amphtml-fill-content i-amphtml-replaced-content\" src=\"https:\/\/s2-g1.glbimg.com\/5sCNA_p-XeXkW5Q4WlyDR_T9lJ8=\/0x0:720x620\/984x0\/smart\/filters:strip_icc()\/i.s3.glbimg.com\/v1\/AUTH_59edd422c0c84a879bd37670ae4f538a\/internal_photos\/bs\/2023\/Z\/3\/43UJuoQaK3y5ue9Usy8g\/sao-tome-de-paripe-em-frente-a-casa-vila-maria-ao-lado-da-rampa-de-acesso-a-praia-periperi-na-saida-de-acesso-a-praia-apos-travessia-da-via-ferrea-pedra-furada-atras-do-hospital-s-2023-06-07t155210.760.png\" sizes=\"(max-width: 1707px) 648px, 100vw\" srcset=\"https:\/\/s2-g1.glbimg.com\/xCamURMZ-y5Hb-orEabumr-RgRU=\/0x0:720x620\/1000x0\/smart\/filters:strip_icc()\/i.s3.glbimg.com\/v1\/AUTH_59edd422c0c84a879bd37670ae4f538a\/internal_photos\/bs\/2023\/Z\/3\/43UJuoQaK3y5ue9Usy8g\/sao-tome-de-paripe-em-frente-a-casa-vila-maria-ao-lado-da-rampa-de-acesso-a-praia-periperi-na-saida-de-acesso-a-praia-apos-travessia-da-via-ferrea-pedra-furada-atras-do-hospital-s-2023-06-07t155210.760.png 1000w, https:\/\/s2-g1.glbimg.com\/5sCNA_p-XeXkW5Q4WlyDR_T9lJ8=\/0x0:720x620\/984x0\/smart\/filters:strip_icc()\/i.s3.glbimg.com\/v1\/AUTH_59edd422c0c84a879bd37670ae4f538a\/internal_photos\/bs\/2023\/Z\/3\/43UJuoQaK3y5ue9Usy8g\/sao-tome-de-paripe-em-frente-a-casa-vila-maria-ao-lado-da-rampa-de-acesso-a-praia-periperi-na-saida-de-acesso-a-praia-apos-travessia-da-via-ferrea-pedra-furada-atras-do-hospital-s-2023-06-07t155210.760.png 984w, https:\/\/s2-g1.glbimg.com\/ucc5BVm8xtW971ERYrJgj6y9xtE=\/0x0:720x620\/640x0\/smart\/filters:strip_icc()\/i.s3.glbimg.com\/v1\/AUTH_59edd422c0c84a879bd37670ae4f538a\/internal_photos\/bs\/2023\/Z\/3\/43UJuoQaK3y5ue9Usy8g\/sao-tome-de-paripe-em-frente-a-casa-vila-maria-ao-lado-da-rampa-de-acesso-a-praia-periperi-na-saida-de-acesso-a-praia-apos-travessia-da-via-ferrea-pedra-furada-atras-do-hospital-s-2023-06-07t155210.760.png 640w, https:\/\/s2-g1.glbimg.com\/SjyRKJ8aAfTTO_VLx0X-MVgW4v8=\/0x0:720x620\/600x0\/smart\/filters:strip_icc()\/i.s3.glbimg.com\/v1\/AUTH_59edd422c0c84a879bd37670ae4f538a\/internal_photos\/bs\/2023\/Z\/3\/43UJuoQaK3y5ue9Usy8g\/sao-tome-de-paripe-em-frente-a-casa-vila-maria-ao-lado-da-rampa-de-acesso-a-praia-periperi-na-saida-de-acesso-a-praia-apos-travessia-da-via-ferrea-pedra-furada-atras-do-hospital-s-2023-06-07t155210.760.png 600w\" alt=\"V\u00edtima foi morta a facadas \u2014 Foto: Reprodu\u00e7\u00e3o TV Santa Cruz\" \/><\/figure>\n<\/div>\n<p class=\"content-media__description  \">V\u00edtima foi morta a facadas \u2014 Foto: Reprodu\u00e7\u00e3o TV Santa Cruz<\/p>\n<\/div>\n<\/div>\n<\/div>\n<\/div>\n<\/article>\n<\/div>\n","protected":false},"excerpt":{"rendered":"<p>Corpo de v\u00edtima de feminic\u00eddio \u00e9 enterrado em Ilh\u00e9us Uma mulher foi morta a facadas em\u00a0Ilh\u00e9us, no sul da Bahia, no distrito de Aritagu\u00e1. Segundo a Pol\u00edcia Civil, o crime aconteceu na madrugada de ter\u00e7a (6) e at\u00e9 esta quarta (7) ningu\u00e9m foi preso. A v\u00edtima foi identificada como Graziela Silva de Jesus, 24 anos. [&hellip;]<\/p>\n","protected":false},"author":2,"featured_media":0,"comment_status":"open","ping_status":"open","sticky":false,"template":"","format":"standard","meta":{"_links_to":"","_links_to_target":""},"categories":[1],"tags":[],"_links":{"self":[{"href":"https:\/\/www.ilheusnoticias.net.br\/v1\/wp-json\/wp\/v2\/posts\/32184"}],"collection":[{"href":"https:\/\/www.ilheusnoticias.net.br\/v1\/wp-json\/wp\/v2\/posts"}],"about":[{"href":"https:\/\/www.ilheusnoticias.net.br\/v1\/wp-json\/wp\/v2\/types\/post"}],"author":[{"embeddable":true,"href":"https:\/\/www.ilheusnoticias.net.br\/v1\/wp-json\/wp\/v2\/users\/2"}],"replies":[{"embeddable":true,"href":"https:\/\/www.ilheusnoticias.net.br\/v1\/wp-json\/wp\/v2\/comments?post=32184"}],"version-history":[{"count":1,"href":"https:\/\/www.ilheusnoticias.net.br\/v1\/wp-json\/wp\/v2\/posts\/32184\/revisions"}],"predecessor-version":[{"id":32185,"href":"https:\/\/www.ilheusnoticias.net.br\/v1\/wp-json\/wp\/v2\/posts\/32184\/revisions\/32185"}],"wp:attachment":[{"href":"https:\/\/www.ilheusnoticias.net.br\/v1\/wp-json\/wp\/v2\/media?parent=32184"}],"wp:term":[{"taxonomy":"category","embeddable":true,"href":"https:\/\/www.ilheusnoticias.net.br\/v1\/wp-json\/wp\/v2\/categories?post=32184"},{"taxonomy":"post_tag","embeddable":true,"href":"https:\/\/www.ilheusnoticias.net.br\/v1\/wp-json\/wp\/v2\/tags?post=32184"}],"curies":[{"name":"wp","href":"https:\/\/api.w.org\/{rel}","templated":true}]}}