{"id":32182,"date":"2023-06-08T12:06:30","date_gmt":"2023-06-08T15:06:30","guid":{"rendered":"https:\/\/www.ilheusnoticias.net.br\/v1\/?p=32182"},"modified":"2023-06-08T12:06:30","modified_gmt":"2023-06-08T15:06:30","slug":"corpo-de-homem-e-encontrado-com-perfuracoes-nos-olhos-e-pescoco-em-manguezal-na-ba","status":"publish","type":"post","link":"https:\/\/www.ilheusnoticias.net.br\/v1\/2023\/06\/08\/corpo-de-homem-e-encontrado-com-perfuracoes-nos-olhos-e-pescoco-em-manguezal-na-ba\/","title":{"rendered":"Corpo de homem \u00e9 encontrado com perfura\u00e7\u00f5es nos olhos e pesco\u00e7o em manguezal na BA"},"content":{"rendered":"<div class=\"row content-head non-featured \">\n<div class=\"title\" data-block-type=\"title\" data-block-id=\"0\"><\/div>\n<\/div>\n<div class=\"content__signa-share\">\n<div class=\"content__signature\">\n<div class=\"content-publication-data\">\n<div class=\"content-publication-data__text\">\n<p class=\"content-publication-data__updated\"><img class=\"content-video__placeholder__thumb\" title=\"Corpo de homem \u00e9 encontrado em manguezal no sul da Bahia\" src=\"https:\/\/s02.video.glbimg.com\/x240\/11681185.jpg\" alt=\"Corpo de homem \u00e9 encontrado em manguezal no sul da Bahia\" \/><\/p>\n<\/div>\n<\/div>\n<\/div>\n<\/div>\n<div class=\"mc-article-body\">\n<article>\n<div id=\"chunk-8tlo1\">\n<div class=\"bs-video-block mc-column  content-media content-video\" data-block-type=\"backstage-video\" data-block-id=\"1\">\n<div class=\"content-media__container\">\n<div class=\"content-video__bigger-player-description-fixer\">\n<article class=\"content-video\">\n<section class=\"content-video__video-container\">\n<div class=\"content-video__video\">\n<div id=\"wp3-player-2\" class=\"clappr-player\" tabindex=\"9999\" data-player=\"\">\n<div class=\"dfp-ad-overlay dfp-ad-overlay--poster-mode\">\n<div><\/div>\n<\/div>\n<\/div>\n<\/div>\n<\/section>\n<\/article>\n<\/div>\n<p class=\"content-media__description\">Corpo de homem \u00e9 encontrado em manguezal no sul da Bahia<\/p>\n<\/div>\n<\/div>\n<\/div>\n<div id=\"chunk-fohqq\">\n<div class=\"mc-column content-text active-extra-styles \" data-block-type=\"unstyled\" data-block-weight=\"41\" data-block-id=\"3\">\n<p class=\"content-text__container \" data-track-category=\"Link no Texto\" data-track-links=\"\">O corpo de um homem foi encontrado em um manguezal em\u00a0<a class=\"\" href=\"https:\/\/g1.globo.com\/ba\/bahia\/cidade\/ilheus\/\">Ilh\u00e9us<\/a>, no sul da Bahia, com marcas de perfura\u00e7\u00f5es nos olhos, pesco\u00e7o, costas e t\u00f3rax. A v\u00edtima foi achada na ter\u00e7a (6) e identificada nesta quarta-feira (7).<\/p>\n<\/div>\n<\/div>\n<div class=\"wall protected-content\">\n<div id=\"chunk-30u1r\">\n<div class=\"mc-column content-text active-extra-styles \" data-block-type=\"unstyled\" data-block-weight=\"27\" data-block-id=\"5\">\n<p class=\"content-text__container \" data-track-category=\"Link no Texto\" data-track-links=\"\">A v\u00edtima foi identificada como Wellington de Oliveira, de 25 anos. Segundo a Pol\u00edcia Civil, o corpo dele foi encaminhado para o Departamento de Pol\u00edcia T\u00e9cnica (DPT).<\/p>\n<\/div>\n<\/div>\n<div id=\"chunk-c8g2a\">\n<div class=\"mc-column content-text active-extra-styles \" data-block-type=\"unstyled\" data-block-weight=\"20\" data-block-id=\"6\">\n<p class=\"content-text__container \" data-track-category=\"Link no Texto\" data-track-links=\"\">Ainda conforme foi informado pela pol\u00edcia, ainda n\u00e3o h\u00e1 informa\u00e7\u00f5es sobre a motiva\u00e7\u00e3o, nem sobre a autoria do crime.<\/p>\n<\/div>\n<\/div>\n<\/div>\n<\/article>\n<\/div>\n","protected":false},"excerpt":{"rendered":"<p>Corpo de homem \u00e9 encontrado em manguezal no sul da Bahia O corpo de um homem foi encontrado em um manguezal em\u00a0Ilh\u00e9us, no sul da Bahia, com marcas de perfura\u00e7\u00f5es nos olhos, pesco\u00e7o, costas e t\u00f3rax. A v\u00edtima foi achada na ter\u00e7a (6) e identificada nesta quarta-feira (7). A v\u00edtima foi identificada como Wellington de [&hellip;]<\/p>\n","protected":false},"author":2,"featured_media":0,"comment_status":"open","ping_status":"open","sticky":false,"template":"","format":"standard","meta":{"_links_to":"","_links_to_target":""},"categories":[1],"tags":[],"_links":{"self":[{"href":"https:\/\/www.ilheusnoticias.net.br\/v1\/wp-json\/wp\/v2\/posts\/32182"}],"collection":[{"href":"https:\/\/www.ilheusnoticias.net.br\/v1\/wp-json\/wp\/v2\/posts"}],"about":[{"href":"https:\/\/www.ilheusnoticias.net.br\/v1\/wp-json\/wp\/v2\/types\/post"}],"author":[{"embeddable":true,"href":"https:\/\/www.ilheusnoticias.net.br\/v1\/wp-json\/wp\/v2\/users\/2"}],"replies":[{"embeddable":true,"href":"https:\/\/www.ilheusnoticias.net.br\/v1\/wp-json\/wp\/v2\/comments?post=32182"}],"version-history":[{"count":1,"href":"https:\/\/www.ilheusnoticias.net.br\/v1\/wp-json\/wp\/v2\/posts\/32182\/revisions"}],"predecessor-version":[{"id":32183,"href":"https:\/\/www.ilheusnoticias.net.br\/v1\/wp-json\/wp\/v2\/posts\/32182\/revisions\/32183"}],"wp:attachment":[{"href":"https:\/\/www.ilheusnoticias.net.br\/v1\/wp-json\/wp\/v2\/media?parent=32182"}],"wp:term":[{"taxonomy":"category","embeddable":true,"href":"https:\/\/www.ilheusnoticias.net.br\/v1\/wp-json\/wp\/v2\/categories?post=32182"},{"taxonomy":"post_tag","embeddable":true,"href":"https:\/\/www.ilheusnoticias.net.br\/v1\/wp-json\/wp\/v2\/tags?post=32182"}],"curies":[{"name":"wp","href":"https:\/\/api.w.org\/{rel}","templated":true}]}}