{"id":32178,"date":"2023-06-08T11:59:52","date_gmt":"2023-06-08T14:59:52","guid":{"rendered":"https:\/\/www.ilheusnoticias.net.br\/v1\/?p=32178"},"modified":"2023-06-08T11:59:52","modified_gmt":"2023-06-08T14:59:52","slug":"jeronimo-participa-de-encerramento-da-conferencia-estadual-de-saude","status":"publish","type":"post","link":"https:\/\/www.ilheusnoticias.net.br\/v1\/2023\/06\/08\/jeronimo-participa-de-encerramento-da-conferencia-estadual-de-saude\/","title":{"rendered":"Jer\u00f4nimo participa de encerramento da Confer\u00eancia Estadual de Sa\u00fade"},"content":{"rendered":"<div class=\"PostContent\">\n<p><img loading=\"lazy\" class=\"aligncenter wp-image-151233\" src=\"https:\/\/www.blogdothame.blog.br\/v1\/wp-content\/uploads\/2023\/06\/evento-saude-2.jpg\" sizes=\"(max-width: 386px) 100vw, 386px\" srcset=\"https:\/\/www.blogdothame.blog.br\/v1\/wp-content\/uploads\/2023\/06\/evento-saude-2.jpg 600w, https:\/\/www.blogdothame.blog.br\/v1\/wp-content\/uploads\/2023\/06\/evento-saude-2-300x200.jpg 300w\" alt=\"\" width=\"386\" height=\"257\" \/><\/p>\n<p>O governador Jer\u00f4nimo Rodrigues participou,\u00a0 do terceiro e \u00faltimo dia da 11\u00aa Confer\u00eancia Estadual de Sa\u00fade. Realizada na Arena Fonte Nova, em Salvador, a confer\u00eancia foi promovida pela Secretaria da Sa\u00fade (Sesab) em parceria com o Conselho Estadual de Sa\u00fade (CES). O evento, que acontece a cada quatro anos, \u00e9 um dos mais importantes espa\u00e7os de di\u00e1logo entre governo e sociedade para a constru\u00e7\u00e3o das pol\u00edticas p\u00fablicas do Sistema \u00danico de Sa\u00fade (SUS).<\/p>\n<p><img loading=\"lazy\" class=\"aligncenter wp-image-151234\" src=\"https:\/\/www.blogdothame.blog.br\/v1\/wp-content\/uploads\/2023\/06\/evento-saude-3.jpg\" sizes=\"(max-width: 423px) 100vw, 423px\" srcset=\"https:\/\/www.blogdothame.blog.br\/v1\/wp-content\/uploads\/2023\/06\/evento-saude-3.jpg 600w, https:\/\/www.blogdothame.blog.br\/v1\/wp-content\/uploads\/2023\/06\/evento-saude-3-300x200.jpg 300w\" alt=\"\" width=\"423\" height=\"282\" \/><\/p>\n<p>O governador pontuou a relev\u00e2ncia da confer\u00eancia para a estrutura\u00e7\u00e3o do sistema de sa\u00fade a partir das necessidades das diversas inst\u00e2ncias do pa\u00eds. \u201cO Estado brasileiro voltou, e uma das formas de demonstrar isso \u00e9 realizando uma confer\u00eancia de sa\u00fade para aprofundar, discutir com diversos segmentos o que est\u00e1 acontecendo, e planejar o que, e como, n\u00f3s queremos da sa\u00fade. Isso, naturalmente, determinar\u00e1 muito fortemente os caminhos do SUS\u201d, declarou Jer\u00f4nimo.<\/p>\n<p><img loading=\"lazy\" class=\"aligncenter wp-image-151235\" src=\"https:\/\/www.blogdothame.blog.br\/v1\/wp-content\/uploads\/2023\/06\/eeev-saude.jpg\" sizes=\"(max-width: 420px) 100vw, 420px\" srcset=\"https:\/\/www.blogdothame.blog.br\/v1\/wp-content\/uploads\/2023\/06\/eeev-saude.jpg 600w, https:\/\/www.blogdothame.blog.br\/v1\/wp-content\/uploads\/2023\/06\/eeev-saude-300x206.jpg 300w\" alt=\"\" width=\"420\" height=\"288\" \/><\/p>\n<p>A confer\u00eancia deste ano trouxe o tema \u2018Garantir direitos e defender o SUS, a vida e a democracia \u2013 Amanh\u00e3 vai ser outro dia\u2019. A iniciativa j\u00e1 est\u00e1 consolidada como um importante espa\u00e7o de di\u00e1logo entre governo e sociedade para a constru\u00e7\u00e3o das pol\u00edticas p\u00fablicas do SUS. Nesta quarta-feira, a confer\u00eancia encerrou sua programa\u00e7\u00e3o com uma plen\u00e1ria final para elei\u00e7\u00e3o de propostas, que ser\u00e3o apresentadas na Confer\u00eancia Nacional, que acontecer\u00e1 em julho, em Bras\u00edlia, com a participa\u00e7\u00e3o de 180 delegados baianos.<\/p>\n<\/div>\n","protected":false},"excerpt":{"rendered":"<p>O governador Jer\u00f4nimo Rodrigues participou,\u00a0 do terceiro e \u00faltimo dia da 11\u00aa Confer\u00eancia Estadual de Sa\u00fade. Realizada na Arena Fonte Nova, em Salvador, a confer\u00eancia foi promovida pela Secretaria da Sa\u00fade (Sesab) em parceria com o Conselho Estadual de Sa\u00fade (CES). O evento, que acontece a cada quatro anos, \u00e9 um dos mais importantes espa\u00e7os [&hellip;]<\/p>\n","protected":false},"author":2,"featured_media":0,"comment_status":"open","ping_status":"open","sticky":false,"template":"","format":"standard","meta":{"_links_to":"","_links_to_target":""},"categories":[1],"tags":[],"_links":{"self":[{"href":"https:\/\/www.ilheusnoticias.net.br\/v1\/wp-json\/wp\/v2\/posts\/32178"}],"collection":[{"href":"https:\/\/www.ilheusnoticias.net.br\/v1\/wp-json\/wp\/v2\/posts"}],"about":[{"href":"https:\/\/www.ilheusnoticias.net.br\/v1\/wp-json\/wp\/v2\/types\/post"}],"author":[{"embeddable":true,"href":"https:\/\/www.ilheusnoticias.net.br\/v1\/wp-json\/wp\/v2\/users\/2"}],"replies":[{"embeddable":true,"href":"https:\/\/www.ilheusnoticias.net.br\/v1\/wp-json\/wp\/v2\/comments?post=32178"}],"version-history":[{"count":1,"href":"https:\/\/www.ilheusnoticias.net.br\/v1\/wp-json\/wp\/v2\/posts\/32178\/revisions"}],"predecessor-version":[{"id":32179,"href":"https:\/\/www.ilheusnoticias.net.br\/v1\/wp-json\/wp\/v2\/posts\/32178\/revisions\/32179"}],"wp:attachment":[{"href":"https:\/\/www.ilheusnoticias.net.br\/v1\/wp-json\/wp\/v2\/media?parent=32178"}],"wp:term":[{"taxonomy":"category","embeddable":true,"href":"https:\/\/www.ilheusnoticias.net.br\/v1\/wp-json\/wp\/v2\/categories?post=32178"},{"taxonomy":"post_tag","embeddable":true,"href":"https:\/\/www.ilheusnoticias.net.br\/v1\/wp-json\/wp\/v2\/tags?post=32178"}],"curies":[{"name":"wp","href":"https:\/\/api.w.org\/{rel}","templated":true}]}}