{"id":32168,"date":"2023-06-07T13:48:49","date_gmt":"2023-06-07T16:48:49","guid":{"rendered":"https:\/\/www.ilheusnoticias.net.br\/v1\/?p=32168"},"modified":"2023-06-07T13:48:49","modified_gmt":"2023-06-07T16:48:49","slug":"justica-condena-empresa-de-transporte-a-indenizar-familia-de-rodoviario-da-ba-morto-apos-contrair-covid-19-no-trabalho","status":"publish","type":"post","link":"https:\/\/www.ilheusnoticias.net.br\/v1\/2023\/06\/07\/justica-condena-empresa-de-transporte-a-indenizar-familia-de-rodoviario-da-ba-morto-apos-contrair-covid-19-no-trabalho\/","title":{"rendered":"Justi\u00e7a condena empresa de transporte a indenizar fam\u00edlia de rodovi\u00e1rio da BA morto ap\u00f3s contrair Covid-19 no trabalho"},"content":{"rendered":"<div class=\"row content-head non-featured \">\n<div class=\"title\" data-block-type=\"title\" data-block-id=\"0\"><\/div>\n<div class=\"medium-centered subtitle\"><\/div>\n<\/div>\n<div class=\"mc-article-body\">\n<article>\n<div id=\"chunk-50jum\">\n<div class=\"row medium-uncollapsed content-media content-photo\" data-block-type=\"backstage-photo\" data-block-id=\"1\">\n<div class=\" mc-column  content-media__container\">\n<div class=\"content-media-container glb-skeleton-box\">\n<figure class=\"content-media-figure\"><img class=\"i-amphtml-fill-content i-amphtml-replaced-content\" src=\"https:\/\/s2-g1.glbimg.com\/-Eb6MQM21LzBDsS074Ve7ecIUZM=\/0x0:620x465\/984x0\/smart\/filters:strip_icc()\/s.glbimg.com\/jo\/g1\/f\/original\/2016\/03\/30\/trt_turnao.jpg\" sizes=\"(max-width: 1707px) 648px, 100vw\" srcset=\"https:\/\/s2-g1.glbimg.com\/xtfoH8bbbu5c7qpgFmLX6uTkyR4=\/0x0:620x465\/1000x0\/smart\/filters:strip_icc()\/s.glbimg.com\/jo\/g1\/f\/original\/2016\/03\/30\/trt_turnao.jpg 1000w, https:\/\/s2-g1.glbimg.com\/-Eb6MQM21LzBDsS074Ve7ecIUZM=\/0x0:620x465\/984x0\/smart\/filters:strip_icc()\/s.glbimg.com\/jo\/g1\/f\/original\/2016\/03\/30\/trt_turnao.jpg 984w, https:\/\/s2-g1.glbimg.com\/WJQW2P3NMqguL5N1oFse55fDXiA=\/0x0:620x465\/640x0\/smart\/filters:strip_icc()\/s.glbimg.com\/jo\/g1\/f\/original\/2016\/03\/30\/trt_turnao.jpg 640w, https:\/\/s2-g1.glbimg.com\/SPQK7IcDZfCAhxP742CB0j1syLU=\/0x0:620x465\/600x0\/smart\/filters:strip_icc()\/s.glbimg.com\/jo\/g1\/f\/original\/2016\/03\/30\/trt_turnao.jpg 600w\" alt=\"TRT da 5\u00aa Regi\u00e3o implanta turn\u00e3o na Bahia \u2014 Foto: Reprodu\u00e7\u00e3o\/TV Bahia\" \/><\/figure>\n<\/div>\n<p class=\"content-media__description  \">TRT da 5\u00aa Regi\u00e3o implanta turn\u00e3o na Bahia \u2014 Foto: Reprodu\u00e7\u00e3o\/TV Bahia<\/p>\n<\/div>\n<\/div>\n<\/div>\n<div id=\"chunk-bdnij\">\n<div class=\"mc-column content-text active-extra-styles \" data-block-type=\"unstyled\" data-block-weight=\"41\" data-block-id=\"3\">\n<p class=\"content-text__container \" data-track-category=\"Link no Texto\" data-track-links=\"\">A Justi\u00e7a do Trabalho, por meio do Tribunal Regional do Trabalho da 5\u00aa Regi\u00e3o (TRT-5), condenou a empresa Univale Transportes a indenizar em R$ 170 mil a fam\u00edlia de um rodovi\u00e1rio de\u00a0<a class=\"\" href=\"https:\/\/g1.globo.com\/ba\/bahia\/cidade\/salvador\/\">Salvador<\/a>\u00a0que morreu ap\u00f3s contrair Covid-19 durante o servi\u00e7o.<\/p>\n<\/div>\n<\/div>\n<div class=\"wall protected-content\">\n<div id=\"chunk-amvn0\">\n<div class=\"mc-column content-text active-extra-styles \" data-block-type=\"unstyled\" data-block-weight=\"47\" data-block-id=\"4\">\n<p class=\"content-text__container \" data-track-category=\"Link no Texto\" data-track-links=\"\">O\u00a0<a class=\"\" href=\"https:\/\/g1.globo.com\/ba\/bahia\/\">g1\u00a0<\/a>entrou em contato com a empresa por telefone, que ficou de se posicionar sobre o caso. Para fixar a indeniza\u00e7\u00e3o, o TRT-5 considerou o fato de que os autores da a\u00e7\u00e3o, a esposa e filhos do trabalhador eram dependentes financeiros dele. Eles tamb\u00e9m receber\u00e3o pens\u00e3o.<\/p>\n<\/div>\n<\/div>\n<div id=\"chunk-6nj72\">\n<div class=\"mc-column content-text active-extra-styles \" data-block-type=\"unstyled\" data-block-weight=\"51\" data-block-id=\"5\">\n<p class=\"content-text__container \" data-track-category=\"Link no Texto\" data-track-links=\"\">A Justi\u00e7a entendeu que o rodovi\u00e1rio foi exposto a risco acentuado de cont\u00e1gio da doen\u00e7a durante a pandemia, porque a Univale Transportes n\u00e3o cumpriu todas as medidas de higiene e seguran\u00e7a. A decis\u00e3o afirma que o rodovi\u00e1rio tinha contato di\u00e1rio com passageiros em ve\u00edculos com lota\u00e7\u00e3o acima da permitida.<\/p>\n<\/div>\n<\/div>\n<div id=\"chunk-aocd0\">\n<div class=\"mc-column content-text active-extra-styles \" data-block-type=\"unstyled\" data-block-weight=\"53\" data-block-id=\"7\">\n<p class=\"content-text__container \" data-track-category=\"Link no Texto\" data-track-links=\"\">A defesa da fam\u00edlia alega que a Univale Transportes n\u00e3o forneceu equipamento de prote\u00e7\u00e3o individual (EPI) indispens\u00e1vel para minimizar o cont\u00e1gio enquanto o rodovi\u00e1rio trabalhava. A empresa disse, no entanto, ter implantado diversos procedimentos de preven\u00e7\u00e3o e cuidados, especialmente no que concerne aos aspectos da jornada, seguran\u00e7a, medicina e meio ambiente de trabalho.<\/p>\n<\/div>\n<\/div>\n<div class=\"mc-column content-text active-extra-styles\" data-block-type=\"raw\" data-block-weight=\"3\" data-block-id=\"8\">\n<p class=\"content-text__container\">\n<div class=\"content-intertitle\">\n<h2>Indeniza\u00e7\u00f5es e pens\u00e3o<\/h2>\n<\/div>\n<p>&nbsp;<\/p>\n<\/div>\n<div id=\"chunk-e1imp\">\n<div class=\"mc-column content-text active-extra-styles \" data-block-type=\"unstyled\" data-block-weight=\"49\" data-block-id=\"9\">\n<p class=\"content-text__container \" data-track-category=\"Link no Texto\" data-track-links=\"\">Com isso, a indeniza\u00e7\u00e3o ficou dividida em: R$ 100 mil para a esposa e para a filha adolescente de 16 anos, sendo R$ 50 mil para cada. Al\u00e9m disso, outros dois filhos, de 20 e 30 anos, ser\u00e3o indenizados em R$ 70 mil, sendo R$35 mil para cada.<\/p>\n<\/div>\n<\/div>\n<div id=\"chunk-ca71f\">\n<div class=\"mc-column content-text active-extra-styles \" data-block-type=\"unstyled\" data-block-weight=\"44\" data-block-id=\"10\">\n<p class=\"content-text__container \" data-track-category=\"Link no Texto\" data-track-links=\"\">A fam\u00edlia tamb\u00e9m ser\u00e1 benefici\u00e1ria de pens\u00e3o correspondente ao total de 2\/3 da \u00faltima remunera\u00e7\u00e3o do rodovi\u00e1rio, com os reajustes da categoria profissional, incluindo gratifica\u00e7\u00e3o natalina. O benef\u00edcio ser\u00e1 concedido aos filhos de 16 e 20 anos receber\u00e3o a pens\u00e3o at\u00e9 completarem 25 anos.<\/p>\n<\/div>\n<\/div>\n<div id=\"chunk-cmnq4\">\n<div class=\"mc-column content-text active-extra-styles \" data-block-type=\"unstyled\" data-block-weight=\"36\" data-block-id=\"11\">\n<p class=\"content-text__container \" data-track-category=\"Link no Texto\" data-track-links=\"\">A esposa do rodovi\u00e1rio tamb\u00e9m receber\u00e1 a pens\u00e3o at\u00e9 os 77 anos de idade, limite estabelecido pela expectativa de vida do brasileiro em 2021, conforme tabela oficial do Instituto Brasileiro de Geografia e Estat\u00edstica (IBGE).<\/p>\n<\/div>\n<\/div>\n<\/div>\n<\/article>\n<\/div>\n","protected":false},"excerpt":{"rendered":"<p>TRT da 5\u00aa Regi\u00e3o implanta turn\u00e3o na Bahia \u2014 Foto: Reprodu\u00e7\u00e3o\/TV Bahia A Justi\u00e7a do Trabalho, por meio do Tribunal Regional do Trabalho da 5\u00aa Regi\u00e3o (TRT-5), condenou a empresa Univale Transportes a indenizar em R$ 170 mil a fam\u00edlia de um rodovi\u00e1rio de\u00a0Salvador\u00a0que morreu ap\u00f3s contrair Covid-19 durante o servi\u00e7o. O\u00a0g1\u00a0entrou em contato com [&hellip;]<\/p>\n","protected":false},"author":2,"featured_media":0,"comment_status":"open","ping_status":"open","sticky":false,"template":"","format":"standard","meta":{"_links_to":"","_links_to_target":""},"categories":[1],"tags":[],"_links":{"self":[{"href":"https:\/\/www.ilheusnoticias.net.br\/v1\/wp-json\/wp\/v2\/posts\/32168"}],"collection":[{"href":"https:\/\/www.ilheusnoticias.net.br\/v1\/wp-json\/wp\/v2\/posts"}],"about":[{"href":"https:\/\/www.ilheusnoticias.net.br\/v1\/wp-json\/wp\/v2\/types\/post"}],"author":[{"embeddable":true,"href":"https:\/\/www.ilheusnoticias.net.br\/v1\/wp-json\/wp\/v2\/users\/2"}],"replies":[{"embeddable":true,"href":"https:\/\/www.ilheusnoticias.net.br\/v1\/wp-json\/wp\/v2\/comments?post=32168"}],"version-history":[{"count":1,"href":"https:\/\/www.ilheusnoticias.net.br\/v1\/wp-json\/wp\/v2\/posts\/32168\/revisions"}],"predecessor-version":[{"id":32169,"href":"https:\/\/www.ilheusnoticias.net.br\/v1\/wp-json\/wp\/v2\/posts\/32168\/revisions\/32169"}],"wp:attachment":[{"href":"https:\/\/www.ilheusnoticias.net.br\/v1\/wp-json\/wp\/v2\/media?parent=32168"}],"wp:term":[{"taxonomy":"category","embeddable":true,"href":"https:\/\/www.ilheusnoticias.net.br\/v1\/wp-json\/wp\/v2\/categories?post=32168"},{"taxonomy":"post_tag","embeddable":true,"href":"https:\/\/www.ilheusnoticias.net.br\/v1\/wp-json\/wp\/v2\/tags?post=32168"}],"curies":[{"name":"wp","href":"https:\/\/api.w.org\/{rel}","templated":true}]}}