{"id":32164,"date":"2023-06-07T13:43:29","date_gmt":"2023-06-07T16:43:29","guid":{"rendered":"https:\/\/www.ilheusnoticias.net.br\/v1\/?p=32164"},"modified":"2023-06-07T13:43:29","modified_gmt":"2023-06-07T16:43:29","slug":"jeronimo-e-lula-participam-da-abertura-da-bahia-farm-show-que-espera-movimentar-r-8-bilhoes-em-negocios","status":"publish","type":"post","link":"https:\/\/www.ilheusnoticias.net.br\/v1\/2023\/06\/07\/jeronimo-e-lula-participam-da-abertura-da-bahia-farm-show-que-espera-movimentar-r-8-bilhoes-em-negocios\/","title":{"rendered":"Jer\u00f4nimo e Lula participam da abertura da Bahia Farm Show, que espera movimentar R$ 8 bilh\u00f5es em neg\u00f3cios"},"content":{"rendered":"<div class=\"PostHeaderIcons metadata-icons\"><\/div>\n<div class=\"PostContent\">\n<p><img loading=\"lazy\" class=\"aligncenter wp-image-151174\" src=\"https:\/\/www.blogdothame.blog.br\/v1\/wp-content\/uploads\/2023\/06\/bahia-farm-2.jpg\" sizes=\"(max-width: 434px) 100vw, 434px\" srcset=\"https:\/\/www.blogdothame.blog.br\/v1\/wp-content\/uploads\/2023\/06\/bahia-farm-2.jpg 600w, https:\/\/www.blogdothame.blog.br\/v1\/wp-content\/uploads\/2023\/06\/bahia-farm-2-300x200.jpg 300w\" alt=\"\" width=\"434\" height=\"289\" \/><\/p>\n<p>Maior feira de agroneg\u00f3cio do Norte e Nordeste, a 17\u00aa edi\u00e7\u00e3o da Bahia Farm Show foi aberta oficialmente, no munic\u00edpio de Lu\u00eds Eduardo Magalh\u00e3es, com as presen\u00e7as do governador Jer\u00f4nimo Rodrigues, do presidente Luiz In\u00e1cio Lula da Silva, do ministro da Casa Civil, Rui Costa e outras autoridades. A comitiva visitou o espa\u00e7o onde, at\u00e9 o pr\u00f3ximo s\u00e1bado (10), ser\u00e3o realizados neg\u00f3cios de maquin\u00e1rio, fertilizantes, tecnologia agr\u00edcolas e outros itens. A expectativa \u00e9 superar os R$ 8 bilh\u00f5es em neg\u00f3cios e o p\u00fablico de 120 mil visitantes da edi\u00e7\u00e3o passada.<\/p>\n<p><img loading=\"lazy\" class=\"aligncenter wp-image-151175\" src=\"https:\/\/www.blogdothame.blog.br\/v1\/wp-content\/uploads\/2023\/06\/bahia-farm-3.jpg\" sizes=\"(max-width: 410px) 100vw, 410px\" srcset=\"https:\/\/www.blogdothame.blog.br\/v1\/wp-content\/uploads\/2023\/06\/bahia-farm-3.jpg 600w, https:\/\/www.blogdothame.blog.br\/v1\/wp-content\/uploads\/2023\/06\/bahia-farm-3-300x200.jpg 300w\" alt=\"\" width=\"410\" height=\"273\" \/><\/p>\n<p>Jer\u00f4nimo destacou a for\u00e7a do agroneg\u00f3cio baiano. \u201cN\u00f3s temos aqui um agro muito forte, no Extremo-Sul, no Norte, na Chapada. N\u00f3s temos o prazer de ter um clima bom, um solo bom, um len\u00e7ol fre\u00e1tico bom. Bastou que juntassem empres\u00e1rios e trabalhadores de v\u00e1rias partes do pa\u00eds, para que juntos, n\u00f3s tiv\u00e9ssemos a oportunidade de colocar o Brasil entre os maiores produtores e exportadores do setor agr\u00edcola\u201d.<\/p>\n<p>&nbsp;<\/p>\n<div id=\"attachment_151183\" class=\"wp-caption aligncenter\"><img loading=\"lazy\" class=\" wp-image-151183\" src=\"https:\/\/www.blogdothame.blog.br\/v1\/wp-content\/uploads\/2023\/06\/barhia-farm-cho.jpg\" sizes=\"(max-width: 410px) 100vw, 410px\" srcset=\"https:\/\/www.blogdothame.blog.br\/v1\/wp-content\/uploads\/2023\/06\/barhia-farm-cho.jpg 600w, https:\/\/www.blogdothame.blog.br\/v1\/wp-content\/uploads\/2023\/06\/barhia-farm-cho-300x191.jpg 300w\" alt=\"\" width=\"410\" height=\"261\" aria-describedby=\"caption-attachment-151183\" \/><\/p>\n<p id=\"caption-attachment-151183\" class=\"wp-caption-text\">No espa\u00e7o da agricultura familiar, Lula e Jer\u00f4nimo conferem os chocolates de origem produzidos no Sul da Bahia<\/p>\n<\/div>\n<p>O governador falou ainda da import\u00e2ncia e for\u00e7a do pequeno produtor e de atitudes para preservar a paz no campo. \u201cA presen\u00e7a do presidente \u00e9 um chamado pela unidade. N\u00f3s precisamos produzir com paz no campo. Ontem, na reuni\u00e3o com a dire\u00e7\u00e3o do agroneg\u00f3cio baiano, com os segmentos representativos do agro, eu me coloquei \u00e0 disposi\u00e7\u00e3o. Eu sei que n\u00f3s temos a chancela de falar em seu nome para promover o di\u00e1logo, para que a pacifica\u00e7\u00e3o no campo seja dada para fortalecer a imagem de um Brasil que conhecemos\u201d.<\/p>\n<\/div>\n","protected":false},"excerpt":{"rendered":"<p>Maior feira de agroneg\u00f3cio do Norte e Nordeste, a 17\u00aa edi\u00e7\u00e3o da Bahia Farm Show foi aberta oficialmente, no munic\u00edpio de Lu\u00eds Eduardo Magalh\u00e3es, com as presen\u00e7as do governador Jer\u00f4nimo Rodrigues, do presidente Luiz In\u00e1cio Lula da Silva, do ministro da Casa Civil, Rui Costa e outras autoridades. A comitiva visitou o espa\u00e7o onde, at\u00e9 [&hellip;]<\/p>\n","protected":false},"author":2,"featured_media":0,"comment_status":"open","ping_status":"open","sticky":false,"template":"","format":"standard","meta":{"_links_to":"","_links_to_target":""},"categories":[1],"tags":[],"_links":{"self":[{"href":"https:\/\/www.ilheusnoticias.net.br\/v1\/wp-json\/wp\/v2\/posts\/32164"}],"collection":[{"href":"https:\/\/www.ilheusnoticias.net.br\/v1\/wp-json\/wp\/v2\/posts"}],"about":[{"href":"https:\/\/www.ilheusnoticias.net.br\/v1\/wp-json\/wp\/v2\/types\/post"}],"author":[{"embeddable":true,"href":"https:\/\/www.ilheusnoticias.net.br\/v1\/wp-json\/wp\/v2\/users\/2"}],"replies":[{"embeddable":true,"href":"https:\/\/www.ilheusnoticias.net.br\/v1\/wp-json\/wp\/v2\/comments?post=32164"}],"version-history":[{"count":1,"href":"https:\/\/www.ilheusnoticias.net.br\/v1\/wp-json\/wp\/v2\/posts\/32164\/revisions"}],"predecessor-version":[{"id":32165,"href":"https:\/\/www.ilheusnoticias.net.br\/v1\/wp-json\/wp\/v2\/posts\/32164\/revisions\/32165"}],"wp:attachment":[{"href":"https:\/\/www.ilheusnoticias.net.br\/v1\/wp-json\/wp\/v2\/media?parent=32164"}],"wp:term":[{"taxonomy":"category","embeddable":true,"href":"https:\/\/www.ilheusnoticias.net.br\/v1\/wp-json\/wp\/v2\/categories?post=32164"},{"taxonomy":"post_tag","embeddable":true,"href":"https:\/\/www.ilheusnoticias.net.br\/v1\/wp-json\/wp\/v2\/tags?post=32164"}],"curies":[{"name":"wp","href":"https:\/\/api.w.org\/{rel}","templated":true}]}}