{"id":32160,"date":"2023-06-07T13:41:17","date_gmt":"2023-06-07T16:41:17","guid":{"rendered":"https:\/\/www.ilheusnoticias.net.br\/v1\/?p=32160"},"modified":"2023-06-07T13:41:17","modified_gmt":"2023-06-07T16:41:17","slug":"prefeitura-de-ilheus-decreta-feriado-de-corpus-christi-nesta-quinta-feira-8","status":"publish","type":"post","link":"https:\/\/www.ilheusnoticias.net.br\/v1\/2023\/06\/07\/prefeitura-de-ilheus-decreta-feriado-de-corpus-christi-nesta-quinta-feira-8\/","title":{"rendered":"Prefeitura de Ilh\u00e9us decreta feriado de Corpus Christi nesta quinta-feira (8)"},"content":{"rendered":"<div class=\"imagem thumbnail col-xs-12 col-sm-8 col-md-6 col-lg-6 imagem-materia\"><a class=\"fresco\" title=\"\" href=\"https:\/\/portalfacilarquivos.blob.core.windows.net\/uploads\/ILHEUS\/imgOrig\/%7BD7A7DAB1-AD35-BCD4-ABCE-1AB2C07A1EBC%7D.jpg\" data-fresco-caption=\"\"><img loading=\"lazy\" src=\"https:\/\/portalfacilarquivos.blob.core.windows.net\/uploads\/ILHEUS\/img\/%7BD7A7DAB1-AD35-BCD4-ABCE-1AB2C07A1EBC%7D\/%7BD7A7DAB1-AD35-BCD4-ABCE-1AB2C07A1EBC%7D_450X650.jpg\" alt=\"corpus christi\" width=\"450\" height=\"650\" \/><\/a>A Prefeitura de Ilh\u00e9us informa que nesta quinta-feira (8) as reparti\u00e7\u00f5es p\u00fablicas municipais n\u00e3o funcionar\u00e3o, em virtude do feriado de Corpus Christi, parte do calend\u00e1rio oficial que considera o dia santo como data m\u00f3vel. O decreto municipal tem como base a Lei Federal n\u00ba 662\/49.<\/p>\n<\/div>\n<p>As datas dever\u00e3o ser observadas pelos \u00f3rg\u00e3os e entidades da administra\u00e7\u00e3o p\u00fablica direta e indireta, sem comprometimento dos servi\u00e7os considerados de natureza essencial.<\/p>\n<p>A popula\u00e7\u00e3o precisa ficar atenta ao calend\u00e1rio previamente definido, j\u00e1 que devido ao\u00a0feriado municipal n\u00e3o haver\u00e1 expediente nos \u00f3rg\u00e3os p\u00fablicos, com exce\u00e7\u00e3o das atividades\u00a0essenciais.<\/p>\n<p><strong>Solenidade de Corpus Christi \u2013<\/strong>\u00a0De acordo com a Diocese de Ilh\u00e9us, haver\u00e1 missa\u00a0nas 14 par\u00f3quias da cidade no per\u00edodo da manh\u00e3. A partir das 14h, os fi\u00e9is iniciam a arruma\u00e7\u00e3o dos tapetes para a celebra\u00e7\u00e3o na Avenida Soares Lopes. A programa\u00e7\u00e3o segue \u00e0s 16h, com passagem da prociss\u00e3o do Sant\u00edssimo Sacramento, da Avenida at\u00e9 a Catedral de S\u00e3o Sebasti\u00e3o. O ato solene ser\u00e1 presidido pelo bispo Dom Giovanni Crippa.<\/p>\n<p>O calend\u00e1rio est\u00e1 dispon\u00edvel no Di\u00e1rio Oficial.\u00a0<strong><a href=\"https:\/\/www.ilheus.ba.gov.br\/abrir_arquivo.aspx\/Calendario_de_Feriados_e_Pontos_Facultativos_Ilheus__2023?cdLocal=2&amp;arquivo={AEE4AACA-BEAC-CCDA-681E-8CD35312683D}.pdf\" target=\"_blank\" rel=\"noopener\">Clique aqui e confira\u00a0os feriados e pontos\u00a0facultativos divididos por m\u00eas e data.<\/a><\/strong><\/p>\n","protected":false},"excerpt":{"rendered":"<p>A Prefeitura de Ilh\u00e9us informa que nesta quinta-feira (8) as reparti\u00e7\u00f5es p\u00fablicas municipais n\u00e3o funcionar\u00e3o, em virtude do feriado de Corpus Christi, parte do calend\u00e1rio oficial que considera o dia santo como data m\u00f3vel. O decreto municipal tem como base a Lei Federal n\u00ba 662\/49. As datas dever\u00e3o ser observadas pelos \u00f3rg\u00e3os e entidades da [&hellip;]<\/p>\n","protected":false},"author":2,"featured_media":0,"comment_status":"open","ping_status":"open","sticky":false,"template":"","format":"standard","meta":{"_links_to":"","_links_to_target":""},"categories":[1],"tags":[],"_links":{"self":[{"href":"https:\/\/www.ilheusnoticias.net.br\/v1\/wp-json\/wp\/v2\/posts\/32160"}],"collection":[{"href":"https:\/\/www.ilheusnoticias.net.br\/v1\/wp-json\/wp\/v2\/posts"}],"about":[{"href":"https:\/\/www.ilheusnoticias.net.br\/v1\/wp-json\/wp\/v2\/types\/post"}],"author":[{"embeddable":true,"href":"https:\/\/www.ilheusnoticias.net.br\/v1\/wp-json\/wp\/v2\/users\/2"}],"replies":[{"embeddable":true,"href":"https:\/\/www.ilheusnoticias.net.br\/v1\/wp-json\/wp\/v2\/comments?post=32160"}],"version-history":[{"count":1,"href":"https:\/\/www.ilheusnoticias.net.br\/v1\/wp-json\/wp\/v2\/posts\/32160\/revisions"}],"predecessor-version":[{"id":32161,"href":"https:\/\/www.ilheusnoticias.net.br\/v1\/wp-json\/wp\/v2\/posts\/32160\/revisions\/32161"}],"wp:attachment":[{"href":"https:\/\/www.ilheusnoticias.net.br\/v1\/wp-json\/wp\/v2\/media?parent=32160"}],"wp:term":[{"taxonomy":"category","embeddable":true,"href":"https:\/\/www.ilheusnoticias.net.br\/v1\/wp-json\/wp\/v2\/categories?post=32160"},{"taxonomy":"post_tag","embeddable":true,"href":"https:\/\/www.ilheusnoticias.net.br\/v1\/wp-json\/wp\/v2\/tags?post=32160"}],"curies":[{"name":"wp","href":"https:\/\/api.w.org\/{rel}","templated":true}]}}