{"id":32158,"date":"2023-06-07T13:40:00","date_gmt":"2023-06-07T16:40:00","guid":{"rendered":"https:\/\/www.ilheusnoticias.net.br\/v1\/?p=32158"},"modified":"2023-06-07T13:40:00","modified_gmt":"2023-06-07T16:40:00","slug":"mario-alexandre-marca-presenca-na-posse-da-nova-mesa-diretora-da-atil","status":"publish","type":"post","link":"https:\/\/www.ilheusnoticias.net.br\/v1\/2023\/06\/07\/mario-alexandre-marca-presenca-na-posse-da-nova-mesa-diretora-da-atil\/","title":{"rendered":"M\u00e1rio Alexandre  marca presen\u00e7a na posse da nova mesa diretora da ATIL"},"content":{"rendered":"<div class=\"imagem thumbnail col-xs-12 col-sm-8 col-md-6 col-lg-6 imagem-materia\"><a class=\"fresco\" title=\"\" href=\"https:\/\/portalfacilarquivos.blob.core.windows.net\/uploads\/ILHEUS\/imgOrig\/%7BBCA0E1B8-BDC4-D0E6-BEC3-1257CDD764D4%7D.jpg\" data-fresco-caption=\"\"><img loading=\"lazy\" title=\"\" src=\"https:\/\/portalfacilarquivos.blob.core.windows.net\/uploads\/ILHEUS\/img\/%7BBCA0E1B8-BDC4-D0E6-BEC3-1257CDD764D4%7D\/%7BBCA0E1B8-BDC4-D0E6-BEC3-1257CDD764D4%7D_650X450.jpg\" alt=\"posse atil\" width=\"650\" height=\"450\" \/><\/a><\/div>\n<p>O prefeito M\u00e1rio Alexandre e o vice-prefeito Bebeto Galv\u00e3o prestigiaram na \u00faltima ter\u00e7a-feira (6), a cerim\u00f4nia de posse da nova diretoria da Associa\u00e7\u00e3o de Turismo de Ilh\u00e9us (ATIL) para o bi\u00eanio 2023\/2025. Assumiu a presid\u00eancia, o empres\u00e1rio e ex-secret\u00e1rio municipal de Turismo, Alcides Kruschewsky. A solenidade aconteceu no Opaba Praia Hotel e contou com as presen\u00e7as de ex-presidentes da entidade, empres\u00e1rios, representantes do Sebrae, da C\u00e2mara de Dirigentes Lojistas (CDL), trade tur\u00edstico e imprensa.<\/p>\n<p>Em seu discurso, o prefeito destacou a\u00a0import\u00e2ncia de congregar os setores ligados diretamente \u00e0 atividade tur\u00edstica.<\/p>\n<div class=\"imagem thumbnail col-xs-12 col-sm-8 col-md-6 col-lg-6 imagem-materia\"><a class=\"fresco\" title=\"\" href=\"https:\/\/portalfacilarquivos.blob.core.windows.net\/uploads\/ILHEUS\/imgOrig\/%7BDA1CABCB-C2BD-CAAB-6C23-CCDDBE6EB1E2%7D.jpg\" data-fresco-caption=\"\"><img loading=\"lazy\" title=\"\" src=\"https:\/\/portalfacilarquivos.blob.core.windows.net\/uploads\/ILHEUS\/img\/%7BDA1CABCB-C2BD-CAAB-6C23-CCDDBE6EB1E2%7D\/%7BDA1CABCB-C2BD-CAAB-6C23-CCDDBE6EB1E2%7D_650X450.jpg\" alt=\"posse atil\" width=\"650\" height=\"450\" \/><\/a><\/p>\n<p class=\"bg-primary\">\u201cA ATIL desempenha um papel crucial para fortalecer as a\u00e7\u00f5es de fomento ao setor. Parabenizo os ex-presidentes pelo servi\u00e7o prestado \u00e0 frente da associa\u00e7\u00e3o nos \u00faltimos anos e desejo sucesso ao novo dirigente, o querido amigo Alcides Kruschewsky. A Prefeitura est\u00e1 \u00e0 disposi\u00e7\u00e3o para continuar contribuindo com o desenvolvimento da cadeia produtiva do turismo. Ilh\u00e9us possui um rico patrim\u00f4nio hist\u00f3rico e cultural, apresentado ao mundo atrav\u00e9s do cacau, do chocolate, da literatura de Jorge Amado, das bel\u00edssimas praias, entre tantos outros atrativos que s\u00e3o verdadeiros cart\u00f5es de visita\u201d.<\/p>\n<\/div>\n<p>O gestor sempre se mostrou sens\u00edvel aos anseios da classe e junto ao trade busca a\u00e7\u00f5es que fomentem o crescimento econ\u00f4mico do munic\u00edpio. Bebeto Galv\u00e3o desejou sucesso e prof\u00edcuo trabalho aos novos dirigentes. &#8220;Firmamos parcerias pr\u00f3speras para que a matriz econ\u00f4mica tur\u00edstica, em sua cadeia de valores, continue crescendo, gerando emprego e renda para a nossa gente&#8221;, ressaltou.<\/p>\n<div class=\"imagem thumbnail col-xs-12 col-sm-8 col-md-6 col-lg-6 imagem-materia\">\n<p class=\"bg-primary\">Para Claudiana Figueiredo, gerente regional do Sebrae em Ilh\u00e9us, \u201cestamos passando por um momento pujante. As associa\u00e7\u00f5es precisam se pautar em capacita\u00e7\u00e3o, mas principalmente no planejamento e na uni\u00e3o, a fim de construir com a gest\u00e3o p\u00fablica a cidade que queremos e novos rumos para o turismo de Ilh\u00e9us e de toda a regi\u00e3o\u201d, frisou.<\/p>\n<\/div>\n<p>O novo presidente falou dos desafios e ratificou o compromisso da entidade com o desenvolvimento dos diversos setores para fortalecer ainda mais o com\u00e9rcio, gerar renda e emprego para a popula\u00e7\u00e3o local.<\/p>\n<p>Sociedade civil sem fins lucrativos de interesse p\u00fablico,\u00a0a ATIL\u00a0\u00e9 integrada por empresas ligadas ao trade tur\u00edstico de Ilh\u00e9us e de alguns munic\u00edpios da Costa do Cacau.<\/p>\n","protected":false},"excerpt":{"rendered":"<p>O prefeito M\u00e1rio Alexandre e o vice-prefeito Bebeto Galv\u00e3o prestigiaram na \u00faltima ter\u00e7a-feira (6), a cerim\u00f4nia de posse da nova diretoria da Associa\u00e7\u00e3o de Turismo de Ilh\u00e9us (ATIL) para o bi\u00eanio 2023\/2025. Assumiu a presid\u00eancia, o empres\u00e1rio e ex-secret\u00e1rio municipal de Turismo, Alcides Kruschewsky. A solenidade aconteceu no Opaba Praia Hotel e contou com as [&hellip;]<\/p>\n","protected":false},"author":2,"featured_media":0,"comment_status":"open","ping_status":"open","sticky":false,"template":"","format":"standard","meta":{"_links_to":"","_links_to_target":""},"categories":[1],"tags":[],"_links":{"self":[{"href":"https:\/\/www.ilheusnoticias.net.br\/v1\/wp-json\/wp\/v2\/posts\/32158"}],"collection":[{"href":"https:\/\/www.ilheusnoticias.net.br\/v1\/wp-json\/wp\/v2\/posts"}],"about":[{"href":"https:\/\/www.ilheusnoticias.net.br\/v1\/wp-json\/wp\/v2\/types\/post"}],"author":[{"embeddable":true,"href":"https:\/\/www.ilheusnoticias.net.br\/v1\/wp-json\/wp\/v2\/users\/2"}],"replies":[{"embeddable":true,"href":"https:\/\/www.ilheusnoticias.net.br\/v1\/wp-json\/wp\/v2\/comments?post=32158"}],"version-history":[{"count":1,"href":"https:\/\/www.ilheusnoticias.net.br\/v1\/wp-json\/wp\/v2\/posts\/32158\/revisions"}],"predecessor-version":[{"id":32159,"href":"https:\/\/www.ilheusnoticias.net.br\/v1\/wp-json\/wp\/v2\/posts\/32158\/revisions\/32159"}],"wp:attachment":[{"href":"https:\/\/www.ilheusnoticias.net.br\/v1\/wp-json\/wp\/v2\/media?parent=32158"}],"wp:term":[{"taxonomy":"category","embeddable":true,"href":"https:\/\/www.ilheusnoticias.net.br\/v1\/wp-json\/wp\/v2\/categories?post=32158"},{"taxonomy":"post_tag","embeddable":true,"href":"https:\/\/www.ilheusnoticias.net.br\/v1\/wp-json\/wp\/v2\/tags?post=32158"}],"curies":[{"name":"wp","href":"https:\/\/api.w.org\/{rel}","templated":true}]}}