{"id":32142,"date":"2023-06-05T14:36:37","date_gmt":"2023-06-05T17:36:37","guid":{"rendered":"https:\/\/www.ilheusnoticias.net.br\/v1\/?p=32142"},"modified":"2023-06-05T14:36:37","modified_gmt":"2023-06-05T17:36:37","slug":"apos-aprovacao-de-lula-governo-vai-lancar-programas-para-baratear-carros-e-desenrola-nesta-segunda","status":"publish","type":"post","link":"https:\/\/www.ilheusnoticias.net.br\/v1\/2023\/06\/05\/apos-aprovacao-de-lula-governo-vai-lancar-programas-para-baratear-carros-e-desenrola-nesta-segunda\/","title":{"rendered":"Ap\u00f3s aprova\u00e7\u00e3o de Lula, governo vai lan\u00e7ar programas para baratear carros e Desenrola nesta segunda"},"content":{"rendered":"<div class=\"row content-head non-featured profiled\">\n<div class=\"title\" data-block-type=\"title\" data-block-id=\"0\"><\/div>\n<\/div>\n<div class=\"content__signa-share\">\n<div class=\"content__signature\">\n<div class=\"content-publication-data\">\n<div class=\"content-publication-data__text\">\n<p class=\"content-publication-data__updated\"><img class=\"content-video__placeholder__thumb\" title=\"&quot;Desenrola&quot; vai renegociar d\u00edvidas de at\u00e9 R$5 mil\" src=\"https:\/\/s01.video.glbimg.com\/x240\/11411412.jpg\" alt=\"&quot;Desenrola&quot; vai renegociar d\u00edvidas de at\u00e9 R$5 mil\" \/><\/p>\n<\/div>\n<\/div>\n<\/div>\n<\/div>\n<div class=\"mc-article-body\">\n<article>\n<div id=\"chunk-1a4fg\">\n<div class=\"bs-video-block mc-column  content-media content-video\" data-block-type=\"backstage-video\" data-block-id=\"1\">\n<div class=\"content-media__container\">\n<div class=\"content-video__bigger-player-description-fixer\">\n<article class=\"content-video\">\n<section class=\"content-video__video-container\">\n<div class=\"content-video__video\">\n<div id=\"wp3-player-2\" class=\"clappr-player\" tabindex=\"9999\" data-player=\"\">\n<div class=\"dfp-ad-overlay dfp-ad-overlay--poster-mode\">\n<div><\/div>\n<\/div>\n<\/div>\n<\/div>\n<\/section>\n<\/article>\n<\/div>\n<p class=\"content-media__description\">&#8220;Desenrola&#8221; vai renegociar d\u00edvidas de at\u00e9 R$5 mil<\/p>\n<\/div>\n<\/div>\n<\/div>\n<div id=\"chunk-9c9ss\">\n<div class=\"mc-column content-text active-extra-styles \" data-block-type=\"unstyled\" data-block-weight=\"39\" data-block-id=\"3\">\n<p class=\"content-text__container \" data-track-category=\"Link no Texto\" data-track-links=\"\">O governo vai lan\u00e7ar em cerim\u00f4nia na tarde desta segunda-feira (5) dois programas desenvolvidos pela equipe econ\u00f4mica:\u00a0<a class=\"\" href=\"https:\/\/g1.globo.com\/economia\/noticia\/2023\/01\/20\/programa-federal-de-renegociacao-de-dividas-tera-como-foco-pessoas-que-recebem-ate-2-salarios.ghtml\"><span class=\"highlight highlighted\">o Desenrola<\/span><\/a><span class=\"highlight highlighted\">, que prev\u00ea perd\u00e3o de d\u00edvidas de at\u00e9 R$ 100; e as\u00a0<\/span><a class=\"\" href=\"https:\/\/g1.globo.com\/economia\/noticia\/2023\/06\/01\/programa-para-baratear-carros-foi-redesenhado-diz-haddad.ghtml\"><span class=\"highlight highlighted\">medidas para baratear carros populares<\/span><\/a>\u00a0(<strong>veja mais abaixo<\/strong>).<\/p>\n<\/div>\n<\/div>\n<div class=\"wall protected-content\">\n<div id=\"chunk-1ebdt\">\n<div class=\"mc-column content-text active-extra-styles \" data-block-type=\"unstyled\" data-block-weight=\"29\" data-block-id=\"4\">\n<p class=\"content-text__container \" data-track-category=\"Link no Texto\" data-track-links=\"\">Os detalhes das duas iniciativas foram aprovados pelo presidente\u00a0<a class=\"\" href=\"https:\/\/g1.globo.com\/politica\/politico\/lula\/\">Lula<\/a>\u00a0durante reuni\u00e3o com o vice-presidente ,<a class=\"\" href=\"https:\/\/g1.globo.com\/politica\/politico\/geraldo-alckmin\/\">Geraldo Alckmin<\/a>, e os ministros\u00a0<a class=\"\" href=\"https:\/\/g1.globo.com\/politica\/politico\/rui-costa\/\">Rui Costa<\/a>\u00a0(Casa Civil) e\u00a0<a class=\"\" href=\"https:\/\/g1.globo.com\/politica\/politico\/fernando-haddad\/\">Fernando Haddad<\/a>\u00a0(Fazenda).<\/p>\n<\/div>\n<\/div>\n<\/div>\n<\/article>\n<\/div>\n","protected":false},"excerpt":{"rendered":"<p>&#8220;Desenrola&#8221; vai renegociar d\u00edvidas de at\u00e9 R$5 mil O governo vai lan\u00e7ar em cerim\u00f4nia na tarde desta segunda-feira (5) dois programas desenvolvidos pela equipe econ\u00f4mica:\u00a0o Desenrola, que prev\u00ea perd\u00e3o de d\u00edvidas de at\u00e9 R$ 100; e as\u00a0medidas para baratear carros populares\u00a0(veja mais abaixo). Os detalhes das duas iniciativas foram aprovados pelo presidente\u00a0Lula\u00a0durante reuni\u00e3o com o [&hellip;]<\/p>\n","protected":false},"author":2,"featured_media":0,"comment_status":"open","ping_status":"open","sticky":false,"template":"","format":"standard","meta":{"_links_to":"","_links_to_target":""},"categories":[1],"tags":[],"_links":{"self":[{"href":"https:\/\/www.ilheusnoticias.net.br\/v1\/wp-json\/wp\/v2\/posts\/32142"}],"collection":[{"href":"https:\/\/www.ilheusnoticias.net.br\/v1\/wp-json\/wp\/v2\/posts"}],"about":[{"href":"https:\/\/www.ilheusnoticias.net.br\/v1\/wp-json\/wp\/v2\/types\/post"}],"author":[{"embeddable":true,"href":"https:\/\/www.ilheusnoticias.net.br\/v1\/wp-json\/wp\/v2\/users\/2"}],"replies":[{"embeddable":true,"href":"https:\/\/www.ilheusnoticias.net.br\/v1\/wp-json\/wp\/v2\/comments?post=32142"}],"version-history":[{"count":1,"href":"https:\/\/www.ilheusnoticias.net.br\/v1\/wp-json\/wp\/v2\/posts\/32142\/revisions"}],"predecessor-version":[{"id":32143,"href":"https:\/\/www.ilheusnoticias.net.br\/v1\/wp-json\/wp\/v2\/posts\/32142\/revisions\/32143"}],"wp:attachment":[{"href":"https:\/\/www.ilheusnoticias.net.br\/v1\/wp-json\/wp\/v2\/media?parent=32142"}],"wp:term":[{"taxonomy":"category","embeddable":true,"href":"https:\/\/www.ilheusnoticias.net.br\/v1\/wp-json\/wp\/v2\/categories?post=32142"},{"taxonomy":"post_tag","embeddable":true,"href":"https:\/\/www.ilheusnoticias.net.br\/v1\/wp-json\/wp\/v2\/tags?post=32142"}],"curies":[{"name":"wp","href":"https:\/\/api.w.org\/{rel}","templated":true}]}}