{"id":32136,"date":"2023-06-05T14:30:45","date_gmt":"2023-06-05T17:30:45","guid":{"rendered":"https:\/\/www.ilheusnoticias.net.br\/v1\/?p=32136"},"modified":"2023-06-05T14:30:45","modified_gmt":"2023-06-05T17:30:45","slug":"na-semana-do-meio-ambiente-biosanear-entrega-contentores-para-a-coleta-seletiva","status":"publish","type":"post","link":"https:\/\/www.ilheusnoticias.net.br\/v1\/2023\/06\/05\/na-semana-do-meio-ambiente-biosanear-entrega-contentores-para-a-coleta-seletiva\/","title":{"rendered":"Na Semana do Meio Ambiente, Biosanear entrega contentores para a coleta seletiva"},"content":{"rendered":"<div class=\"Post\">\n<div class=\"Post-body\">\n<div class=\"Post-inner article\">\n<div class=\"PostFooterIcons metadata-icons\">\n<div align=\"center\"><\/div>\n<\/div>\n<\/div>\n<\/div>\n<\/div>\n<div class=\"Post\">\n<div class=\"Post-body\">\n<div class=\"Post-inner article\">\n<div class=\"PostHeaderIcons metadata-icons\"><\/div>\n<div class=\"PostContent\">\n<p><img loading=\"lazy\" class=\"aligncenter size-full wp-image-151055\" src=\"https:\/\/www.blogdothame.blog.br\/v1\/wp-content\/uploads\/2023\/06\/biosanear-AACRI-3.jpg\" sizes=\"(max-width: 410px) 100vw, 410px\" srcset=\"https:\/\/www.blogdothame.blog.br\/v1\/wp-content\/uploads\/2023\/06\/biosanear-AACRI-3.jpg 410w, https:\/\/www.blogdothame.blog.br\/v1\/wp-content\/uploads\/2023\/06\/biosanear-AACRI-3-300x225.jpg 300w\" alt=\"\" width=\"410\" height=\"308\" \/><\/p>\n<p>&nbsp;<\/p>\n<p>Para marcar o in\u00edcio das comemora\u00e7\u00f5es da Semana do Meio Ambiente, a Biosanear, empresa respons\u00e1vel pela coleta de lixo e manuten\u00e7\u00e3o da limpeza dos logradouros p\u00fablicos em Itabuna, realizou a entrega de 40 contentores com capacidade para 240 litros cada.<\/p>\n<p>Os contentores, espalhados por condom\u00ednios e institui\u00e7\u00f5es pela cidade, ser\u00e3o utilizados para a coleta de materiais recicl\u00e1veis, como parte do Projeto Recicla Itabuna, implantado pela Prefeitura Municipal.<\/p>\n<p><img loading=\"lazy\" class=\"aligncenter wp-image-151056\" src=\"https:\/\/www.blogdothame.blog.br\/v1\/wp-content\/uploads\/2023\/06\/biosanear-AACRI-2.jpg\" sizes=\"(max-width: 453px) 100vw, 453px\" srcset=\"https:\/\/www.blogdothame.blog.br\/v1\/wp-content\/uploads\/2023\/06\/biosanear-AACRI-2.jpg 600w, https:\/\/www.blogdothame.blog.br\/v1\/wp-content\/uploads\/2023\/06\/biosanear-AACRI-2-300x169.jpg 300w\" alt=\"\" width=\"453\" height=\"255\" \/><\/p>\n<p>O material coletado ser\u00e1 destinado \u00e0 AACRRI (Associa\u00e7\u00e3o de Agentes Ambientais e Catadores de Materiais Recicl\u00e1veis de Itabuna), que mant\u00e9m uma Central de Triagem no Bairro Lomanto.<\/p>\n<p>De acordo com o presidente da AACRRI, Ricardo Ferreira dos Santos, \u201cesses equipamentos s\u00e3o importantes para ampliar a coleta seletiva, gerando emprego e renda para as fam\u00edlias de catadores\u201d.<\/p>\n<p>A Biosanear possui um caminh\u00e3o munck dedicado \u00e0s coletas de materiais recicl\u00e1veis para associa\u00e7\u00e3o, bem como uma equipe de educa\u00e7\u00e3o ambiental que visa intensificar a\u00e7\u00f5es voltadas para disposi\u00e7\u00e3o regular de res\u00edduos e reciclagem.<\/p>\n<p>O gerente da Bioasanear, Alan Lima destaca que \u201cal\u00e9m de refor\u00e7ar o papel de responsabilidade social da empresa, beneficiando fam\u00edlias de recicladores, os contentores contribuem para reduzir os danos ao meio ambiente, com o aproveitamento de res\u00edduos destinados\u00a0\u00e0\u00a0reciclagem\u201d.<\/p>\n<\/div>\n<\/div>\n<\/div>\n<\/div>\n","protected":false},"excerpt":{"rendered":"<p>&nbsp; Para marcar o in\u00edcio das comemora\u00e7\u00f5es da Semana do Meio Ambiente, a Biosanear, empresa respons\u00e1vel pela coleta de lixo e manuten\u00e7\u00e3o da limpeza dos logradouros p\u00fablicos em Itabuna, realizou a entrega de 40 contentores com capacidade para 240 litros cada. Os contentores, espalhados por condom\u00ednios e institui\u00e7\u00f5es pela cidade, ser\u00e3o utilizados para a coleta [&hellip;]<\/p>\n","protected":false},"author":2,"featured_media":0,"comment_status":"open","ping_status":"open","sticky":false,"template":"","format":"standard","meta":{"_links_to":"","_links_to_target":""},"categories":[1],"tags":[],"_links":{"self":[{"href":"https:\/\/www.ilheusnoticias.net.br\/v1\/wp-json\/wp\/v2\/posts\/32136"}],"collection":[{"href":"https:\/\/www.ilheusnoticias.net.br\/v1\/wp-json\/wp\/v2\/posts"}],"about":[{"href":"https:\/\/www.ilheusnoticias.net.br\/v1\/wp-json\/wp\/v2\/types\/post"}],"author":[{"embeddable":true,"href":"https:\/\/www.ilheusnoticias.net.br\/v1\/wp-json\/wp\/v2\/users\/2"}],"replies":[{"embeddable":true,"href":"https:\/\/www.ilheusnoticias.net.br\/v1\/wp-json\/wp\/v2\/comments?post=32136"}],"version-history":[{"count":1,"href":"https:\/\/www.ilheusnoticias.net.br\/v1\/wp-json\/wp\/v2\/posts\/32136\/revisions"}],"predecessor-version":[{"id":32137,"href":"https:\/\/www.ilheusnoticias.net.br\/v1\/wp-json\/wp\/v2\/posts\/32136\/revisions\/32137"}],"wp:attachment":[{"href":"https:\/\/www.ilheusnoticias.net.br\/v1\/wp-json\/wp\/v2\/media?parent=32136"}],"wp:term":[{"taxonomy":"category","embeddable":true,"href":"https:\/\/www.ilheusnoticias.net.br\/v1\/wp-json\/wp\/v2\/categories?post=32136"},{"taxonomy":"post_tag","embeddable":true,"href":"https:\/\/www.ilheusnoticias.net.br\/v1\/wp-json\/wp\/v2\/tags?post=32136"}],"curies":[{"name":"wp","href":"https:\/\/api.w.org\/{rel}","templated":true}]}}