{"id":32130,"date":"2023-06-04T08:55:27","date_gmt":"2023-06-04T11:55:27","guid":{"rendered":"https:\/\/www.ilheusnoticias.net.br\/v1\/?p=32130"},"modified":"2023-06-04T08:55:27","modified_gmt":"2023-06-04T11:55:27","slug":"senado-aprova-mp-do-bolsa-familia-com-adicional-do-auxilio-gas","status":"publish","type":"post","link":"https:\/\/www.ilheusnoticias.net.br\/v1\/2023\/06\/04\/senado-aprova-mp-do-bolsa-familia-com-adicional-do-auxilio-gas\/","title":{"rendered":"Senado aprova MP do Bolsa Fam\u00edlia com adicional do aux\u00edlio g\u00e1s"},"content":{"rendered":"<div class=\"col-lg-12 mb-3\">\n<div class=\"post-image\"><a href=\"https:\/\/agenciabrasil.ebc.com.br\/politica\/noticia\/2023-06\/senado-aprova-mp-do-bolsa-familia-com-adicional-do-auxilio-gas#\"><img id=\"media-325526\" class=\"rounded-lg shadow-sm w-100\" title=\"MDAS\/Divulga\u00e7\u00e3o\" src=\"https:\/\/imagens.ebc.com.br\/aTfIwx5YP8nASmNRA-STZcV1Hfo=\/1170x700\/smart\/https:\/\/agenciabrasil.ebc.com.br\/sites\/default\/files\/thumbnails\/image\/novo-cartao-bolsa-familia.jpg?itok=pn5MIJY0\" alt=\"Bras\u00edlia (DF) -- Novo cart\u00e3o Bolsa Fam\u00edlia 2023. Foto: MDAS\/Divulga\u00e7\u00e3o\" \/>\u00a9 MDAS\/Divulga\u00e7\u00e3o<\/a><\/div>\n<\/div>\n<div class=\"col-lg-12 mb-3\">\n<div class=\"row\">\n<div class=\"col-10 offset-1 animated fadeInDown dealy-1100 alt-font text-center\"><a href=\"https:\/\/agenciabrasil.ebc.com.br\/politica\"><span class=\"badge badge-pill badge-primary\">Pol\u00edtica<\/span><\/a><\/div>\n<div class=\"col-10 offset-1 animated fadeInDown dealy-1100 alt-font text-center\">O Senado aprovou\u00a0 a Medida Provis\u00f3ria que recriou o programa Bolsa Fam\u00edlia. O texto j\u00e1 havia sido aprovado pela C\u00e2mara dos Deputados nesta semana. Com a aprova\u00e7\u00e3o dos senadores, o texto segue para san\u00e7\u00e3o presidencial.<img src=\"https:\/\/agenciabrasil.ebc.com.br\/ebc.png?id=1536589&amp;o=node\" \/><img src=\"https:\/\/agenciabrasil.ebc.com.br\/ebc.gif?id=1536589&amp;o=node\" \/><\/div>\n<\/div>\n<\/div>\n<div class=\"col-xl-7 offset-xl-1 col-lg-8 offset-lg-0 col-md-10 offset-md-1 mb-3\">\n<div class=\"post-item alt-font\">\n<div class=\"post-item-wrap\">\n<p>A MP prev\u00ea o pagamento m\u00ednimo de R$ 600 por fam\u00edlia.<\/p>\n<p>Cada fam\u00edlia ir\u00e1 receber R$ 142 por integrante. Se a soma total ficar abaixo de R$ 600, ser\u00e1 pago um benef\u00edcio complementar a fam\u00edlia.<\/p>\n<p>Fam\u00edlias com crian\u00e7as menores de sete anos de idade ter\u00e3o direito a mais R$ 150. Aquelas com familiar entre sete e 18 anos de idade, gestante ou lactante v\u00e3o receber adicional de R$ 50.<\/p>\n<p>Podem acessar o programa fam\u00edlias com renda<em>\u00a0per capita<\/em>\u00a0igual ou inferior a R$ 218 por m\u00eas ou que estejam inscritas no Cad\u00danico. Antes, a renda exigida era de R$ 210\u00a0<em>per capita<\/em>.<\/p>\n<h2>BPC<\/h2>\n<p>A MP alterou o entendimento de que o Benef\u00edcio de Presta\u00e7\u00e3o Continuada (BPC), pago a idosos e pessoas com defici\u00eancia, seja levado em conta no c\u00e1lculo da renda da fam\u00edlia para acessar o Bolsa Fam\u00edlia. Para o relator do projeto na comiss\u00e3o mista, deputado federal Dr. Francisco (PT-PI), a regra prejudica o acesso ao programa. Um regulamento ser\u00e1 elaborado para desconsiderar o valor do benef\u00edcio na renda total da casa.<\/p>\n<p>J\u00e1 o texto manteve a concess\u00e3o de cr\u00e9dito consignado para quem recebe o BPC<strong>.\u00a0<\/strong>A medida, que era prevista no Aux\u00edlio Brasil, n\u00e3o fez parte da proposta enviada pelo governo Lula do Congresso Nacional, e acabou sendo retomada pelos parlamentares.<\/p>\n<p>Com isso, os benefici\u00e1rios do BPC continuam autorizados a ter empr\u00e9stimos descontados na folha de pagamento do INSS, no limite de 35%. Anteriormente, o m\u00e1ximo permitido era 45%<\/p>\n<h2>Aux\u00edlio G\u00e1s<\/h2>\n<p>Na an\u00e1lise da MP, os deputados e senadores tamb\u00e9m acrescentaram o pagamento do aux\u00edlio g\u00e1s, equivalente a metade do valor m\u00e9dio do botij\u00e3o de g\u00e1s. O benef\u00edcio ser\u00e1 concedido a cada dois meses. Uma MP, editada em janeiro, previa o pagamento do aux\u00edlio, por\u00e9m n\u00e3o tramitou no Congresso Nacional e perdeu\u00a0a validade. Desta forma, os parlamentares inclu\u00edram o benef\u00edcio na MP do Bolsa Fam\u00edlia.<\/p>\n<\/div>\n<\/div>\n<\/div>\n","protected":false},"excerpt":{"rendered":"<p>\u00a9 MDAS\/Divulga\u00e7\u00e3o Pol\u00edtica O Senado aprovou\u00a0 a Medida Provis\u00f3ria que recriou o programa Bolsa Fam\u00edlia. O texto j\u00e1 havia sido aprovado pela C\u00e2mara dos Deputados nesta semana. Com a aprova\u00e7\u00e3o dos senadores, o texto segue para san\u00e7\u00e3o presidencial. A MP prev\u00ea o pagamento m\u00ednimo de R$ 600 por fam\u00edlia. Cada fam\u00edlia ir\u00e1 receber R$ 142 [&hellip;]<\/p>\n","protected":false},"author":2,"featured_media":0,"comment_status":"open","ping_status":"open","sticky":false,"template":"","format":"standard","meta":{"_links_to":"","_links_to_target":""},"categories":[1],"tags":[],"_links":{"self":[{"href":"https:\/\/www.ilheusnoticias.net.br\/v1\/wp-json\/wp\/v2\/posts\/32130"}],"collection":[{"href":"https:\/\/www.ilheusnoticias.net.br\/v1\/wp-json\/wp\/v2\/posts"}],"about":[{"href":"https:\/\/www.ilheusnoticias.net.br\/v1\/wp-json\/wp\/v2\/types\/post"}],"author":[{"embeddable":true,"href":"https:\/\/www.ilheusnoticias.net.br\/v1\/wp-json\/wp\/v2\/users\/2"}],"replies":[{"embeddable":true,"href":"https:\/\/www.ilheusnoticias.net.br\/v1\/wp-json\/wp\/v2\/comments?post=32130"}],"version-history":[{"count":1,"href":"https:\/\/www.ilheusnoticias.net.br\/v1\/wp-json\/wp\/v2\/posts\/32130\/revisions"}],"predecessor-version":[{"id":32131,"href":"https:\/\/www.ilheusnoticias.net.br\/v1\/wp-json\/wp\/v2\/posts\/32130\/revisions\/32131"}],"wp:attachment":[{"href":"https:\/\/www.ilheusnoticias.net.br\/v1\/wp-json\/wp\/v2\/media?parent=32130"}],"wp:term":[{"taxonomy":"category","embeddable":true,"href":"https:\/\/www.ilheusnoticias.net.br\/v1\/wp-json\/wp\/v2\/categories?post=32130"},{"taxonomy":"post_tag","embeddable":true,"href":"https:\/\/www.ilheusnoticias.net.br\/v1\/wp-json\/wp\/v2\/tags?post=32130"}],"curies":[{"name":"wp","href":"https:\/\/api.w.org\/{rel}","templated":true}]}}