{"id":32106,"date":"2023-05-30T09:26:43","date_gmt":"2023-05-30T12:26:43","guid":{"rendered":"https:\/\/www.ilheusnoticias.net.br\/v1\/?p=32106"},"modified":"2023-05-30T09:26:43","modified_gmt":"2023-05-30T12:26:43","slug":"conselho-de-etica-da-camara-retoma-trabalhos-nesta-terca-com-embates-entre-governo-e-oposicao","status":"publish","type":"post","link":"https:\/\/www.ilheusnoticias.net.br\/v1\/2023\/05\/30\/conselho-de-etica-da-camara-retoma-trabalhos-nesta-terca-com-embates-entre-governo-e-oposicao\/","title":{"rendered":"Conselho de \u00c9tica da C\u00e2mara retoma trabalhos nesta ter\u00e7a com embates entre governo e oposi\u00e7\u00e3o"},"content":{"rendered":"<div class=\"row content-head non-featured \">\n<div class=\"title\" data-block-type=\"title\" data-block-id=\"0\">\n<h1 class=\"content-head__title\"><img class=\"i-amphtml-fill-content i-amphtml-replaced-content\" style=\"font-size: 16px;\" src=\"https:\/\/s2-g1.glbimg.com\/OZPcQRmpwsxsvdYsQJu1qK12eUU=\/0x0:1600x1200\/984x0\/smart\/filters:strip_icc()\/i.s3.glbimg.com\/v1\/AUTH_59edd422c0c84a879bd37670ae4f538a\/internal_photos\/bs\/2023\/1\/W\/BMU6MKToGPBQc8BmrxBw\/coetica.jpeg\" sizes=\"(max-width: 1707px) 648px, 100vw\" srcset=\"https:\/\/s2-g1.glbimg.com\/2GDzkqg39N5gIzMBrrJjyCXHuMk=\/0x0:1600x1200\/1000x0\/smart\/filters:strip_icc()\/i.s3.glbimg.com\/v1\/AUTH_59edd422c0c84a879bd37670ae4f538a\/internal_photos\/bs\/2023\/1\/W\/BMU6MKToGPBQc8BmrxBw\/coetica.jpeg 1000w, https:\/\/s2-g1.glbimg.com\/OZPcQRmpwsxsvdYsQJu1qK12eUU=\/0x0:1600x1200\/984x0\/smart\/filters:strip_icc()\/i.s3.glbimg.com\/v1\/AUTH_59edd422c0c84a879bd37670ae4f538a\/internal_photos\/bs\/2023\/1\/W\/BMU6MKToGPBQc8BmrxBw\/coetica.jpeg 984w, https:\/\/s2-g1.glbimg.com\/eT3uHATo6VWqQh6yyxMfop96Y-E=\/0x0:1600x1200\/640x0\/smart\/filters:strip_icc()\/i.s3.glbimg.com\/v1\/AUTH_59edd422c0c84a879bd37670ae4f538a\/internal_photos\/bs\/2023\/1\/W\/BMU6MKToGPBQc8BmrxBw\/coetica.jpeg 640w, https:\/\/s2-g1.glbimg.com\/gAcsPQXw6XOOq-k5yFRog-O7mqY=\/0x0:1600x1200\/600x0\/smart\/filters:strip_icc()\/i.s3.glbimg.com\/v1\/AUTH_59edd422c0c84a879bd37670ae4f538a\/internal_photos\/bs\/2023\/1\/W\/BMU6MKToGPBQc8BmrxBw\/coetica.jpeg 600w\" alt=\"Reuni\u00e3o de instala\u00e7\u00e3o do Conselho de \u00c9tica da C\u00e2mara dos Deputados em abril. \u2014 Foto: Beatriz Borges\/g1\" \/><\/h1>\n<\/div>\n<\/div>\n<div class=\"mc-article-body\">\n<article>\n<div id=\"chunk-9lh52\">\n<div class=\"row medium-uncollapsed content-media content-photo\" data-block-type=\"backstage-photo\" data-block-id=\"1\">\n<div class=\" mc-column  content-media__container\">\n<p class=\"content-media__description  \">Reuni\u00e3o de instala\u00e7\u00e3o do Conselho de \u00c9tica da C\u00e2mara dos Deputados em abril. \u2014 Foto: Beatriz Borges\/<\/p>\n<\/div>\n<\/div>\n<\/div>\n<div id=\"chunk-8b0o9\">\n<div class=\"mc-column content-text active-extra-styles \" data-block-type=\"unstyled\" data-block-weight=\"35\" data-block-id=\"3\">\n<p class=\"content-text__container \" data-track-category=\"Link no Texto\" data-track-links=\"\">O\u00a0<a class=\"\" href=\"https:\/\/g1.globo.com\/politica\/noticia\/2023\/04\/19\/camara-instala-conselho-de-etica-deputado-leur-lomanto-junior-uniao-ba-e-eleito-presidente.ghtml\">Conselho de \u00c9tica da C\u00e2mara<\/a>\u00a0se re\u00fane nesta ter\u00e7a-feira (30) para\u00a0<span class=\"highlight highlighted\">instaurar, quase quatro meses ap\u00f3s o in\u00edcio dos trabalhos no Congresso, os sete primeiros processos por supostas quebras de decoro de deputados<\/span>.<\/p>\n<\/div>\n<\/div>\n<div class=\"wall protected-content\">\n<div id=\"chunk-cmn1q\">\n<div class=\"mc-column content-text active-extra-styles \" data-block-type=\"unstyled\" data-block-weight=\"34\" data-block-id=\"4\">\n<p class=\"content-text__container \" data-track-category=\"Link no Texto\" data-track-links=\"\">As representa\u00e7\u00f5es\u00a0<em>(veja mais abaixo)\u00a0<\/em>s\u00e3o motivadas por xingamentos e bate-bocas em audi\u00eancias p\u00fablicas e durante as sess\u00f5es, al\u00e9m de acusa\u00e7\u00f5es de amea\u00e7as, transfobia, ass\u00e9dio e at\u00e9 pis\u00e3o no p\u00e9 de outro parlamentar.<\/p>\n<\/div>\n<\/div>\n<div id=\"chunk-7sprg\">\n<div class=\"mc-column content-text active-extra-styles \" data-block-type=\"unstyled\" data-block-weight=\"21\" data-block-id=\"5\">\n<p class=\"content-text__container \" data-track-category=\"Link no Texto\" data-track-links=\"\">A pauta da reuni\u00e3o reflete o ambiente polarizado entre governistas e oposicionistas, diante de um Congresso dominado por embates ideol\u00f3gicos.<\/p>\n<\/div>\n<\/div>\n<div id=\"chunk-7c5gd\">\n<div class=\"mc-column content-text active-extra-styles \" data-block-type=\"unstyled\" data-block-weight=\"30\" data-block-id=\"6\">\n<p class=\"content-text__container \" data-track-category=\"Link no Texto\" data-track-links=\"\">No dia 19 de abril, data em que o\u00a0<a class=\"\" href=\"https:\/\/g1.globo.com\/politica\/noticia\/2023\/04\/19\/camara-instala-conselho-de-etica-deputado-leur-lomanto-junior-uniao-ba-e-eleito-presidente.ghtml\">Conselho de \u00c9tica da Casa foi instalado<\/a>, o presidente da C\u00e2mara, Arthur Lira (<a class=\"\" href=\"https:\/\/g1.globo.com\/politica\/partido\/pp\/\">PP<\/a>-AL), chegou a pedir &#8220;prud\u00eancia&#8221; aos parlamentares.<\/p>\n<\/div>\n<\/div>\n<div id=\"chunk-evi7l\">\n<div class=\"mc-column content-text active-extra-styles \" data-block-type=\"unstyled\" data-block-weight=\"45\" data-block-id=\"8\">\n<p class=\"content-text__container \" data-track-category=\"Link no Texto\" data-track-links=\"\">\u201cPe\u00e7o a prud\u00eancia de sempre nos limites constitucionais e regimentais de atua\u00e7\u00e3o de cada parlamentar. Daqui para a frente, n\u00f3s temos o f\u00f3rum adequado instalado para tratar dos pontos fora da curva desta Casa\u201d, disse Lira na ocasi\u00e3o, em refer\u00eancia \u00e0 instala\u00e7\u00e3o do conselho.<\/p>\n<\/div>\n<\/div>\n<div id=\"chunk-u0c1\">\n<div class=\"mc-column content-text active-extra-styles \" data-block-type=\"unstyled\" data-block-weight=\"39\" data-block-id=\"9\">\n<p class=\"content-text__container \" data-track-category=\"Link no Texto\" data-track-links=\"\">No mesmo dia em que Lira pedia prud\u00eancia, por exemplo, os deputados\u00a0<a class=\"\" href=\"https:\/\/g1.globo.com\/politica\/noticia\/2023\/04\/19\/eduardo-bolsonaro-e-deputado-marcon-se-desentendem-em-comissao-da-camara.ghtml\">Eduardo Bolsonaro (PL-SP) e Marcon (PT-RS) se desentediam em uma reuni\u00e3o da Comiss\u00e3o do Trabalho da C\u00e2mara<\/a>. A discuss\u00e3o ser\u00e1 um dos itens a pauta desta ter\u00e7a.<\/p>\n<\/div>\n<\/div>\n<div id=\"chunk-1pkef\">\n<div class=\"mc-column content-text active-extra-styles \" data-block-type=\"unstyled\" data-block-weight=\"26\" data-block-id=\"10\">\n<p class=\"content-text__container \" data-track-category=\"Link no Texto\" data-track-links=\"\">\u00c0 reportagem, o presidente do conselho, deputado Leur Lomanto Jr. (Uni\u00e3o-BA), admitiu que o ambiente de polariza\u00e7\u00e3o entre deputados deve aumentar a demanda do colegiado.<\/p>\n<\/div>\n<\/div>\n<div id=\"chunk-ektjp\">\n<div class=\"mc-column content-text active-extra-styles \" data-block-type=\"unstyled\" data-block-weight=\"32\" data-block-id=\"11\">\n<p class=\"content-text__container \" data-track-category=\"Link no Texto\" data-track-links=\"\">\u201cDevido a esse ambiente de polariza\u00e7\u00e3o que est\u00e1 instalado na C\u00e2mara e tem se refletido nos debates do plen\u00e1rio e nas comiss\u00f5es, obviamente que termina ocorrendo essa chuva de representa\u00e7\u00f5es\u201d, disse.<\/p>\n<\/div>\n<\/div>\n<div class=\"mc-column content-text active-extra-styles\" data-block-type=\"raw\" data-block-weight=\"47\" data-block-id=\"12\">\n<blockquote class=\"content-blockquote theme-border-color-primary-before\"><p>\u201cO presidente [Arthur Lira] fica preocupado porque a gente tem que garantir o trabalho legislativo, a harmonia entre os parlamentares, mesmo sabendo que \u00e9 a Casa do contradit\u00f3rio. Todo mundo tem seus pensamentos, ideologias, mas tudo tem que ser feito no equil\u00edbrio, preservando a imagem do Parlamento.<\/p><\/blockquote>\n<\/div>\n<div id=\"chunk-fp6j7\">\n<div class=\"mc-column content-text active-extra-styles \" data-block-type=\"unstyled\" data-block-weight=\"21\" data-block-id=\"13\">\n<p class=\"content-text__container \" data-track-category=\"Link no Texto\" data-track-links=\"\">Segundo Leur, os processos ser\u00e3o tratados de acordo com o regimento, \u201cgarantindo a leg\u00edtima defesa dos representados e os tr\u00e2mites regimentai<\/p>\n<\/div>\n<\/div>\n<div id=\"chunk-6gk6v\">\n<div class=\"mc-column content-text active-extra-styles \" data-block-type=\"unstyled\" data-block-weight=\"22\" data-block-id=\"15\">\n<p class=\"content-text__container \" data-track-category=\"Link no Texto\" data-track-links=\"\">\u201cAgora, o que a gente espera \u00e9 que as representa\u00e7\u00f5es tenham fundamentos. N\u00e3o adianta banalizar tamb\u00e9m as representa\u00e7\u00f5es para o conselho&#8221;, declarou.<\/p>\n<\/div>\n<\/div>\n<div class=\"mc-column content-text active-extra-styles\" data-block-type=\"raw\" data-block-weight=\"1\" data-block-id=\"16\">\n<div class=\"content-intertitle\">\n<h2>Representa\u00e7\u00f5es<\/h2>\n<h2>A pauta do colegiado prev\u00ea a instaura\u00e7\u00e3o <em style=\"font-size: 16px;\">(veja abaixo como funciona o rito processual)<\/em><span style=\"font-size: 16px;\">\u00a0de sete representa\u00e7\u00f5es nesta ter\u00e7a:<\/span><\/h2>\n<\/div>\n<\/div>\n<div id=\"chunk-draim\">\n<div class=\"mc-column content-text active-extra-styles \" data-block-type=\"unstyled\" data-block-weight=\"45\" data-block-id=\"18\">\n<p class=\"content-text__container \" data-track-category=\"Link no Texto\" data-track-links=\"\"><strong>&#x25b6;&#xfe0f;<\/strong><a class=\"\" href=\"https:\/\/g1.globo.com\/politica\/partido\/psb\/\"><strong>PSB<\/strong><\/a><strong>\u00a0x\u00a0<\/strong><a class=\"\" href=\"https:\/\/g1.globo.com\/tudo-sobre\/carla-zambelli\/\"><strong>Carla Zambelli<\/strong><\/a><strong>\u00a0(<\/strong><a class=\"\" href=\"https:\/\/g1.globo.com\/politica\/partido\/pl\/\"><strong>PL<\/strong><\/a><strong>-SP)<\/strong>: a sigla representou contra a deputada por ter xingado o deputado Duarte J\u00fanior (PSB-MA) em uma reuni\u00e3o da Comiss\u00e3o de Seguran\u00e7a P\u00fablica destinada a ouvir o ministro da Justi\u00e7a, Fl\u00e1vio Dino. O partido pede a perda do mandato da deputada.<\/p>\n<\/div>\n<\/div>\n<div id=\"chunk-eockl\">\n<div class=\"mc-column content-text active-extra-styles \" data-block-type=\"unstyled\" data-block-weight=\"49\" data-block-id=\"19\">\n<p class=\"content-text__container \" data-track-category=\"Link no Texto\" data-track-links=\"\"><strong>&#x25b6;&#xfe0f;PL x M\u00e1rcio Jerry (<\/strong><a class=\"\" href=\"https:\/\/g1.globo.com\/politica\/partido\/pc-do-b\/\"><strong>PCdoB<\/strong><\/a><strong>-MA)<\/strong>: o PL acusa o parlamentar de importuna\u00e7\u00e3o sexual e viol\u00eancia pol\u00edtica de g\u00eanero<em>\u00a0(veja v\u00eddeo abaixo)\u00a0<\/em>contra a deputada\u00a0<a class=\"\" href=\"https:\/\/g1.globo.com\/politica\/politico\/julia-pedroso-zanatta\/\">J\u00falia Zanatta<\/a>\u00a0(PL-SC). Jerry nega e afirma que situa\u00e7\u00e3o foi deturpada pela parlamentar.\u00a0<a class=\"\" href=\"https:\/\/g1.globo.com\/politica\/noticia\/2023\/04\/13\/pl-aciona-conselho-de-etica-contra-deputado-acusado-de-assedio-em-comissao-da-camara.ghtml\">Partido quer perda do mandato do deputado por quebra de decoro parlamentar<\/a>.<\/p>\n<\/div>\n<\/div>\n<div id=\"chunk-61av7\">\n<div class=\"bs-video-block mc-column  content-media content-video\" data-block-type=\"backstage-video\" data-block-id=\"20\">\n<div class=\"content-media__container\">\n<div class=\"content-video__bigger-player-description-fixer\">\n<article class=\"content-video\">\n<section class=\"content-video__video-container\">\n<div class=\"content-video__video\">\n<div class=\"content-video__placeholder\" data-video-id=\"11529463\" data-video-has-viewport-play=\"True\"><img class=\"content-video__placeholder__thumb\" title=\"Acusado de ass\u00e9dio por colega, deputado M\u00e1rcio Jerry posta v\u00eddeo e nega ass\u00e9dio\" src=\"https:\/\/s04.video.glbimg.com\/x240\/11529463.jpg\" alt=\"Acusado de ass\u00e9dio por colega, deputado M\u00e1rcio Jerry posta v\u00eddeo e nega ass\u00e9dio\" \/><\/div>\n<div id=\"wp3-player-1\" class=\"clappr-player\" tabindex=\"9999\" data-player=\"\">\n<div class=\"dfp-ad-overlay dfp-ad-overlay--poster-mode\">\n<div>Acusado de ass\u00e9dio por colega, deputado M\u00e1rcio Jerry posta v\u00eddeo e nega ass\u00e9dio<\/div>\n<\/div>\n<\/div>\n<\/div>\n<\/section>\n<\/article>\n<\/div>\n<\/div>\n<\/div>\n<\/div>\n<div id=\"chunk-b6jh\">\n<div class=\"mc-column content-text active-extra-styles \" data-block-type=\"unstyled\" data-block-weight=\"92\" data-block-id=\"22\">\n<p class=\"content-text__container \" data-track-category=\"Link no Texto\" data-track-links=\"\"><strong>&#x25b6;&#xfe0f;<\/strong><a class=\"\" href=\"https:\/\/g1.globo.com\/politica\/partido\/psol\/\"><strong>PSOL<\/strong><\/a><strong>,\u00a0<\/strong><a class=\"\" href=\"https:\/\/g1.globo.com\/politica\/partido\/pdt\/\"><strong>PDT<\/strong><\/a><strong>, PSB, PCdoB,\u00a0<\/strong><a class=\"\" href=\"https:\/\/g1.globo.com\/politica\/partido\/pt\/\"><strong>PT<\/strong><\/a><strong>\u00a0x\u00a0<\/strong><a class=\"\" href=\"https:\/\/g1.globo.com\/politica\/politico\/nikolas-ferreira\/\"><strong>Nikolas Ferreira<\/strong><\/a><strong>\u00a0(PL-MG):<\/strong>\u00a0o deputado fez uma fala transf\u00f3bica no plen\u00e1rio da C\u00e2mara. Nikolas disse que as mulheres est\u00e3o perdendo espa\u00e7o para homens que se sentem mulheres. Pouco antes dele, subiu \u00e0 tribuna a deputada Erika Hilton (PSOL-SP). Ela e Duda Salabert (PDT-MG) s\u00e3o as<a class=\"\" href=\"https:\/\/g1.globo.com\/politica\/noticia\/2023\/03\/12\/primeiras-deputadas-trans-da-historia-da-camara-nao-querem-se-limitar-a-pautas-identitarias-e-miram-comissoes-da-casa.ghtml\">\u00a0primeiras deputadas federais transexuais da hist\u00f3ria<\/a>. O deputado\u00a0<a class=\"\" href=\"https:\/\/g1.globo.com\/politica\/noticia\/2023\/03\/08\/parlamentares-vao-pedir-cassacao-de-deputado-por-fala-transfobica-no-plenario-da-camara.ghtml\">desrespeitou as deputadas ao vestir uma peruca e dizer que, no Dia Internacional da Mulher, se sentia uma mulher<\/a>. As siglas pedem a perda do mandato do deputado por quebra de decoro parlamentar.<\/p>\n<\/div>\n<\/div>\n<div id=\"chunk-d8pst\">\n<div class=\"mc-column content-text active-extra-styles \" data-block-type=\"unstyled\" data-block-weight=\"54\" data-block-id=\"23\">\n<p class=\"content-text__container \" data-track-category=\"Link no Texto\" data-track-links=\"\"><strong>&#x25b6;&#xfe0f;PP x Juliana Cardoso (PT-SP):<\/strong>\u00a0partido diz que deputada Juliana Cardoso (PT-SP) quebrou o decoro parlamentar ao gritar \u201cbarb\u00e1rie\u201d e chamar de \u201cassassinos\u201d parlamentares favor\u00e1veis \u00e0\u00a0<a class=\"\" href=\"https:\/\/g1.globo.com\/politica\/noticia\/2023\/05\/24\/camara-aprova-urgencia-de-projeto-que-dificulta-demarcacao-de-terras-indigenas.ghtml\">urg\u00eancia do projeto que dificulta a demarca\u00e7\u00e3o de terras ind\u00edgenas<\/a>, incluindo o presidente da C\u00e2mara, Arthur Lira (PP-AL). O PP pede aplica\u00e7\u00e3o de san\u00e7\u00e3o cab\u00edvel contra a deputada.<\/p>\n<\/div>\n<\/div>\n<div id=\"chunk-6phr3\">\n<div class=\"mc-column content-text active-extra-styles \" data-block-type=\"unstyled\" data-block-weight=\"58\" data-block-id=\"24\">\n<p class=\"content-text__container \" data-track-category=\"Link no Texto\" data-track-links=\"\"><strong>&#x25b6;&#xfe0f;PT x Jos\u00e9 Medeiros (PL-MT):<\/strong>\u00a0o deputado federal\u00a0<a class=\"\" href=\"https:\/\/g1.globo.com\/mg\/minas-gerais\/noticia\/2023\/03\/09\/deputado-federal-de-mg-denuncia-ter-sido-agredido-por-colega-durante-sessao-plenaria-video.ghtml\">Miguel \u00c2ngelo (PT-MG) disse ter sido agredido\u00a0<em>(veja v\u00eddeo abaixo)<\/em>\u00a0pelo deputado Jos\u00e9 Medeiros durante sess\u00e3o plen\u00e1ria<\/a>. Ele tentou apaziguar uma discuss\u00e3o entre Medeiros e a deputada\u00a0<a class=\"\" href=\"https:\/\/g1.globo.com\/politica\/politico\/gleisi-hoffmann\/\">Gleisi Hoffmann<\/a>\u00a0(PT-PR) quando levou uma cotovelada e uma pisada no p\u00e9 de Medeiros. Partido pede aplica\u00e7\u00e3o de san\u00e7\u00e3o cab\u00edvel contra o deputado.<\/p>\n<\/div>\n<\/div>\n<div id=\"chunk-5d43k\">\n<div class=\"content-ads content-ads--reveal\" data-block-type=\"ads\" data-block-id=\"25\">\n<div id=\"banner_materia__3a98cd5d-9a05-432a-bc72-a69b9d1d5ce1\" class=\"tag-manager-publicidade-container mc-has-reveal mc-has-ad-lazyload tag-manager-publicidade-banner_materia__3a98cd5d-9a05-432a-bc72-a69b9d1d5ce1 tag-manager-publicidade-container--carregado tag-manager-publicidade-container--visivel\" data-id=\"banner_materia__3a98cd5d-9a05-432a-bc72-a69b9d1d5ce1\" data-google-query-id=\"CKiRvIWEnf8CFdyrlQIdxuMCng\">\n<div id=\"google_ads_iframe_\/95377733\/tvg_G1\/Politica_6__container__\"><\/div>\n<\/div>\n<\/div>\n<\/div>\n<div id=\"chunk-aveap\">\n<div class=\"bs-video-block mc-column  content-media content-video\" data-block-type=\"backstage-video\" data-block-id=\"26\">\n<div class=\"content-media__container\">\n<div class=\"content-video__bigger-player-description-fixer\">\n<article class=\"content-video\">\n<section class=\"content-video__video-container\">\n<div class=\"content-video__video\">\n<div class=\"content-video__placeholder\" data-video-id=\"11432597\" data-video-has-viewport-play=\"True\"><img class=\"content-video__placeholder__thumb\" title=\"Deputado mineiro alega ter sido agredido em Bras\u00edlia.\" src=\"https:\/\/s02.video.glbimg.com\/x240\/11432597.jpg\" alt=\"Deputado mineiro alega ter sido agredido em Bras\u00edlia.\" \/><\/div>\n<div id=\"wp3-player-2\" class=\"clappr-player\" tabindex=\"9999\" data-player=\"\">\n<div class=\"dfp-ad-overlay dfp-ad-overlay--poster-mode\">\n<div><\/div>\n<\/div>\n<\/div>\n<\/div>\n<\/section>\n<\/article>\n<\/div>\n<p class=\"content-media__description\">Deputado mineiro alega ter sido agredido em Bras\u00edlia.<\/p>\n<\/div>\n<\/div>\n<\/div>\n<div id=\"chunk-edhi4\">\n<div class=\"mc-column content-text active-extra-styles \" data-block-type=\"unstyled\" data-block-weight=\"44\" data-block-id=\"27\">\n<p class=\"content-text__container \" data-track-category=\"Link no Texto\" data-track-links=\"\"><strong>&#x25b6;&#xfe0f;PL x Tal\u00edria Petrone (PSOL-RJ):<\/strong>\u00a0partido acusa\u00a0<a class=\"\" href=\"https:\/\/g1.globo.com\/politica\/noticia\/2023\/05\/23\/cpi-do-mst-deputada-do-psol-lembra-que-salles-e-investigado-pela-pf-e-ex-ministro-diz-que-levara-caso-ao-conselho-de-etica.ghtml\">deputada de quebra de decoro parlamentar por ter lembrado, durante reuni\u00e3o da CPI do MST\u00a0<em>(veja v\u00eddeo abaixo)<\/em>, de investiga\u00e7\u00f5es que miram o relator, deputado Ricardo Salles (PL-SP)<\/a>. Partido pede aplica\u00e7\u00e3o de san\u00e7\u00e3o cab\u00edvel contra a deputada.<\/p>\n<\/div>\n<\/div>\n<div id=\"chunk-4nss6\">\n<div class=\"bs-video-block mc-column  content-media content-video\" data-block-type=\"backstage-video\" data-block-id=\"28\">\n<div class=\"content-media__container\">\n<p class=\"content-media__description\">CPI do MST: Deputada do PSOL lembra que Salles \u00e9 investigado pela PF<\/p>\n<\/div>\n<\/div>\n<\/div>\n<div id=\"chunk-d7fuh\">\n<div class=\"mc-column content-text active-extra-styles \" data-block-type=\"unstyled\" data-block-weight=\"104\" data-block-id=\"30\">\n<p class=\"content-text__container \" data-track-category=\"Link no Texto\" data-track-links=\"\"><strong>&#x25b6;&#xfe0f;PT x\u00a0<\/strong><a class=\"\" href=\"http:\/\/g1.globo.com\/tudo-sobre\/eduardo-bolsonaro\"><strong>Eduardo Bolsonaro<\/strong><\/a><strong>\u00a0(PL-SP):\u00a0<\/strong>o filho do ex-presidente Jair Bolsonaro se\u00a0<a class=\"\" href=\"https:\/\/g1.globo.com\/politica\/noticia\/2023\/04\/19\/eduardo-bolsonaro-e-deputado-marcon-se-desentendem-em-comissao-da-camara.ghtml\">desentendeu com o deputado Marcon (PT-RS) em uma reuni\u00e3o da Comiss\u00e3o do Trabalho da C\u00e2mara\u00a0<em>(veja v\u00eddeo abaixo)<\/em><\/a>. A confus\u00e3o come\u00e7ou quando o Eduardo disse que a esquerda n\u00e3o o enganava. Ele citou o epis\u00f3dio da facada contra o pai na campanha de 2018. O microfone da comiss\u00e3o oficial n\u00e3o transmite a fala, mas Eduardo afirma que o deputado\u00a0<a class=\"\" href=\"https:\/\/g1.globo.com\/politica\/politico\/marcon\/\">Marcon<\/a>\u00a0disse que a facada foi \u201cfake\u201d. Eduardo se levantou e se dirigiu para onde estava Marcon. Os dois foram mantidos separados por colegas. Partido pede aplica\u00e7\u00e3o de san\u00e7\u00f5es cab\u00edveis contra o deputado.<\/p>\n<\/div>\n<\/div>\n<\/div>\n<\/article>\n<\/div>\n","protected":false},"excerpt":{"rendered":"<p>Reuni\u00e3o de instala\u00e7\u00e3o do Conselho de \u00c9tica da C\u00e2mara dos Deputados em abril. \u2014 Foto: Beatriz Borges\/ O\u00a0Conselho de \u00c9tica da C\u00e2mara\u00a0se re\u00fane nesta ter\u00e7a-feira (30) para\u00a0instaurar, quase quatro meses ap\u00f3s o in\u00edcio dos trabalhos no Congresso, os sete primeiros processos por supostas quebras de decoro de deputados. As representa\u00e7\u00f5es\u00a0(veja mais abaixo)\u00a0s\u00e3o motivadas por xingamentos [&hellip;]<\/p>\n","protected":false},"author":2,"featured_media":0,"comment_status":"open","ping_status":"open","sticky":false,"template":"","format":"standard","meta":{"_links_to":"","_links_to_target":""},"categories":[1],"tags":[],"_links":{"self":[{"href":"https:\/\/www.ilheusnoticias.net.br\/v1\/wp-json\/wp\/v2\/posts\/32106"}],"collection":[{"href":"https:\/\/www.ilheusnoticias.net.br\/v1\/wp-json\/wp\/v2\/posts"}],"about":[{"href":"https:\/\/www.ilheusnoticias.net.br\/v1\/wp-json\/wp\/v2\/types\/post"}],"author":[{"embeddable":true,"href":"https:\/\/www.ilheusnoticias.net.br\/v1\/wp-json\/wp\/v2\/users\/2"}],"replies":[{"embeddable":true,"href":"https:\/\/www.ilheusnoticias.net.br\/v1\/wp-json\/wp\/v2\/comments?post=32106"}],"version-history":[{"count":1,"href":"https:\/\/www.ilheusnoticias.net.br\/v1\/wp-json\/wp\/v2\/posts\/32106\/revisions"}],"predecessor-version":[{"id":32107,"href":"https:\/\/www.ilheusnoticias.net.br\/v1\/wp-json\/wp\/v2\/posts\/32106\/revisions\/32107"}],"wp:attachment":[{"href":"https:\/\/www.ilheusnoticias.net.br\/v1\/wp-json\/wp\/v2\/media?parent=32106"}],"wp:term":[{"taxonomy":"category","embeddable":true,"href":"https:\/\/www.ilheusnoticias.net.br\/v1\/wp-json\/wp\/v2\/categories?post=32106"},{"taxonomy":"post_tag","embeddable":true,"href":"https:\/\/www.ilheusnoticias.net.br\/v1\/wp-json\/wp\/v2\/tags?post=32106"}],"curies":[{"name":"wp","href":"https:\/\/api.w.org\/{rel}","templated":true}]}}