{"id":32104,"date":"2023-05-30T09:19:21","date_gmt":"2023-05-30T12:19:21","guid":{"rendered":"https:\/\/www.ilheusnoticias.net.br\/v1\/?p=32104"},"modified":"2023-05-30T09:19:21","modified_gmt":"2023-05-30T12:19:21","slug":"em-ilheus-bamin-realiza-jornada-de-dialogos-com-representantes-de-religioes-de-matriz-africana","status":"publish","type":"post","link":"https:\/\/www.ilheusnoticias.net.br\/v1\/2023\/05\/30\/em-ilheus-bamin-realiza-jornada-de-dialogos-com-representantes-de-religioes-de-matriz-africana\/","title":{"rendered":"Em Ilh\u00e9us, BAMIN realiza Jornada de Di\u00e1logos com representantes de religi\u00f5es de matriz africana"},"content":{"rendered":"<div class=\"Post\">\n<div class=\"Post-body\">\n<div class=\"Post-inner article\">\n<div class=\"PostFooterIcons metadata-icons\"><\/div>\n<\/div>\n<\/div>\n<\/div>\n<div class=\"Post\">\n<div class=\"Post-body\">\n<div class=\"Post-inner article\">\n<div class=\"PostHeaderIcons metadata-icons\"><img src=\"http:\/\/www.blogdothame.blog.br\/v1\/wp-content\/uploads\/2023\/05\/Bamin-300x200.jpg\" \/><\/div>\n<div class=\"PostContent\">\n<p>Nesta ter\u00e7a-feira, dia 30 de maio, \u00e0s 13h30, a BAMIN promove um encontro com povos de terreiros da regi\u00e3o de Ilh\u00e9us. Essa \u00e9 mais uma edi\u00e7\u00e3o da Jornada de Di\u00e1logos com Comunidades, promovida pela \u00e1rea de Relacionamento com Comunidades da BAMIN, atrav\u00e9s do Programa de Comunica\u00e7\u00e3o e Intera\u00e7\u00e3o Social (PCIS). A atividade ser\u00e1 realizada no Canteiro de Obras do Porto Sul, na BA-001.<\/p>\n<p>&nbsp;<\/p>\n<p>A Jornada de Di\u00e1logos receber\u00e1 cerca de 50 representantes de 20 templos de religi\u00f5es de matriz africana. A proposta deste momento \u00e9 fortalecer o di\u00e1logo e compromisso da BAMIN com representantes de terreiros nas \u00e1reas de influ\u00eancia do Porto Sul, priorizando a escuta sobre as impress\u00f5es dos participantes.<\/p>\n<p>O roteiro do evento prev\u00ea uma apresenta\u00e7\u00e3o sobre o andamento das obras do Terminal Portu\u00e1rio, detalhes sobre a futura opera\u00e7\u00e3o do projeto integrado (Mina, Ferrovia e Porto), informa\u00e7\u00f5es sobre as a\u00e7\u00f5es socioambientais de inclus\u00e3o das comunidades, al\u00e9m das atividades que s\u00e3o desenvolvidas para valorizar e preservar a cultura local.<\/p>\n<p>&nbsp;<\/p>\n<\/div>\n<\/div>\n<\/div>\n<\/div>\n","protected":false},"excerpt":{"rendered":"<p>Nesta ter\u00e7a-feira, dia 30 de maio, \u00e0s 13h30, a BAMIN promove um encontro com povos de terreiros da regi\u00e3o de Ilh\u00e9us. Essa \u00e9 mais uma edi\u00e7\u00e3o da Jornada de Di\u00e1logos com Comunidades, promovida pela \u00e1rea de Relacionamento com Comunidades da BAMIN, atrav\u00e9s do Programa de Comunica\u00e7\u00e3o e Intera\u00e7\u00e3o Social (PCIS). A atividade ser\u00e1 realizada no [&hellip;]<\/p>\n","protected":false},"author":2,"featured_media":0,"comment_status":"open","ping_status":"open","sticky":false,"template":"","format":"standard","meta":{"_links_to":"","_links_to_target":""},"categories":[1],"tags":[],"_links":{"self":[{"href":"https:\/\/www.ilheusnoticias.net.br\/v1\/wp-json\/wp\/v2\/posts\/32104"}],"collection":[{"href":"https:\/\/www.ilheusnoticias.net.br\/v1\/wp-json\/wp\/v2\/posts"}],"about":[{"href":"https:\/\/www.ilheusnoticias.net.br\/v1\/wp-json\/wp\/v2\/types\/post"}],"author":[{"embeddable":true,"href":"https:\/\/www.ilheusnoticias.net.br\/v1\/wp-json\/wp\/v2\/users\/2"}],"replies":[{"embeddable":true,"href":"https:\/\/www.ilheusnoticias.net.br\/v1\/wp-json\/wp\/v2\/comments?post=32104"}],"version-history":[{"count":1,"href":"https:\/\/www.ilheusnoticias.net.br\/v1\/wp-json\/wp\/v2\/posts\/32104\/revisions"}],"predecessor-version":[{"id":32105,"href":"https:\/\/www.ilheusnoticias.net.br\/v1\/wp-json\/wp\/v2\/posts\/32104\/revisions\/32105"}],"wp:attachment":[{"href":"https:\/\/www.ilheusnoticias.net.br\/v1\/wp-json\/wp\/v2\/media?parent=32104"}],"wp:term":[{"taxonomy":"category","embeddable":true,"href":"https:\/\/www.ilheusnoticias.net.br\/v1\/wp-json\/wp\/v2\/categories?post=32104"},{"taxonomy":"post_tag","embeddable":true,"href":"https:\/\/www.ilheusnoticias.net.br\/v1\/wp-json\/wp\/v2\/tags?post=32104"}],"curies":[{"name":"wp","href":"https:\/\/api.w.org\/{rel}","templated":true}]}}