{"id":32102,"date":"2023-05-30T09:17:34","date_gmt":"2023-05-30T12:17:34","guid":{"rendered":"https:\/\/www.ilheusnoticias.net.br\/v1\/?p=32102"},"modified":"2023-05-30T09:41:34","modified_gmt":"2023-05-30T12:41:34","slug":"em-salvador-prefeito-mario-alexandre-participa-do-lancamento-do-pronasci-2","status":"publish","type":"post","link":"https:\/\/www.ilheusnoticias.net.br\/v1\/2023\/05\/30\/em-salvador-prefeito-mario-alexandre-participa-do-lancamento-do-pronasci-2\/","title":{"rendered":"Em Salvador, prefeito M\u00e1rio Alexandre participa do lan\u00e7amento do Pronasci 2 Iniciativa do Governo Federal"},"content":{"rendered":"<p>&nbsp;<\/p>\n<p>&nbsp;<\/p>\n<div class=\"imagem thumbnail col-xs-12 col-sm-8 col-md-6 col-lg-6 imagem-materia\">\n<p><a class=\"fresco\" title=\"\" href=\"https:\/\/portalfacilarquivos.blob.core.windows.net\/uploads\/ILHEUS\/imgOrig\/%7BBDC8A1DA-B1EA-4B4E-E4ED-ECDBBCBA40CD%7D.jpg\" data-fresco-caption=\"\"><img loading=\"lazy\" title=\"\" src=\"https:\/\/portalfacilarquivos.blob.core.windows.net\/uploads\/ILHEUS\/img\/%7BBDC8A1DA-B1EA-4B4E-E4ED-ECDBBCBA40CD%7D\/%7BBDC8A1DA-B1EA-4B4E-E4ED-ECDBBCBA40CD%7D_650X450.jpg\" alt=\"Pronasci 2; seguran\u00e7a p\u00fablica; bahia\" width=\"650\" height=\"450\" \/><\/a><\/p>\n<p class=\"bg-primary\">Com a presen\u00e7a do governador Jer\u00f4nimo Rodrigues e do ministro da Justi\u00e7a e Seguran\u00e7a P\u00fablica, Fl\u00e1vio Dino, o prefeito M\u00e1rio Alexandre participou do ato de entrega de equipamentos e ve\u00edculos para intensificar as a\u00e7\u00f5es e fortalecer a atua\u00e7\u00e3o das for\u00e7as policiais no estado. A solenidade aconteceu na \u00faltima segunda-feira (29), no Centro Hist\u00f3rico de Salvador.<\/p>\n<\/div>\n<p>Na oportunidade foi inaugurada a sala de videomonitoramento, no 18\u00b0 Batalh\u00e3o da PM, e apresentada a segunda edi\u00e7\u00e3o do Programa Nacional de Seguran\u00e7a P\u00fablica com Cidadania (Pronasci). Iniciativa do Governo Federal e executado em regime de coopera\u00e7\u00e3o com estados e munic\u00edpios, o programa visa articular a\u00e7\u00f5es para a preven\u00e7\u00e3o, controle e repress\u00e3o da criminalidade.<\/p>\n<p>&nbsp;<\/p>\n<div class=\"imagem thumbnail col-xs-12 col-sm-8 col-md-6 col-lg-6 imagem-materia\">\n<p><a class=\"fresco\" title=\"\" href=\"https:\/\/portalfacilarquivos.blob.core.windows.net\/uploads\/ILHEUS\/imgOrig\/%7BC7BAE3AB-BC61-0B2C-DB35-DB8C2BBD648B%7D.jpg\" data-fresco-caption=\"\"><img loading=\"lazy\" title=\"\" src=\"https:\/\/portalfacilarquivos.blob.core.windows.net\/uploads\/ILHEUS\/img\/%7BC7BAE3AB-BC61-0B2C-DB35-DB8C2BBD648B%7D\/%7BC7BAE3AB-BC61-0B2C-DB35-DB8C2BBD648B%7D_650X450.jpg\" alt=\"Pronasci 2; seguran\u00e7a p\u00fablica; bahia\" width=\"650\" height=\"450\" \/><\/a><\/p>\n<p class=\"bg-primary\">\u201cVamos continuar trabalhando de forma integrada, a fim de garantir tranquilidade e qualidade de vida para o nosso povo. Junto ao Governo Federal e ao Governo do Estado, n\u00f3s vamos intensificar as medidas de seguran\u00e7a e as a\u00e7\u00f5es de combate \u00e0 criminalidade em Ilh\u00e9us, com refor\u00e7o do policiamento e melhoria das delegacias\u201d, destacou M\u00e1rio Alexandre.<\/p>\n<\/div>\n<p>Conforme a Secretaria Nacional de Seguran\u00e7a P\u00fablica (Senasp), a Bahia recebeu 21 viaturas, das quais 15 s\u00e3o espec\u00edficas para a Patrulha Maria da Penha e para as Delegacias de Atendimento \u00e0 Mulher; nove drones; 3.050 unidades de muni\u00e7\u00e3o calibre 9 mm; duas viaturas Ford Ranger 4&#215;4, da For\u00e7a Nacional; 136 pistolas Beretta 9mm e kit com 20 pistolas. As entregas somam recursos de quase R$ 4 milh\u00f5es.<\/p>\n<p>&nbsp;<\/p>\n<div class=\"imagem thumbnail col-xs-12 col-sm-8 col-md-6 col-lg-6 imagem-materia\">\n<p><a class=\"fresco\" title=\"\" href=\"https:\/\/portalfacilarquivos.blob.core.windows.net\/uploads\/ILHEUS\/imgOrig\/%7B3C6CB4AC-56CE-BEC8-5D12-B2DC0B3ABD2D%7D.jpg\" data-fresco-caption=\"\"><img loading=\"lazy\" title=\"\" src=\"https:\/\/portalfacilarquivos.blob.core.windows.net\/uploads\/ILHEUS\/img\/%7B3C6CB4AC-56CE-BEC8-5D12-B2DC0B3ABD2D%7D\/%7B3C6CB4AC-56CE-BEC8-5D12-B2DC0B3ABD2D%7D_650X450.jpg\" alt=\"Pronasci 2; seguran\u00e7a p\u00fablica; bahia\" width=\"650\" height=\"450\" \/><\/a><\/p>\n<p class=\"bg-primary\">O estado contar\u00e1 ainda com um Centro Integrado de Comando e Controle e com a Casa da Mulher Brasileira. O espa\u00e7o, dedicado ao acolhimento e assist\u00eancia a mulheres v\u00edtimas de viol\u00eancia f\u00edsica, psicol\u00f3gica, patrimonial, sexual e moral, ter\u00e1 investimento estimado em R$ 8 milh\u00f5es.<\/p>\n<\/div>\n<p>O Pronasci\u00a0objetiva reduzir a taxa nacional de homic\u00eddios para abaixo de 16 mortes por 100 mil habitantes at\u00e9 2030, al\u00e9m da redu\u00e7\u00e3o de taxas envolvendo mortes violentas de mulheres e les\u00e3o corporal seguida de morte.<\/p>\n","protected":false},"excerpt":{"rendered":"<p>&nbsp; &nbsp; Com a presen\u00e7a do governador Jer\u00f4nimo Rodrigues e do ministro da Justi\u00e7a e Seguran\u00e7a P\u00fablica, Fl\u00e1vio Dino, o prefeito M\u00e1rio Alexandre participou do ato de entrega de equipamentos e ve\u00edculos para intensificar as a\u00e7\u00f5es e fortalecer a atua\u00e7\u00e3o das for\u00e7as policiais no estado. A solenidade aconteceu na \u00faltima segunda-feira (29), no Centro Hist\u00f3rico [&hellip;]<\/p>\n","protected":false},"author":2,"featured_media":0,"comment_status":"open","ping_status":"open","sticky":false,"template":"","format":"standard","meta":{"_links_to":"","_links_to_target":""},"categories":[1],"tags":[],"_links":{"self":[{"href":"https:\/\/www.ilheusnoticias.net.br\/v1\/wp-json\/wp\/v2\/posts\/32102"}],"collection":[{"href":"https:\/\/www.ilheusnoticias.net.br\/v1\/wp-json\/wp\/v2\/posts"}],"about":[{"href":"https:\/\/www.ilheusnoticias.net.br\/v1\/wp-json\/wp\/v2\/types\/post"}],"author":[{"embeddable":true,"href":"https:\/\/www.ilheusnoticias.net.br\/v1\/wp-json\/wp\/v2\/users\/2"}],"replies":[{"embeddable":true,"href":"https:\/\/www.ilheusnoticias.net.br\/v1\/wp-json\/wp\/v2\/comments?post=32102"}],"version-history":[{"count":2,"href":"https:\/\/www.ilheusnoticias.net.br\/v1\/wp-json\/wp\/v2\/posts\/32102\/revisions"}],"predecessor-version":[{"id":32110,"href":"https:\/\/www.ilheusnoticias.net.br\/v1\/wp-json\/wp\/v2\/posts\/32102\/revisions\/32110"}],"wp:attachment":[{"href":"https:\/\/www.ilheusnoticias.net.br\/v1\/wp-json\/wp\/v2\/media?parent=32102"}],"wp:term":[{"taxonomy":"category","embeddable":true,"href":"https:\/\/www.ilheusnoticias.net.br\/v1\/wp-json\/wp\/v2\/categories?post=32102"},{"taxonomy":"post_tag","embeddable":true,"href":"https:\/\/www.ilheusnoticias.net.br\/v1\/wp-json\/wp\/v2\/tags?post=32102"}],"curies":[{"name":"wp","href":"https:\/\/api.w.org\/{rel}","templated":true}]}}