{"id":32100,"date":"2023-05-29T13:37:07","date_gmt":"2023-05-29T16:37:07","guid":{"rendered":"https:\/\/www.ilheusnoticias.net.br\/v1\/?p=32100"},"modified":"2023-05-29T13:37:07","modified_gmt":"2023-05-29T16:37:07","slug":"amigos-e-familiares-se-despedem-de-pm-que-morreu-apos-choque-contra-muro-durante-partida-de-futebol-na-bahia","status":"publish","type":"post","link":"https:\/\/www.ilheusnoticias.net.br\/v1\/2023\/05\/29\/amigos-e-familiares-se-despedem-de-pm-que-morreu-apos-choque-contra-muro-durante-partida-de-futebol-na-bahia\/","title":{"rendered":"Amigos e familiares se despedem de PM que morreu ap\u00f3s choque contra muro durante partida de futebol na Bahia"},"content":{"rendered":"<div class=\"row content-head non-featured \">\n<div class=\"title\" data-block-type=\"title\" data-block-id=\"0\">\n<h1 class=\"content-head__title\"><img class=\"i-amphtml-fill-content i-amphtml-replaced-content\" style=\"font-size: 16px;\" src=\"https:\/\/s2-g1.glbimg.com\/RqvqkukR8yUvPto5tnzr7LJmFWY=\/0x0:1600x1200\/984x0\/smart\/filters:strip_icc()\/i.s3.glbimg.com\/v1\/AUTH_59edd422c0c84a879bd37670ae4f538a\/internal_photos\/bs\/2023\/0\/d\/As2FCxTaWhaqr0GFlu4Q\/whatsapp-image-2023-05-28-at-17.15.47.png\" sizes=\"(max-width: 1707px) 648px, 100vw\" srcset=\"https:\/\/s2-g1.glbimg.com\/MrHyzx5miLiZ6j5wXl3_75SlopU=\/0x0:1600x1200\/1000x0\/smart\/filters:strip_icc()\/i.s3.glbimg.com\/v1\/AUTH_59edd422c0c84a879bd37670ae4f538a\/internal_photos\/bs\/2023\/0\/d\/As2FCxTaWhaqr0GFlu4Q\/whatsapp-image-2023-05-28-at-17.15.47.png 1000w, https:\/\/s2-g1.glbimg.com\/RqvqkukR8yUvPto5tnzr7LJmFWY=\/0x0:1600x1200\/984x0\/smart\/filters:strip_icc()\/i.s3.glbimg.com\/v1\/AUTH_59edd422c0c84a879bd37670ae4f538a\/internal_photos\/bs\/2023\/0\/d\/As2FCxTaWhaqr0GFlu4Q\/whatsapp-image-2023-05-28-at-17.15.47.png 984w, https:\/\/s2-g1.glbimg.com\/cBHgq-q2AXtIjXbQ53_kwW1iYlM=\/0x0:1600x1200\/640x0\/smart\/filters:strip_icc()\/i.s3.glbimg.com\/v1\/AUTH_59edd422c0c84a879bd37670ae4f538a\/internal_photos\/bs\/2023\/0\/d\/As2FCxTaWhaqr0GFlu4Q\/whatsapp-image-2023-05-28-at-17.15.47.png 640w, https:\/\/s2-g1.glbimg.com\/lM4ywAMALshEf4WkGnFAf-Ie3e4=\/0x0:1600x1200\/600x0\/smart\/filters:strip_icc()\/i.s3.glbimg.com\/v1\/AUTH_59edd422c0c84a879bd37670ae4f538a\/internal_photos\/bs\/2023\/0\/d\/As2FCxTaWhaqr0GFlu4Q\/whatsapp-image-2023-05-28-at-17.15.47.png 600w\" alt=\"Enterro do cabo Paulo Cezar Ramos, que morreu durante uma partida de futebol em Ilh\u00e9us \u2014 Foto: Arquivo Pessoal\" \/><\/h1>\n<\/div>\n<\/div>\n<div class=\"mc-article-body\">\n<article>\n<div id=\"chunk-7nlc3\">\n<div class=\"row medium-uncollapsed content-media content-photo\" data-block-type=\"backstage-photo\" data-block-id=\"1\">\n<div class=\" mc-column  content-media__container\">\n<p class=\"content-media__description  \">Enterro do cabo Paulo Cezar Ramos, que morreu durante uma partida de futebol em Ilh\u00e9us \u2014 Foto: Arquivo Pessoa<\/p>\n<\/div>\n<\/div>\n<\/div>\n<div id=\"chunk-6nhof\">\n<div class=\"mc-column content-text active-extra-styles \" data-block-type=\"unstyled\" data-block-weight=\"29\" data-block-id=\"3\">\n<p class=\"content-text__container \" data-track-category=\"Link no Texto\" data-track-links=\"\">O corpo do policial militar que\u00a0<a class=\"\" href=\"https:\/\/g1.globo.com\/ba\/bahia\/noticia\/2023\/05\/28\/policial-militar-morre-apos-choque-contra-muro-durante-partida-de-futebol-na-bahia.ghtml\">morreu durante uma partida de futebol<\/a>, na cidade de\u00a0<a class=\"\" href=\"https:\/\/g1.globo.com\/ba\/bahia\/cidade\/ilheus\/\">Ilh\u00e9us<\/a>, no sul da Bahia, foi enterrado neste domingo (28), na mesma cidade.<\/p>\n<\/div>\n<\/div>\n<div class=\"wall protected-content\">\n<div id=\"chunk-etvka\">\n<div class=\"mc-column content-text active-extra-styles \" data-block-type=\"unstyled\" data-block-weight=\"42\" data-block-id=\"4\">\n<p class=\"content-text__container \" data-track-category=\"Link no Texto\" data-track-links=\"\">Amigos, familiares e colegas de corpora\u00e7\u00e3o lotaram o cemit\u00e9rio S\u00e3o Jo\u00e3o Batista, no bairro Nelson Costa, para se despedirem do Cabo Paulo Cezar Ramos de Souza, de 52 anos. J\u00e1 o vel\u00f3rio ocorreu no SAF, na Avenida Crispim Jorge Dias Carilo.<\/p>\n<\/div>\n<\/div>\n<div id=\"chunk-2rsdo\">\n<div class=\"row medium-uncollapsed content-media content-photo\" data-block-type=\"backstage-photo\" data-block-id=\"5\">\n<div class=\" mc-column  content-media__container\">\n<div class=\"content-media-container glb-skeleton-box\">\n<figure class=\"content-media-figure\"><img class=\"i-amphtml-fill-content i-amphtml-replaced-content\" src=\"https:\/\/s2-g1.glbimg.com\/kCdFftgXBiB71APIWvvj44Tj_g4=\/0x0:1600x1200\/984x0\/smart\/filters:strip_icc()\/i.s3.glbimg.com\/v1\/AUTH_59edd422c0c84a879bd37670ae4f538a\/internal_photos\/bs\/2023\/F\/z\/kAgKlDTOARNPd5bBdV9A\/whatsapp-image-2023-05-28-at-17.15.52.jpeg\" sizes=\"(max-width: 1707px) 648px, 100vw\" srcset=\"https:\/\/s2-g1.glbimg.com\/sEoY87pidlfJGiRVTdfehFdzj0M=\/0x0:1600x1200\/1000x0\/smart\/filters:strip_icc()\/i.s3.glbimg.com\/v1\/AUTH_59edd422c0c84a879bd37670ae4f538a\/internal_photos\/bs\/2023\/F\/z\/kAgKlDTOARNPd5bBdV9A\/whatsapp-image-2023-05-28-at-17.15.52.jpeg 1000w, https:\/\/s2-g1.glbimg.com\/kCdFftgXBiB71APIWvvj44Tj_g4=\/0x0:1600x1200\/984x0\/smart\/filters:strip_icc()\/i.s3.glbimg.com\/v1\/AUTH_59edd422c0c84a879bd37670ae4f538a\/internal_photos\/bs\/2023\/F\/z\/kAgKlDTOARNPd5bBdV9A\/whatsapp-image-2023-05-28-at-17.15.52.jpeg 984w, https:\/\/s2-g1.glbimg.com\/6Rw8M5FiPsiCsnPuTkMy0oBCdtE=\/0x0:1600x1200\/640x0\/smart\/filters:strip_icc()\/i.s3.glbimg.com\/v1\/AUTH_59edd422c0c84a879bd37670ae4f538a\/internal_photos\/bs\/2023\/F\/z\/kAgKlDTOARNPd5bBdV9A\/whatsapp-image-2023-05-28-at-17.15.52.jpeg 640w, https:\/\/s2-g1.glbimg.com\/YQ8tN2W4zXSVAJIZTVTzlk9rxFA=\/0x0:1600x1200\/600x0\/smart\/filters:strip_icc()\/i.s3.glbimg.com\/v1\/AUTH_59edd422c0c84a879bd37670ae4f538a\/internal_photos\/bs\/2023\/F\/z\/kAgKlDTOARNPd5bBdV9A\/whatsapp-image-2023-05-28-at-17.15.52.jpeg 600w\" alt=\"Amigos e familiares durante enterro de PM que morreu durante partida de futebol em Ilh\u00e9us, no sul da Bahia \u2014 Foto: Arquivo Pessoal\" \/><\/figure>\n<\/div>\n<p class=\"content-media__description  \">Amigos e familiares durante enterro de PM que morreu durante partida de futebol em Ilh\u00e9us, no sul da Bahia \u2014 Foto: Arquivo Pessoal<\/p>\n<\/div>\n<\/div>\n<\/div>\n<div id=\"chunk-el8or\">\n<div class=\"content-ads content-ads--reveal\" data-block-type=\"ads\" data-block-id=\"6\">O policial articipava de um jogo, quando se desiquilibrou e se chocou contra um muro pr\u00f3ximo ao campo. Na queda, o militar bateu a cabe\u00e7a na constru\u00e7\u00e3o.<\/div>\n<\/div>\n<div id=\"chunk-6cj6a\">\n<div class=\"mc-column content-text active-extra-styles \" data-block-type=\"unstyled\" data-block-weight=\"43\" data-block-id=\"8\">\n<p class=\"content-text__container \" data-track-category=\"Link no Texto\" data-track-links=\"\">Cabo Paulo Cezar foi socorrido e encaminhado para o Hospital Costa do Cacau, tamb\u00e9m em Ilh\u00e9us, mas n\u00e3o resistiu \u00e0 les\u00e3o e morreu na unidade de sa\u00fade. Ele era lotado na 68\u00aa Companhia Independente da Pol\u00edcia Militar (CIPM), no centro de Ilh\u00e9us.<\/p>\n<\/div>\n<\/div>\n<div id=\"chunk-4hqs4\">\n<div class=\"mc-column content-text active-extra-styles \" data-block-type=\"unstyled\" data-block-weight=\"33\" data-block-id=\"9\">\n<p class=\"content-text__container \" data-track-category=\"Link no Texto\" data-track-links=\"\">De acordo com a Pol\u00edcia Militar, o acidente ocorreu em um clube, na Avenida Tancredo Neves. Em nota, a Pol\u00edcia Militar lamentou a morte do cabo e se solidarizou com familiares e amigos.<\/p>\n<\/div>\n<\/div>\n<div id=\"chunk-18pub\">\n<div class=\"row medium-uncollapsed content-media content-photo\" data-block-type=\"backstage-photo\" data-block-id=\"10\">\n<div class=\" mc-column  content-media__container\">\n<div class=\"content-media-container glb-skeleton-box\">\n<figure class=\"content-media-figure\"><img class=\"i-amphtml-fill-content i-amphtml-replaced-content\" src=\"https:\/\/s2-g1.glbimg.com\/i4CLWHKD-glxi1DrHzugr213V5U=\/0x0:1600x1200\/984x0\/smart\/filters:strip_icc()\/i.s3.glbimg.com\/v1\/AUTH_59edd422c0c84a879bd37670ae4f538a\/internal_photos\/bs\/2023\/S\/M\/L2VW4AThiDBlIaNpWPYQ\/whatsapp-image-2023-05-28-at-17.15.47-1-.jpeg\" sizes=\"(max-width: 1707px) 648px, 100vw\" srcset=\"https:\/\/s2-g1.glbimg.com\/tHa_A2Sgg0oR7bPNXy7GGZ-NtN0=\/0x0:1600x1200\/1000x0\/smart\/filters:strip_icc()\/i.s3.glbimg.com\/v1\/AUTH_59edd422c0c84a879bd37670ae4f538a\/internal_photos\/bs\/2023\/S\/M\/L2VW4AThiDBlIaNpWPYQ\/whatsapp-image-2023-05-28-at-17.15.47-1-.jpeg 1000w, https:\/\/s2-g1.glbimg.com\/i4CLWHKD-glxi1DrHzugr213V5U=\/0x0:1600x1200\/984x0\/smart\/filters:strip_icc()\/i.s3.glbimg.com\/v1\/AUTH_59edd422c0c84a879bd37670ae4f538a\/internal_photos\/bs\/2023\/S\/M\/L2VW4AThiDBlIaNpWPYQ\/whatsapp-image-2023-05-28-at-17.15.47-1-.jpeg 984w, https:\/\/s2-g1.glbimg.com\/DGWd9Jfs5_dMNkH_iEYrKrlEGko=\/0x0:1600x1200\/640x0\/smart\/filters:strip_icc()\/i.s3.glbimg.com\/v1\/AUTH_59edd422c0c84a879bd37670ae4f538a\/internal_photos\/bs\/2023\/S\/M\/L2VW4AThiDBlIaNpWPYQ\/whatsapp-image-2023-05-28-at-17.15.47-1-.jpeg 640w, https:\/\/s2-g1.glbimg.com\/EJ19_XLJDTitxkMXKNd45-UDwpA=\/0x0:1600x1200\/600x0\/smart\/filters:strip_icc()\/i.s3.glbimg.com\/v1\/AUTH_59edd422c0c84a879bd37670ae4f538a\/internal_photos\/bs\/2023\/S\/M\/L2VW4AThiDBlIaNpWPYQ\/whatsapp-image-2023-05-28-at-17.15.47-1-.jpeg 600w\" alt=\"PMs no bairro Nelson Costa, em Ih\u00e9us, onde fica o cemit\u00e9rio onde policial foi enterrado \u2014 Foto: Arquivo Pessoal\" \/><\/figure>\n<\/div>\n<p class=\"content-media__description  \">PMs no bairro Nelson Costa, em Ih\u00e9us, onde fica o cemit\u00e9rio onde policial foi enterrado \u2014 Foto: Arquivo Pessoal<\/p>\n<\/div>\n<\/div>\n<\/div>\n<div id=\"chunk-5qu3o\">\n<div class=\"mc-column mc-block-embed \" data-block-type=\"embed-social-instagram\" data-block-id=\"12\"><\/div>\n<\/div>\n<\/div>\n<\/article>\n<\/div>\n","protected":false},"excerpt":{"rendered":"<p>Enterro do cabo Paulo Cezar Ramos, que morreu durante uma partida de futebol em Ilh\u00e9us \u2014 Foto: Arquivo Pessoa O corpo do policial militar que\u00a0morreu durante uma partida de futebol, na cidade de\u00a0Ilh\u00e9us, no sul da Bahia, foi enterrado neste domingo (28), na mesma cidade. Amigos, familiares e colegas de corpora\u00e7\u00e3o lotaram o cemit\u00e9rio S\u00e3o [&hellip;]<\/p>\n","protected":false},"author":2,"featured_media":0,"comment_status":"open","ping_status":"open","sticky":false,"template":"","format":"standard","meta":{"_links_to":"","_links_to_target":""},"categories":[1],"tags":[],"_links":{"self":[{"href":"https:\/\/www.ilheusnoticias.net.br\/v1\/wp-json\/wp\/v2\/posts\/32100"}],"collection":[{"href":"https:\/\/www.ilheusnoticias.net.br\/v1\/wp-json\/wp\/v2\/posts"}],"about":[{"href":"https:\/\/www.ilheusnoticias.net.br\/v1\/wp-json\/wp\/v2\/types\/post"}],"author":[{"embeddable":true,"href":"https:\/\/www.ilheusnoticias.net.br\/v1\/wp-json\/wp\/v2\/users\/2"}],"replies":[{"embeddable":true,"href":"https:\/\/www.ilheusnoticias.net.br\/v1\/wp-json\/wp\/v2\/comments?post=32100"}],"version-history":[{"count":1,"href":"https:\/\/www.ilheusnoticias.net.br\/v1\/wp-json\/wp\/v2\/posts\/32100\/revisions"}],"predecessor-version":[{"id":32101,"href":"https:\/\/www.ilheusnoticias.net.br\/v1\/wp-json\/wp\/v2\/posts\/32100\/revisions\/32101"}],"wp:attachment":[{"href":"https:\/\/www.ilheusnoticias.net.br\/v1\/wp-json\/wp\/v2\/media?parent=32100"}],"wp:term":[{"taxonomy":"category","embeddable":true,"href":"https:\/\/www.ilheusnoticias.net.br\/v1\/wp-json\/wp\/v2\/categories?post=32100"},{"taxonomy":"post_tag","embeddable":true,"href":"https:\/\/www.ilheusnoticias.net.br\/v1\/wp-json\/wp\/v2\/tags?post=32100"}],"curies":[{"name":"wp","href":"https:\/\/api.w.org\/{rel}","templated":true}]}}