{"id":32098,"date":"2023-05-29T13:33:46","date_gmt":"2023-05-29T16:33:46","guid":{"rendered":"https:\/\/www.ilheusnoticias.net.br\/v1\/?p=32098"},"modified":"2023-05-29T13:33:46","modified_gmt":"2023-05-29T16:33:46","slug":"petrobras-teria-que-cortar-preco-da-gasolina-em-14-para-compensar-volta-de-impostos-federais","status":"publish","type":"post","link":"https:\/\/www.ilheusnoticias.net.br\/v1\/2023\/05\/29\/petrobras-teria-que-cortar-preco-da-gasolina-em-14-para-compensar-volta-de-impostos-federais\/","title":{"rendered":"Petrobras teria que cortar pre\u00e7o da gasolina em 14% para compensar volta de impostos federais"},"content":{"rendered":"<div class=\"row content-head featured \">\n<div class=\"title\">\n<h1 class=\"content-head__title\"><span style=\"font-size: 16px;\">Entrada em vigor da nova pol\u00edtica de pre\u00e7os da Petrobras e mudan\u00e7a no valor do ICMS sobre combust\u00edveis podem provocar uma gangorra de valores nos postos<\/span><\/h1>\n<\/div>\n<\/div>\n<div class=\"content__signa-share\">\n<div class=\"content__signature\">\n<div class=\"content-publication-data\">\n<div class=\"content-publication-data__text\">\n<p class=\"content-publication-data__from\" title=\"Carolina Nalin e Bruno Rosa\">Por Carolina Nalin e Bruno Rosa\u00a0\u2014 Rio de Janeiro<\/p>\n<\/div>\n<\/div>\n<\/div>\n<\/div>\n<div class=\"row medium-uncollapsed content-top-image\" data-block-type=\"featured-image\" data-block-id=\"0\">\n<div class=\"column medium-centered medium-22 large-20 desktop \">\n<figure class=\"glb-skeleton-box\"><img class=\"i-amphtml-fill-content i-amphtml-replaced-content\" src=\"https:\/\/s2.glbimg.com\/MVrtnuIs0PesXdzHowZk5CfLkqo=\/0x0:2008x1326\/924x0\/smart\/filters:strip_icc()\/i.s3.glbimg.com\/v1\/AUTH_da025474c0c44edd99332dddb09cabe8\/internal_photos\/bs\/2023\/j\/w\/4IWjEZQAyrDbHz9jSNrg\/102231619-ec-rio-de-janeiro-rj-01-03-2023-aumento-dos-combustiveis-postos-de-gasolina-comecam.jpg\" srcset=\"\" alt=\"Petrobras anunciou redu\u00e7\u00e3o no pre\u00e7o da gasolina pela terceira vez seguida\" \/><\/figure>\n<\/div>\n<\/div>\n<div class=\"mc-article-body\">\n<article>\n<div class=\"mc-column mc-side-item__container\" data-block-type=\"ads\" data-block-id=\"1\">\n<div class=\"mc-side-item mc-side-item--right content-ads content-ads--side-ad\">\n<div id=\"banner_materia1\" class=\"tag-manager-publicidade-container tag-manager-publicidade-banner_materia1 tag-manager-publicidade-container--carregado tag-manager-publicidade-container--visivel\" data-google-query-id=\"CIK_ydT5mv8CFfaklQId7hcHcg\">\n<div id=\"google_ads_iframe_\/85042905\/info.web.oglobo\/economia\/materia_4__container__\">\n<div id=\"google_ads_iframe_\/85042905\/info.web.oglobo\/economia\/materia_4\" class=\"clever-core-ads\" tabindex=\"0\" title=\"3rd party ad content\" role=\"region\" aria-label=\"Advertisement\" data-load-complete=\"true\" data-google-container-id=\"5\">\n<div id=\"clever-50018-cube\">A entrada em vigor da <a class=\"\" href=\"https:\/\/oglobo.globo.com\/economia\/negocios\/noticia\/2023\/05\/petrobras-aprova-nova-estrategia-comercial-para-precos-da-gasolina-e-do-diesel.ghtml\">nova pol\u00edtica de pre\u00e7os da Petrobras<\/a>\u00a0vai coincidir, nas pr\u00f3ximas semanas, com uma mudan\u00e7a no valor do ICMS sobre\u00a0<a class=\"\" href=\"http:\/\/oglobo.globo.com\/tudo-sobre\/assunto\/combustiveis\/\">combust\u00edveis<\/a>\u00a0e com o fim da desonera\u00e7\u00e3o de tributos federais. Com isso, o consumidor poder\u00e1 lidar com uma gangorra nos pre\u00e7os. Segundo c\u00e1lculos de Andr\u00e9a Angelo, estrategista de infla\u00e7\u00e3o da Warren Rena, a\u00a0<a class=\"\" href=\"https:\/\/oglobo.globo.com\/tudo-sobre\/empresa\/petrobras\">Petrobras<\/a>\u00a0precisar\u00e1 reduzir o valor do litro da gasolina em 14% at\u00e9 julho para evitar que a alta de impostos pressione o<a class=\"\" href=\"https:\/\/oglobo.globo.com\/economia\/negocios\/noticia\/2023\/05\/petrobras-anuncia-reducao-na-preco-da-gasolina-e-diesel-a-partir-desta-quarta.ghtml\">\u00a0pre\u00e7o final nas bombas<\/a>.<\/div>\n<\/div>\n<\/div>\n<\/div>\n<\/div>\n<\/div>\n<div class=\"wall protected-content\">\n<div class=\"mc-column content-text active-extra-styles \" data-block-type=\"unstyled\" data-block-weight=\"57\" data-block-id=\"4\">\n<p class=\"content-text__container \" data-track-category=\"Link no Texto\" data-track-links=\"\">Atualmente, as al\u00edquotas do ICMS s\u00e3o definidas por cada estado e variam de 17% a 20%, segundo n\u00fameros do Comit\u00ea dos Secret\u00e1rios de Fazenda dos Estados e do DF (Comsefaz). A partir de quinta-feira, 1\u00ba de junho, o imposto estadual cobrado ser\u00e1 de R$1,22 por litro de gasolina ou etanol anidro em todo o territ\u00f3rio nacional.<\/p>\n<\/div>\n<div class=\"mc-column content-text active-extra-styles \" data-block-type=\"unstyled\" data-block-weight=\"30\" data-block-id=\"5\">\n<p class=\"content-text__container \" data-track-category=\"Link no Texto\" data-track-links=\"\">Na pr\u00e1tica, o imposto vai subir, visto que o valor m\u00e9dio do ICMS est\u00e1 em R$ 1,08 por litro, considerando o pre\u00e7o atual da gasolina e as al\u00edquotas dos estados.<\/p>\n<\/div>\n<div class=\"mc-column content-text active-extra-styles \" data-block-type=\"unstyled\" data-block-weight=\"43\" data-block-id=\"6\">\n<p class=\"content-text__container \" data-track-category=\"Link no Texto\" data-track-links=\"\">A redu\u00e7\u00e3o de 12,6% da gasolina nas refinarias, anunciada pela Petrobras e que passou a valer no \u00faltimo dia 17, pode mais do que compensar o custo do imposto estadual a partir de junho no pre\u00e7o de revenda do combust\u00edvel ao consumidor.<\/p>\n<\/div>\n<section id=\"gallery-75921774-1af8-4b16-9e7d-e2ebf9d113da\" class=\"galeria-fotos\">\n<h3 class=\"gallery-mosaic-title \">Oculta h\u00e1 40 anos, cole\u00e7\u00e3o rara de 230 carros \u00e9 descoberta na Holanda e ir\u00e1 a leil\u00e3o<\/h3>\n<div class=\"gallery-mosaic-container carousel__container \">\n<div class=\"gallery-mosaic-wrapper carousel__wrapper\">\n<div class=\"gallery-mosaic-item gallery-mosaic-first-item landscape\"><img loading=\"lazy\" id=\"image-id-tumb-264f1545-f4f4-4356-82dd-c9fe62fbb458\" tabindex=\"0\" role=\"button\" src=\"https:\/\/s2.glbimg.com\/eA8b8vrMy3CoBMVoFQGwxHi5LC0=\/0x0:600x400\/648x248\/smart\/filters:strip_icc()\/i.s3.glbimg.com\/v1\/AUTH_da025474c0c44edd99332dddb09cabe8\/internal_photos\/bs\/2023\/6\/B\/yo8j50R5CyTRubMLQPIQ\/whatsapp-image-2023-05-26-at-11.10.38.jpeg\" alt=\"Cole\u00e7\u00e3o de ve\u00edculos foi negociada pelo seu antigo propriet\u00e1rio com uma loja de venda de carros cl\u00e1ssicos \u2014 Foto: Reprodu\u00e7\u00e3o\" width=\"600\" height=\"400\" data-posicao=\"1\" \/><\/div>\n<div class=\"gallery-mosaic-item gallery-mosaic-seccond-item landscape\"><img loading=\"lazy\" id=\"image-id-tumb-e2064a32-0630-440e-b34f-4ef7647d0f5f\" tabindex=\"0\" role=\"button\" src=\"https:\/\/s2.glbimg.com\/U9gd83LAp4-zv1V02g2pylJ4CN8=\/0x0:600x400\/323x182\/smart\/filters:strip_icc()\/i.s3.glbimg.com\/v1\/AUTH_da025474c0c44edd99332dddb09cabe8\/internal_photos\/bs\/2023\/6\/l\/rwuCsQTfOWAd7W4KHzTA\/whatsapp-image-2023-05-26-at-11.10.43.jpeg\" alt=\"Agora, os cerca de 230 modelos ser\u00e3o levados a leil\u00e3o na Holanda \u2014 Foto: Reprodu\u00e7\u00e3o\" width=\"600\" height=\"400\" data-posicao=\"2\" \/><\/div>\n<div class=\"gallery-mosaic-last-item-overlay landscape\" tabindex=\"0\" role=\"button\"><i class=\"gallery-mosaic-icon\"><\/i><span class=\"gallery-mosaic-img-label \">10 fotos<\/span><\/div>\n<div class=\"gallery-mosaic-item gallery-mosaic-last-item landscape\"><img loading=\"lazy\" id=\"image-id-tumb-ff7d9446-8bd6-47ec-b2a1-ae73173f8096\" tabindex=\"0\" role=\"button\" src=\"https:\/\/s2.glbimg.com\/HCH2C_nz49lb2yUW0cOBJfO6lTQ=\/0x0:600x400\/323x182\/smart\/filters:strip_icc()\/i.s3.glbimg.com\/v1\/AUTH_da025474c0c44edd99332dddb09cabe8\/internal_photos\/bs\/2023\/O\/L\/LOCtynSlWkivIMYXPDfg\/whatsapp-image-2023-05-26-at-11.10.51.jpeg\" alt=\"A hist\u00f3ria come\u00e7ou h\u00e1 cerca de 40 anos, quando um homem, identificado apenas como Ad Palmen, come\u00e7ou a cole\u00e7\u00e3o \u2014 Foto: Reprodu\u00e7\u00e3o\" width=\"600\" height=\"400\" data-posicao=\"3\" \/><\/div>\n<\/div>\n<\/div>\n<div class=\"gallery-mosaic-subtitle\">Dono armazenou \u201ctesouro\u201d em duas garagens e uma igreja e ligava carro periodicamente para evitar que eles tivessem problemas mec\u00e2nicos<\/div>\n<\/section>\n<div class=\"content-ads content-ads--reveal\" data-block-type=\"ads\" data-block-id=\"7\">\n<div id=\"banner_materia2\" class=\"tag-manager-publicidade-container mc-has-reveal mc-has-ad-lazyload tag-manager-publicidade-banner_materia2 tag-manager-publicidade-container--carregado tag-manager-publicidade-container--visivel\" data-id=\"banner_materia2\" data-google-query-id=\"CIW52dX5mv8CFWK5lQIdMMcDhg\">\n<div id=\"google_ads_iframe_\/85042905\/info.web.oglobo\/economia\/materia_5__container__\">Mas n\u00e3o dar\u00e1 fim \u00e0 gangorra dos pre\u00e7os: se a tend\u00eancia \u00e9 de leve redu\u00e7\u00e3o em junho, a perspectiva \u00e9 de aumento no m\u00eas seguinte, o que vai em dire\u00e7\u00e3o contr\u00e1ria \u00e0 estrat\u00e9gia do Pal\u00e1cio do Planalto de controlar a infla\u00e7\u00e3o e agradar \u00e0 classe m\u00e9dia.<\/div>\n<\/div>\n<\/div>\n<div class=\"mc-column content-text active-extra-styles \" data-block-type=\"unstyled\" data-block-weight=\"49\" data-block-id=\"11\">\n<p class=\"content-text__container \" data-track-category=\"Link no Texto\" data-track-links=\"\">No dia 1\u00ba de julho est\u00e1 prevista a volta integral da cobran\u00e7a de impostos federais (PIS\/Cofins e Cide) sobre a gasolina e o etanol, que foi zerada no per\u00edodo eleitoral pelo ex-presidente Jair Bolsonaro e mantida parcialmente pelo governo Lula, at\u00e9 o dia 30 de junho, via medida provis\u00f3ria.<\/p>\n<\/div>\n<div class=\"mc-column content-text active-extra-styles\" data-block-type=\"raw\" data-block-weight=\"4\" data-block-id=\"12\">\n<div class=\"content-intertitle\">\n<h2>Aumento seria de 5,64%<\/h2>\n<\/div>\n<\/div>\n<div class=\"mc-column content-text active-extra-styles \" data-block-type=\"unstyled\" data-block-weight=\"29\" data-block-id=\"13\">\n<p class=\"content-text__container \" data-track-category=\"Link no Texto\" data-track-links=\"\">Andr\u00e9a estima que o pre\u00e7o da gasolina nas bombas ter\u00e1 uma queda m\u00e9dia de 2% em fun\u00e7\u00e3o da redu\u00e7\u00e3o de 12,6% nas refinarias at\u00e9 o fim deste m\u00eas.<\/p>\n<\/div>\n<div class=\"mc-column content-text active-extra-styles \" data-block-type=\"unstyled\" data-block-weight=\"55\" data-block-id=\"14\">\n<p class=\"content-text__container \" data-track-category=\"Link no Texto\" data-track-links=\"\">J\u00e1 em junho, quando passa a valer a cobran\u00e7a \u00fanica do ICMS, e o consumidor deveria sentir um peso maior no bolso para encher o tanque, ela prev\u00ea que haver\u00e1 mais uma queda de 1,5%, ainda efeito da redu\u00e7\u00e3o da Petrobras, pois alguns postos levam algumas semanas para repassar a diferen\u00e7a de pre\u00e7o ao consumidor.<\/p>\n<\/div>\n<div class=\"mc-column content-text active-extra-styles \" data-block-type=\"unstyled\" data-block-weight=\"24\" data-block-id=\"17\">\n<p class=\"content-text__container \" data-track-category=\"Link no Texto\" data-track-links=\"\">\u2014 Se n\u00e3o tivesse ocorrido a redu\u00e7\u00e3o pela Petrobras, o pre\u00e7o da gasolina teria uma alta de 2,35% em junho \u2014 calcula a economista.<\/p>\n<\/div>\n<div class=\"mc-column content-text active-extra-styles \" data-block-type=\"unstyled\" data-block-weight=\"27\" data-block-id=\"18\">\n<p class=\"content-text__container \" data-track-category=\"Link no Texto\" data-track-links=\"\">J\u00e1 a reonera\u00e7\u00e3o total dos tributos federais Cide e PIS\/Cofins, prevista para julho, deve levar o pre\u00e7o da gasolina a uma alta de 5,64%, segundo Andr\u00e9a.<\/p>\n<\/div>\n<div class=\"mc-column content-text active-extra-styles \" data-block-type=\"unstyled\" data-block-weight=\"61\" data-block-id=\"19\">\n<p class=\"content-text__container \" data-track-category=\"Link no Texto\" data-track-links=\"\">Mas ela avalia que, em fun\u00e7\u00e3o da mudan\u00e7a em sua pol\u00edtica de pre\u00e7os \u2014 que passa a n\u00e3o depender exclusivamente das cota\u00e7\u00f5es do c\u00e2mbio e do petr\u00f3leo no mercado internacional \u2014, a Petrobras deve anunciar nova queda para conter o impacto no bolso do consumidor. Para isso, calcula ela, a estatal precisa anunciar uma redu\u00e7\u00e3o de 14% no pre\u00e7o nas refinarias.<\/p>\n<\/div>\n<div class=\"mc-column content-text active-extra-styles \" data-block-type=\"unstyled\" data-block-weight=\"41\" data-block-id=\"21\">\n<p class=\"content-text__container \" data-track-category=\"Link no Texto\" data-track-links=\"\">\u2014 No cen\u00e1rio atual da infla\u00e7\u00e3o e das expectativas do mercado, analistas acreditam que vem alguma coisa para amortecer esse efeito da alta \u2014 diz a economista. \u2014 Pode ser que, na f\u00f3rmula nova, a Petrobras encontre espa\u00e7o (para queda).<\/p>\n<\/div>\n<section id=\"gallery-90b64ce4-7cce-416a-969a-c60a5dff0f57\" class=\"galeria-fotos\">\n<h3 class=\"gallery-mosaic-title \">Carros de Messi: cole\u00e7\u00e3o inclui modelo mais caro do mundo<\/h3>\n<div class=\"gallery-mosaic-container carousel__container \">\n<div class=\"gallery-mosaic-wrapper carousel__wrapper\">\n<div class=\"gallery-mosaic-item gallery-mosaic-first-item landscape\"><img loading=\"lazy\" id=\"image-id-tumb-5e8665bd-08eb-4366-8aca-23e4aeb93429\" tabindex=\"0\" role=\"button\" src=\"https:\/\/s2.glbimg.com\/X4h9NGHio7fJH0xfLdUEK8WI_As=\/0x0:537x319\/648x248\/smart\/filters:strip_icc()\/i.s3.glbimg.com\/v1\/AUTH_da025474c0c44edd99332dddb09cabe8\/internal_photos\/bs\/2023\/z\/l\/8fHsv4RDyceBy9rtaiJA\/mercedes-sls-amg.jpg\" alt=\"Mercedes SLS AMG:  este carro-foguete tem uma not\u00e1vel asa traseira retr\u00e1til, que sobe automaticamente a 113 km\/h para fornecer ao carro mais for\u00e7a descendente nas curvas.\" width=\"537\" height=\"319\" data-posicao=\"1\" \/><\/div>\n<div class=\"gallery-mosaic-item gallery-mosaic-seccond-item landscape\"><img loading=\"lazy\" id=\"image-id-tumb-d41c7422-0d97-4590-9740-bfa3c8c3af16\" tabindex=\"0\" role=\"button\" src=\"https:\/\/s2.glbimg.com\/661nAy-D2_10fvgAwh4VWwHREeo=\/0x0:637x423\/323x182\/smart\/filters:strip_icc()\/i.s3.glbimg.com\/v1\/AUTH_da025474c0c44edd99332dddb09cabe8\/internal_photos\/bs\/2023\/e\/7\/aBpZHmRKitpLkjre9tsg\/range-rover-vogue.jpg\" alt=\"O Range Rover \u00e9 oficialmente o SUV mais popular entre a elite do futebol, al\u00e9m de ser o auge do luxo.  Seu modelo Vogue \u00e9 especialmente impressionante porque possui complementos especiais, incluindo um sistema de som Meridian Surround e um auxiliar de estacionamento de 360 \u200b\u200bgraus\" width=\"637\" height=\"423\" data-posicao=\"2\" \/><\/div>\n<div class=\"gallery-mosaic-last-item-overlay landscape\" tabindex=\"0\" role=\"button\"><i class=\"gallery-mosaic-icon\"><\/i><span class=\"gallery-mosaic-img-label \">10 fotos<\/span><\/div>\n<div class=\"gallery-mosaic-item gallery-mosaic-last-item landscape\"><img loading=\"lazy\" id=\"image-id-tumb-6246e840-0196-4038-9940-60ffd6024358\" tabindex=\"0\" role=\"button\" src=\"https:\/\/s2.glbimg.com\/lOnzkUyuAOhxdGZfzfHfdJGgm2c=\/0x0:653x417\/323x182\/smart\/filters:strip_icc()\/i.s3.glbimg.com\/v1\/AUTH_da025474c0c44edd99332dddb09cabe8\/internal_photos\/bs\/2023\/3\/S\/rycwWiT5mZFQs2mVu7Vw\/pagani-zonda-roadster.jpg\" alt=\"Pagani Zonda Roadster: apenas 40 deles foram feitos; por se tratar de um dos carros mais r\u00e1pidos do mundo, n\u00e3o pode ser usado nas estradas apenas em pistas\" width=\"653\" height=\"417\" data-posicao=\"3\" \/><\/div>\n<\/div>\n<\/div>\n<div class=\"gallery-mosaic-subtitle\">Conhe\u00e7a a cole\u00e7\u00e3o incr\u00edvel de carros do melhor do mundo por sete vezes<\/div>\n<\/section>\n<div class=\"mc-column content-text active-extra-styles \" data-block-type=\"unstyled\" data-block-weight=\"25\" data-block-id=\"22\">\n<p class=\"content-text__container \" data-track-category=\"Link no Texto\" data-track-links=\"\">Em entrevistas recentes, o presidente da estatal, Jean Paul Prates, tem dito que vai analisar a possibilidade de absorver a reonera\u00e7\u00e3o dos combust\u00edveis em julho.<\/p>\n<\/div>\n<div class=\"mc-column content-text active-extra-styles \" data-block-type=\"unstyled\" data-block-weight=\"22\" data-block-id=\"23\">\n<p class=\"content-text__container \" data-track-category=\"Link no Texto\" data-track-links=\"\">\u2014 N\u00e3o sei, vamos ver at\u00e9 l\u00e1&#8230; Tudo ser\u00e1 feito com muita parcim\u00f4nia, an\u00e1lise, n\u00e3o \u00e9 chute \u2014 disse Prates \u00e0 Globonews<\/p>\n<\/div>\n<div class=\"mc-column content-text active-extra-styles \" data-block-type=\"unstyled\" data-block-weight=\"48\" data-block-id=\"25\">\n<p class=\"content-text__container \" data-track-category=\"Link no Texto\" data-track-links=\"\">O ministro da Fazenda, Fernando Haddad, tamb\u00e9m afirmou, em audi\u00eanc p\u00fablica na C\u00e2mara, em meados deste m\u00eas, que a Petrobras ainda teria espa\u00e7o para reduzir mais os pre\u00e7os dos combust\u00edveis e que h\u00e1 perspectiva de a estatal anunciar uma nova queda no in\u00edcio de julho, utilizando essa \u201cgordura\u201d.<\/p>\n<\/div>\n<div class=\"mc-column content-text active-extra-styles \" data-block-type=\"unstyled\" data-block-weight=\"49\" data-block-id=\"27\">\n<p class=\"content-text__container \" data-track-category=\"Link no Texto\" data-track-links=\"\">\u2014 O aumento de pre\u00e7o previsto para primeiro de julho (com a volta integral dos impostos federais) vai ser absorvido pela queda do pre\u00e7o (dos combust\u00edveis), que foi deixada para esse dia. N\u00f3s n\u00e3o baixamos tudo que pod\u00edamos, justamente esperando o 1\u00ba de julho \u2014 afirmou Haddad na \u00e9poca.<\/p>\n<\/div>\n<div class=\"mc-column content-text active-extra-styles \" data-block-type=\"unstyled\" data-block-weight=\"37\" data-block-id=\"28\">\n<p class=\"content-text__container \" data-track-category=\"Link no Texto\" data-track-links=\"\">Para Pedro Rodrigues, do Centro Brasileiro de Infraestrutura (CBIE), \u00e9 dif\u00edcil dizer para onde vai o pre\u00e7o de venda da Petrobras em meio a uma nova pol\u00edtica de pre\u00e7os cuja f\u00f3rmula cont\u00e9m vari\u00e1veis \u201cobscuras e nada previs\u00edveis\u201d.<\/p>\n<\/div>\n<div class=\"mc-column content-text active-extra-styles \" data-block-type=\"unstyled\" data-block-weight=\"56\" data-block-id=\"29\">\n<p class=\"content-text__container \" data-track-category=\"Link no Texto\" data-track-links=\"\">\u2014 Uma nova redu\u00e7\u00e3o vai depender de como a companhia vai operacionalizar essa nova pol\u00edtica de pre\u00e7os. Se a pol\u00edtica de pre\u00e7os ainda fosse a do PPI (paridade de importa\u00e7\u00e3o), com a volta de Cide e Pis\/Cofins, eu n\u00e3o vejo um cen\u00e1rio para redu\u00e7\u00e3o. Mas temos que ver como a nova pol\u00edtica vai funcionar \u2014 diz.<\/p>\n<\/div>\n<\/div>\n<\/article>\n<\/div>\n","protected":false},"excerpt":{"rendered":"<p>Entrada em vigor da nova pol\u00edtica de pre\u00e7os da Petrobras e mudan\u00e7a no valor do ICMS sobre combust\u00edveis podem provocar uma gangorra de valores nos postos Por Carolina Nalin e Bruno Rosa\u00a0\u2014 Rio de Janeiro A entrada em vigor da nova pol\u00edtica de pre\u00e7os da Petrobras\u00a0vai coincidir, nas pr\u00f3ximas semanas, com uma mudan\u00e7a no valor [&hellip;]<\/p>\n","protected":false},"author":2,"featured_media":0,"comment_status":"open","ping_status":"open","sticky":false,"template":"","format":"standard","meta":{"_links_to":"","_links_to_target":""},"categories":[1],"tags":[],"_links":{"self":[{"href":"https:\/\/www.ilheusnoticias.net.br\/v1\/wp-json\/wp\/v2\/posts\/32098"}],"collection":[{"href":"https:\/\/www.ilheusnoticias.net.br\/v1\/wp-json\/wp\/v2\/posts"}],"about":[{"href":"https:\/\/www.ilheusnoticias.net.br\/v1\/wp-json\/wp\/v2\/types\/post"}],"author":[{"embeddable":true,"href":"https:\/\/www.ilheusnoticias.net.br\/v1\/wp-json\/wp\/v2\/users\/2"}],"replies":[{"embeddable":true,"href":"https:\/\/www.ilheusnoticias.net.br\/v1\/wp-json\/wp\/v2\/comments?post=32098"}],"version-history":[{"count":1,"href":"https:\/\/www.ilheusnoticias.net.br\/v1\/wp-json\/wp\/v2\/posts\/32098\/revisions"}],"predecessor-version":[{"id":32099,"href":"https:\/\/www.ilheusnoticias.net.br\/v1\/wp-json\/wp\/v2\/posts\/32098\/revisions\/32099"}],"wp:attachment":[{"href":"https:\/\/www.ilheusnoticias.net.br\/v1\/wp-json\/wp\/v2\/media?parent=32098"}],"wp:term":[{"taxonomy":"category","embeddable":true,"href":"https:\/\/www.ilheusnoticias.net.br\/v1\/wp-json\/wp\/v2\/categories?post=32098"},{"taxonomy":"post_tag","embeddable":true,"href":"https:\/\/www.ilheusnoticias.net.br\/v1\/wp-json\/wp\/v2\/tags?post=32098"}],"curies":[{"name":"wp","href":"https:\/\/api.w.org\/{rel}","templated":true}]}}