{"id":32096,"date":"2023-05-29T13:28:34","date_gmt":"2023-05-29T16:28:34","guid":{"rendered":"https:\/\/www.ilheusnoticias.net.br\/v1\/?p=32096"},"modified":"2023-05-29T13:28:34","modified_gmt":"2023-05-29T16:28:34","slug":"associacao-de-bariatrica-de-ilheus-e-regiao-eleicao","status":"publish","type":"post","link":"https:\/\/www.ilheusnoticias.net.br\/v1\/2023\/05\/29\/associacao-de-bariatrica-de-ilheus-e-regiao-eleicao\/","title":{"rendered":"Associa\u00e7\u00e3o de Bari\u00e1trica de Ilh\u00e9us e Regi\u00e3o &#8211; Elei\u00e7\u00e3o"},"content":{"rendered":"<div class=\"Post\">\n<div class=\"Post-body\">\n<div class=\"Post-inner article\">\n<div class=\"PostFooterIcons metadata-icons\">\n<div align=\"center\"><\/div>\n<\/div>\n<\/div>\n<\/div>\n<\/div>\n<div class=\"Post\">\n<div class=\"Post-body\">\n<div class=\"Post-inner article\">\n<div class=\"PostHeaderIcons metadata-icons\"><\/div>\n<div class=\"PostContent\">\n<p><strong>ABIR<\/strong><\/p>\n<p><strong>Associa\u00e7\u00e3o de Bari\u00e1trica de Ilh\u00e9us e Regi\u00e3o<\/strong><\/p>\n<p><strong>CNPJ 46.820.035\/0001-78<\/strong><\/p>\n<p><strong>Hernani S\u00e1 \u2013 Ilh\u00e9us \u2013 Ba<\/strong><\/p>\n<p>&nbsp;<\/p>\n<p>&nbsp;<\/p>\n<p>Edital de Convoca\u00e7\u00e3o de Elei\u00e7\u00e3o<\/p>\n<p>&nbsp;<\/p>\n<p>&nbsp;<\/p>\n<p>A Presidente da Associa\u00e7\u00e3o de Bari\u00e1trica de Ilh\u00e9us e Regi\u00e3o, no uso de suas atribui\u00e7\u00f5es que lhe s\u00e3o conferidas pelo artigo 19, do Estatuto Social, CONVOCA todos os associados para elei\u00e7\u00e3o na nova Diretoria Executiva e do Conselho Fiscal, gest\u00e3o 2023\/2026.<\/p>\n<p>Os interessados em concorrer ao pleito, dever\u00e3o inscrever suas chapas conforme se segue:<\/p>\n<p>1) Edital de convoca\u00e7\u00e3o de Assembleia Geral Extraordin\u00e1ria para elei\u00e7\u00e3o da Diretroria Executiva e do Conselho Fiscal: 29\/05\/2023<\/p>\n<p>2) Periodo para inscri\u00e7\u00e3o de chapas: 29\/05\/2023 at\u00e9 09\/06\/2023.<\/p>\n<p>3) Prazo para homologa\u00e7\u00e3o das chapas: 09\/06\/2023 a 10\/06\/2023.<\/p>\n<p>4) Divulga\u00e7\u00e3o do deferimento das inscri\u00e7\u00f5es de chapas: 10\/06\/2023.<\/p>\n<p>5) Assembleia Geral Extraordin\u00e1ria para elei\u00e7\u00e3o e apura\u00e7\u00e3o dos votos: 27\/06\/2023, a partir das 14h, no sal\u00e3o de reuni\u00f5es da secretaria municipal de sa\u00fade de Ilh\u00e9us, situada a Rua Ara\u00fajo Pinho, sede da antiga empresa Embratel, Centro, nesta cidade.<\/p>\n<p>&nbsp;<\/p>\n<p>Ilh\u00e9us, 29 de maio de 2023<\/p>\n<p>&nbsp;<\/p>\n<p>Laudic\u00e9a Ferreira dos Santos<\/p>\n<p>Presidente<\/p>\n<\/div>\n<\/div>\n<\/div>\n<\/div>\n","protected":false},"excerpt":{"rendered":"<p>ABIR Associa\u00e7\u00e3o de Bari\u00e1trica de Ilh\u00e9us e Regi\u00e3o CNPJ 46.820.035\/0001-78 Hernani S\u00e1 \u2013 Ilh\u00e9us \u2013 Ba &nbsp; &nbsp; Edital de Convoca\u00e7\u00e3o de Elei\u00e7\u00e3o &nbsp; &nbsp; A Presidente da Associa\u00e7\u00e3o de Bari\u00e1trica de Ilh\u00e9us e Regi\u00e3o, no uso de suas atribui\u00e7\u00f5es que lhe s\u00e3o conferidas pelo artigo 19, do Estatuto Social, CONVOCA todos os associados para [&hellip;]<\/p>\n","protected":false},"author":2,"featured_media":0,"comment_status":"open","ping_status":"open","sticky":false,"template":"","format":"standard","meta":{"_links_to":"","_links_to_target":""},"categories":[1],"tags":[],"_links":{"self":[{"href":"https:\/\/www.ilheusnoticias.net.br\/v1\/wp-json\/wp\/v2\/posts\/32096"}],"collection":[{"href":"https:\/\/www.ilheusnoticias.net.br\/v1\/wp-json\/wp\/v2\/posts"}],"about":[{"href":"https:\/\/www.ilheusnoticias.net.br\/v1\/wp-json\/wp\/v2\/types\/post"}],"author":[{"embeddable":true,"href":"https:\/\/www.ilheusnoticias.net.br\/v1\/wp-json\/wp\/v2\/users\/2"}],"replies":[{"embeddable":true,"href":"https:\/\/www.ilheusnoticias.net.br\/v1\/wp-json\/wp\/v2\/comments?post=32096"}],"version-history":[{"count":1,"href":"https:\/\/www.ilheusnoticias.net.br\/v1\/wp-json\/wp\/v2\/posts\/32096\/revisions"}],"predecessor-version":[{"id":32097,"href":"https:\/\/www.ilheusnoticias.net.br\/v1\/wp-json\/wp\/v2\/posts\/32096\/revisions\/32097"}],"wp:attachment":[{"href":"https:\/\/www.ilheusnoticias.net.br\/v1\/wp-json\/wp\/v2\/media?parent=32096"}],"wp:term":[{"taxonomy":"category","embeddable":true,"href":"https:\/\/www.ilheusnoticias.net.br\/v1\/wp-json\/wp\/v2\/categories?post=32096"},{"taxonomy":"post_tag","embeddable":true,"href":"https:\/\/www.ilheusnoticias.net.br\/v1\/wp-json\/wp\/v2\/tags?post=32096"}],"curies":[{"name":"wp","href":"https:\/\/api.w.org\/{rel}","templated":true}]}}