{"id":32092,"date":"2023-05-29T13:25:08","date_gmt":"2023-05-29T16:25:08","guid":{"rendered":"https:\/\/www.ilheusnoticias.net.br\/v1\/?p=32092"},"modified":"2023-05-29T13:25:08","modified_gmt":"2023-05-29T16:25:08","slug":"guarda-municipal-de-ilheus-apresenta-programa-escola-segura-as-unidades-de-ensino-da-rede","status":"publish","type":"post","link":"https:\/\/www.ilheusnoticias.net.br\/v1\/2023\/05\/29\/guarda-municipal-de-ilheus-apresenta-programa-escola-segura-as-unidades-de-ensino-da-rede\/","title":{"rendered":"Guarda Municipal de Ilh\u00e9us apresenta Programa &#8216;Escola Segura&#8217; \u00e0s unidades de ensino da rede"},"content":{"rendered":"<p class=\"ds_chamada\">\n<div class=\"imagem thumbnail col-xs-12 col-sm-8 col-md-6 col-lg-6 imagem-materia\"><a class=\"fresco\" title=\"\" href=\"https:\/\/portalfacilarquivos.blob.core.windows.net\/uploads\/ILHEUS\/imgOrig\/%7BB030D8A8-3AC2-78B0-A2AA-A1B6CE0DCEEA%7D.jpg\" data-fresco-caption=\"\"><img loading=\"lazy\" title=\"\" src=\"https:\/\/portalfacilarquivos.blob.core.windows.net\/uploads\/ILHEUS\/img\/%7BB030D8A8-3AC2-78B0-A2AA-A1B6CE0DCEEA%7D\/%7BB030D8A8-3AC2-78B0-A2AA-A1B6CE0DCEEA%7D_650X450.jpg\" alt=\"escola segura\" width=\"650\" height=\"450\" \/><\/a><\/div>\n<p>Membros da Guarda Civil Municipal (GCM) visitaram na \u00faltima quinta-feira (25) a Escola Municipal S\u00e3o Pedro, no Salobrinho, para apresentar o programa Escola Segura. O encontro teve como objetivo estabelecer diretrizes e a\u00e7\u00f5es padronizadas, com foco na preven\u00e7\u00e3o da viol\u00eancia nas unidades escolares da rede municipal de ensino.<\/p>\n<p>\u201cA Guarda Municipal nos apresentou a finalidade do programa, sua metodologia, os temas que ser\u00e3o debatidos nas palestras, dicas de seguran\u00e7a, dentre outras quest\u00f5es important\u00edssimas&#8221;, ressaltou o diretor Michel Nascimento. Nesta semana acontecer\u00e1 uma reuni\u00e3o com os pais e os respons\u00e1veis dos alunos para implementar atividades e ampliar o debate sobre o tema.<\/p>\n<div class=\"imagem thumbnail col-xs-12 col-sm-8 col-md-6 col-lg-6 imagem-materia\"><a class=\"fresco\" title=\"\" href=\"https:\/\/portalfacilarquivos.blob.core.windows.net\/uploads\/ILHEUS\/imgOrig\/%7BCB68D5ED-3DDB-7AA4-CD7C-2EAE6C36AEEB%7D.jpg\" data-fresco-caption=\"\"><img loading=\"lazy\" title=\"\" src=\"https:\/\/portalfacilarquivos.blob.core.windows.net\/uploads\/ILHEUS\/img\/%7BCB68D5ED-3DDB-7AA4-CD7C-2EAE6C36AEEB%7D\/%7BCB68D5ED-3DDB-7AA4-CD7C-2EAE6C36AEEB%7D_650X450.jpg\" alt=\"escola segura\" width=\"650\" height=\"450\" \/><\/a>Criado pelo decreto n\u00ba 46\/2023, o Programa Escola Segura visa atuar na rede p\u00fablica como uma ferramenta de combate \u00e0 viol\u00eancia no ambiente escolar, garantindo o bem-estar e seguran\u00e7a dos alunos, profissionais e toda a comunidade. A proposta da atual gest\u00e3o \u00e9 atender a todos os estabelecimentos de ensino da rede, com patrulhamento preventivo, palestras, rodas de conversa, oficinas educativas e a\u00e7\u00f5es preventivas.<\/div>\n<p>A iniciativa\u00a0gerida pelas secretarias de Ordem P\u00fablica e Educa\u00e7\u00e3o\u00a0refor\u00e7a o v\u00ednculo de confian\u00e7a entre a escola e a GCM, com atividades de civismo e cidadania, abordando temas relevantes para promover uma gest\u00e3o democr\u00e1tica e a integra\u00e7\u00e3o entre escola e fam\u00edlia.<\/p>\n","protected":false},"excerpt":{"rendered":"<p>Membros da Guarda Civil Municipal (GCM) visitaram na \u00faltima quinta-feira (25) a Escola Municipal S\u00e3o Pedro, no Salobrinho, para apresentar o programa Escola Segura. O encontro teve como objetivo estabelecer diretrizes e a\u00e7\u00f5es padronizadas, com foco na preven\u00e7\u00e3o da viol\u00eancia nas unidades escolares da rede municipal de ensino. \u201cA Guarda Municipal nos apresentou a finalidade [&hellip;]<\/p>\n","protected":false},"author":2,"featured_media":0,"comment_status":"open","ping_status":"open","sticky":false,"template":"","format":"standard","meta":{"_links_to":"","_links_to_target":""},"categories":[1],"tags":[],"_links":{"self":[{"href":"https:\/\/www.ilheusnoticias.net.br\/v1\/wp-json\/wp\/v2\/posts\/32092"}],"collection":[{"href":"https:\/\/www.ilheusnoticias.net.br\/v1\/wp-json\/wp\/v2\/posts"}],"about":[{"href":"https:\/\/www.ilheusnoticias.net.br\/v1\/wp-json\/wp\/v2\/types\/post"}],"author":[{"embeddable":true,"href":"https:\/\/www.ilheusnoticias.net.br\/v1\/wp-json\/wp\/v2\/users\/2"}],"replies":[{"embeddable":true,"href":"https:\/\/www.ilheusnoticias.net.br\/v1\/wp-json\/wp\/v2\/comments?post=32092"}],"version-history":[{"count":1,"href":"https:\/\/www.ilheusnoticias.net.br\/v1\/wp-json\/wp\/v2\/posts\/32092\/revisions"}],"predecessor-version":[{"id":32093,"href":"https:\/\/www.ilheusnoticias.net.br\/v1\/wp-json\/wp\/v2\/posts\/32092\/revisions\/32093"}],"wp:attachment":[{"href":"https:\/\/www.ilheusnoticias.net.br\/v1\/wp-json\/wp\/v2\/media?parent=32092"}],"wp:term":[{"taxonomy":"category","embeddable":true,"href":"https:\/\/www.ilheusnoticias.net.br\/v1\/wp-json\/wp\/v2\/categories?post=32092"},{"taxonomy":"post_tag","embeddable":true,"href":"https:\/\/www.ilheusnoticias.net.br\/v1\/wp-json\/wp\/v2\/tags?post=32092"}],"curies":[{"name":"wp","href":"https:\/\/api.w.org\/{rel}","templated":true}]}}