{"id":32090,"date":"2023-05-29T13:23:37","date_gmt":"2023-05-29T16:23:37","guid":{"rendered":"https:\/\/www.ilheusnoticias.net.br\/v1\/?p=32090"},"modified":"2023-05-29T13:23:37","modified_gmt":"2023-05-29T16:23:37","slug":"prefeito-confere-acoes-de-saude-no-teotonio-vilela-e-servicos-de-pavimentacao-em-olivenca","status":"publish","type":"post","link":"https:\/\/www.ilheusnoticias.net.br\/v1\/2023\/05\/29\/prefeito-confere-acoes-de-saude-no-teotonio-vilela-e-servicos-de-pavimentacao-em-olivenca\/","title":{"rendered":"Prefeito confere a\u00e7\u00f5es de sa\u00fade no Teot\u00f4nio Vilela e servi\u00e7os de pavimenta\u00e7\u00e3o em Oliven\u00e7a"},"content":{"rendered":"<div class=\"imagem thumbnail col-xs-12 col-sm-8 col-md-6 col-lg-6 imagem-materia\"><a class=\"fresco\" title=\"\" href=\"https:\/\/portalfacilarquivos.blob.core.windows.net\/uploads\/ILHEUS\/imgOrig\/%7BCB6EEE43-5A3B-B6A5-C2AA-DCA7A8417D7A%7D.jpg\" data-fresco-caption=\"\"><img loading=\"lazy\" title=\"\" src=\"https:\/\/portalfacilarquivos.blob.core.windows.net\/uploads\/ILHEUS\/img\/%7BCB6EEE43-5A3B-B6A5-C2AA-DCA7A8417D7A%7D\/%7BCB6EEE43-5A3B-B6A5-C2AA-DCA7A8417D7A%7D_650X450.jpg\" alt=\"sa\u00fade na comunidade\" width=\"650\" height=\"450\" \/><\/a><\/div>\n<p>No \u00faltimo s\u00e1bado (27), o prefeito M\u00e1rio Alexandre checou o andamento de obras e servi\u00e7os realizados em Ilh\u00e9us. Acompanhado do vice-prefeito Bebeto Galv\u00e3o, o gestor participou das a\u00e7\u00f5es do Programa Sa\u00fade na Comunidade, no bairro Teot\u00f4nio Vilela. O atendimento beneficiou cerca de 500 pessoas, com a oferta de exames laboratoriais, exame preventivo, servi\u00e7os odontol\u00f3gicos, Eletrocardiograma, consultas m\u00e9dicas e vacina\u00e7\u00e3o humana e animal.<\/p>\n<p>\u201cGra\u00e7as a Deus tivemos a oportunidade de participar desse momento. Eu aproveitei para cuidar dos meus dentes e agrade\u00e7o a toda equipe pelo servi\u00e7o\u201d, disse a moradora Ros\u00e2ngela Santos. Para Maria de Jesus, conhecida como Lurdinha, \u201co atendimento foi perfeito, uma oportunidade para muita gente. Parab\u00e9ns ao nosso prefeito por se preocupar com todos n\u00f3s\u201d, comentou.<\/p>\n<div class=\"imagem thumbnail col-xs-12 col-sm-8 col-md-6 col-lg-6 imagem-materia\"><a class=\"fresco\" title=\"\" href=\"https:\/\/portalfacilarquivos.blob.core.windows.net\/uploads\/ILHEUS\/imgOrig\/%7BE1DC15EA-6A3D-1ACA-DE77-E476ECB1BEBA%7D.jpg\" data-fresco-caption=\"\"><img loading=\"lazy\" class=\"alignnone size-full wp-image-32084\" src=\"https:\/\/www.ilheusnoticias.net.br\/v1\/wp-content\/uploads\/2023\/05\/WhatsApp-Image-2023-05-28-at-13.06.12.jpeg\" alt=\"\" width=\"600\" height=\"450\" srcset=\"https:\/\/www.ilheusnoticias.net.br\/v1\/wp-content\/uploads\/2023\/05\/WhatsApp-Image-2023-05-28-at-13.06.12.jpeg 600w, https:\/\/www.ilheusnoticias.net.br\/v1\/wp-content\/uploads\/2023\/05\/WhatsApp-Image-2023-05-28-at-13.06.12-300x225.jpeg 300w\" sizes=\"(max-width: 600px) 100vw, 600px\" \/><\/a><\/p>\n<p class=\"bg-primary\">O Programa Sa\u00fade na Comunidade visa consolidar a Aten\u00e7\u00e3o B\u00e1sica, respons\u00e1vel por solucionar 80% dos problemas de sa\u00fade da popula\u00e7\u00e3o, al\u00e9m de descentralizar a assist\u00eancia e atender as necessidades e caracter\u00edsticas de cada localidade.<\/p>\n<\/div>\n<p><strong>Infraestrutura \u2013\u00a0<\/strong>Dando continuidade \u00e0 agenda, M\u00e1rio Alexandre vistoriou o servi\u00e7o de drenagem e pavimenta\u00e7\u00e3o na Rua dos Crentes, em Oliven\u00e7a. A obra tem investimento de aproximadamente R$ 1,5 milh\u00e3o, fruto de emenda do deputado federal Jorge Solla, e compreende trecho de 1 km.<\/p>\n<p>\u201cMais uma comunidade que estamos retirando da lama. Conversei com alguns moradores e eles aguardavam por essa benfeitoria h\u00e1 mais de 30 anos. Essa uni\u00e3o de esfor\u00e7os transforma a realidade do meu povo, atrav\u00e9s de emenda do deputado Jorge Solla e da articula\u00e7\u00e3o com o nosso governador Jer\u00f4nimo Rodrigues, que entende a import\u00e2ncia desse servi\u00e7o. Nos pr\u00f3ximos dias tamb\u00e9m iremos recuperar o acesso \u00e0 estrada de Sapucaeira\u201d, destacou o prefeito.<\/p>\n","protected":false},"excerpt":{"rendered":"<p>No \u00faltimo s\u00e1bado (27), o prefeito M\u00e1rio Alexandre checou o andamento de obras e servi\u00e7os realizados em Ilh\u00e9us. Acompanhado do vice-prefeito Bebeto Galv\u00e3o, o gestor participou das a\u00e7\u00f5es do Programa Sa\u00fade na Comunidade, no bairro Teot\u00f4nio Vilela. O atendimento beneficiou cerca de 500 pessoas, com a oferta de exames laboratoriais, exame preventivo, servi\u00e7os odontol\u00f3gicos, Eletrocardiograma, [&hellip;]<\/p>\n","protected":false},"author":2,"featured_media":0,"comment_status":"open","ping_status":"open","sticky":false,"template":"","format":"standard","meta":{"_links_to":"","_links_to_target":""},"categories":[1],"tags":[],"_links":{"self":[{"href":"https:\/\/www.ilheusnoticias.net.br\/v1\/wp-json\/wp\/v2\/posts\/32090"}],"collection":[{"href":"https:\/\/www.ilheusnoticias.net.br\/v1\/wp-json\/wp\/v2\/posts"}],"about":[{"href":"https:\/\/www.ilheusnoticias.net.br\/v1\/wp-json\/wp\/v2\/types\/post"}],"author":[{"embeddable":true,"href":"https:\/\/www.ilheusnoticias.net.br\/v1\/wp-json\/wp\/v2\/users\/2"}],"replies":[{"embeddable":true,"href":"https:\/\/www.ilheusnoticias.net.br\/v1\/wp-json\/wp\/v2\/comments?post=32090"}],"version-history":[{"count":1,"href":"https:\/\/www.ilheusnoticias.net.br\/v1\/wp-json\/wp\/v2\/posts\/32090\/revisions"}],"predecessor-version":[{"id":32091,"href":"https:\/\/www.ilheusnoticias.net.br\/v1\/wp-json\/wp\/v2\/posts\/32090\/revisions\/32091"}],"wp:attachment":[{"href":"https:\/\/www.ilheusnoticias.net.br\/v1\/wp-json\/wp\/v2\/media?parent=32090"}],"wp:term":[{"taxonomy":"category","embeddable":true,"href":"https:\/\/www.ilheusnoticias.net.br\/v1\/wp-json\/wp\/v2\/categories?post=32090"},{"taxonomy":"post_tag","embeddable":true,"href":"https:\/\/www.ilheusnoticias.net.br\/v1\/wp-json\/wp\/v2\/tags?post=32090"}],"curies":[{"name":"wp","href":"https:\/\/api.w.org\/{rel}","templated":true}]}}