{"id":32076,"date":"2023-05-28T07:49:23","date_gmt":"2023-05-28T10:49:23","guid":{"rendered":"https:\/\/www.ilheusnoticias.net.br\/v1\/?p=32076"},"modified":"2023-05-28T07:49:23","modified_gmt":"2023-05-28T10:49:23","slug":"tragedia-morreu-o-pm-paulo-cesar-durante-partida-de-futebol-na-aabb","status":"publish","type":"post","link":"https:\/\/www.ilheusnoticias.net.br\/v1\/2023\/05\/28\/tragedia-morreu-o-pm-paulo-cesar-durante-partida-de-futebol-na-aabb\/","title":{"rendered":"Trag\u00e9dia: Morreu o PM Paulo Cesar durante partida de futebol na AABB"},"content":{"rendered":"<header class=\"entry-header\">\n<div class=\"entry-meta\"><\/div>\n<\/header>\n<div class=\"entry-content\">\n<figure id=\"attachment_86812\" class=\"wp-caption aligncenter\" aria-describedby=\"caption-attachment-86812\"><img loading=\"lazy\" class=\"size-full wp-image-86812\" src=\"https:\/\/fabiorobertonoticias.com.br\/wp-content\/uploads\/2023\/05\/Screenshot_20230527-154914-266.jpg\" sizes=\"(max-width: 1000px) 100vw, 1000px\" srcset=\"https:\/\/fabiorobertonoticias.com.br\/wp-content\/uploads\/2023\/05\/Screenshot_20230527-154914-266.jpg 1000w, https:\/\/fabiorobertonoticias.com.br\/wp-content\/uploads\/2023\/05\/Screenshot_20230527-154914-266-300x294.jpg 300w, https:\/\/fabiorobertonoticias.com.br\/wp-content\/uploads\/2023\/05\/Screenshot_20230527-154914-266-768x753.jpg 768w\" alt=\"\" width=\"1000\" height=\"981\" \/><figcaption id=\"caption-attachment-86812\" class=\"wp-caption-text\"><\/figcaption><\/figure>\n<p>Uma triste trag\u00e9dia, ceifou a vida do policial militar Paulo C\u00e9sar Ramos de Souza, 52 anos, que mesmo sendo socorrido por seu amigos de futebol, de forma urgente, n\u00e3o resistiu e veio a \u00f3bito, horas ap\u00f3s o tr\u00e1gico acidente ontem dia 27, Bastante feliz e participativo no baba que j\u00e1 jogava h\u00e1 anos na AABB\/Ilh\u00e9us, ele , numa de suas defesas\u00a0 bateu a cabe\u00e7a no muro e caiu j\u00e1 desacordado.<\/p>\n<p>Durante o socorro, estivemos presente, quando observamos que com muita urg\u00eancia medida foram tomadas e\u00a0 o PM recebeu os primeiros atendimentos ainda no local da trag\u00e9dia por um policial, que tamb\u00e9m \u00e9 enfermeiro, e, logo em seguida, foi levado para o PA da zona sul, mas, devido a gravidade, foi transferido em uma ambul\u00e2ncia do corpo de bombeiros para Hospital Costa do Cacau, onde chegou inconsciente, com suspeita de traumatismo craniano, e sangramento pelos ouvidos.<\/p>\n<p>O Cabo PM Paulo C\u00e9sar estava lotado na 68\u00aa CIPM e fazia parte do 2\u00ba Pelot\u00e3o do bairro do Malhado.<\/p>\n<p>Deixamos aqui a nossos sentimentos a toda corpora\u00e7\u00e3o , familiares e amigos. Descana em paz guerreiro.<\/p>\n<\/div>\n","protected":false},"excerpt":{"rendered":"<p>Uma triste trag\u00e9dia, ceifou a vida do policial militar Paulo C\u00e9sar Ramos de Souza, 52 anos, que mesmo sendo socorrido por seu amigos de futebol, de forma urgente, n\u00e3o resistiu e veio a \u00f3bito, horas ap\u00f3s o tr\u00e1gico acidente ontem dia 27, Bastante feliz e participativo no baba que j\u00e1 jogava h\u00e1 anos na AABB\/Ilh\u00e9us, [&hellip;]<\/p>\n","protected":false},"author":2,"featured_media":0,"comment_status":"open","ping_status":"open","sticky":false,"template":"","format":"standard","meta":{"_links_to":"","_links_to_target":""},"categories":[1],"tags":[],"_links":{"self":[{"href":"https:\/\/www.ilheusnoticias.net.br\/v1\/wp-json\/wp\/v2\/posts\/32076"}],"collection":[{"href":"https:\/\/www.ilheusnoticias.net.br\/v1\/wp-json\/wp\/v2\/posts"}],"about":[{"href":"https:\/\/www.ilheusnoticias.net.br\/v1\/wp-json\/wp\/v2\/types\/post"}],"author":[{"embeddable":true,"href":"https:\/\/www.ilheusnoticias.net.br\/v1\/wp-json\/wp\/v2\/users\/2"}],"replies":[{"embeddable":true,"href":"https:\/\/www.ilheusnoticias.net.br\/v1\/wp-json\/wp\/v2\/comments?post=32076"}],"version-history":[{"count":1,"href":"https:\/\/www.ilheusnoticias.net.br\/v1\/wp-json\/wp\/v2\/posts\/32076\/revisions"}],"predecessor-version":[{"id":32077,"href":"https:\/\/www.ilheusnoticias.net.br\/v1\/wp-json\/wp\/v2\/posts\/32076\/revisions\/32077"}],"wp:attachment":[{"href":"https:\/\/www.ilheusnoticias.net.br\/v1\/wp-json\/wp\/v2\/media?parent=32076"}],"wp:term":[{"taxonomy":"category","embeddable":true,"href":"https:\/\/www.ilheusnoticias.net.br\/v1\/wp-json\/wp\/v2\/categories?post=32076"},{"taxonomy":"post_tag","embeddable":true,"href":"https:\/\/www.ilheusnoticias.net.br\/v1\/wp-json\/wp\/v2\/tags?post=32076"}],"curies":[{"name":"wp","href":"https:\/\/api.w.org\/{rel}","templated":true}]}}