{"id":32072,"date":"2023-05-28T07:38:06","date_gmt":"2023-05-28T10:38:06","guid":{"rendered":"https:\/\/www.ilheusnoticias.net.br\/v1\/?p=32072"},"modified":"2023-05-28T07:38:07","modified_gmt":"2023-05-28T10:38:07","slug":"stf-mantem-decreto-de-fhc-que-permite-demissao-sem-justa-causa","status":"publish","type":"post","link":"https:\/\/www.ilheusnoticias.net.br\/v1\/2023\/05\/28\/stf-mantem-decreto-de-fhc-que-permite-demissao-sem-justa-causa\/","title":{"rendered":"STF mant\u00e9m decreto de FHC que permite demiss\u00e3o sem justa causa"},"content":{"rendered":"<div class=\"row content-head non-featured \">\n<div class=\"title\" data-block-type=\"title\" data-block-id=\"0\">\n<h1 class=\"content-head__title\"><span style=\"font-size: 16px;\">Por g1 \u2014 Bras\u00edlia<\/span><\/h1>\n<\/div>\n<\/div>\n<div class=\"mc-article-body\">\n<article>\n<div id=\"chunk-5236d\">\n<div class=\"mc-column content-text active-extra-styles active-capital-letter\" data-block-type=\"unstyled\" data-block-weight=\"42\" data-block-id=\"2\">\n<p class=\"content-text__container theme-color-primary-first-letter\" data-track-category=\"Link no Texto\" data-track-links=\"\">O Supremo Tribunal Federal (<a class=\"\" href=\"https:\/\/g1.globo.com\/tudo-sobre\/supremo-tribunal-federal\/\">STF<\/a>) manteve um decreto do ex-presidente Fernando Henrique Cardoso (FHC), que liberou o Brasil, sem o aval do Congresso, da aplica\u00e7\u00e3o da conven\u00e7\u00e3o 158 da Organiza\u00e7\u00e3o Internacional do Trabalho (OIT). A decis\u00e3o foi por 6 votos a 5.<\/p>\n<\/div>\n<\/div>\n<div class=\"wall protected-content\">\n<div id=\"chunk-fmj2r\">\n<div class=\"mc-column content-text active-extra-styles \" data-block-type=\"unstyled\" data-block-weight=\"36\" data-block-id=\"3\">\n<p class=\"content-text__container \" data-track-category=\"Link no Texto\" data-track-links=\"\">Na pr\u00e1tica,\u00a0<strong><span class=\"highlight highlighted\">o decreto de FHC permitiu aos empregadores demitir um trabalhador sem justa causa<\/span><\/strong>, j\u00e1 que a conven\u00e7\u00e3o 158 da OIT obrigava o empregador a justificar a raz\u00e3o pela qual estava demitindo o trabalhador.<\/p>\n<\/div>\n<\/div>\n<div id=\"chunk-8btjc\">\n<div class=\"mc-column content-text active-extra-styles \" data-block-type=\"unstyled\" data-block-weight=\"28\" data-block-id=\"4\">\n<p class=\"content-text__container \" data-track-category=\"Link no Texto\" data-track-links=\"\">O decreto \u00e9 de dezembro de 1996 e est\u00e1 em vigor desde ent\u00e3o. Em fevereiro de 1997, a Confedera\u00e7\u00e3o Nacional dos Trabalhadores na Agricultura (Contag) acionou o Supremo.<\/p>\n<\/div>\n<\/div>\n<div id=\"chunk-23md5\">\n<div class=\"mc-column content-text active-extra-styles \" data-block-type=\"unstyled\" data-block-weight=\"53\" data-block-id=\"5\">\n<p class=\"content-text__container \" data-track-category=\"Link no Texto\" data-track-links=\"\">Para a Contag, o presidente n\u00e3o poderia tomar a decis\u00e3o de deixar de cumprir o tratado sem que houvesse um aval do Congresso Nacional. Isso porque, pela Constitui\u00e7\u00e3o, o processo de incorpora\u00e7\u00e3o de uma conven\u00e7\u00e3o \u00e0s leis do pa\u00eds \u00e9 um rito com a participa\u00e7\u00e3o tanto do Poder Executivo quanto do Poder Legislativo.<\/p>\n<\/div>\n<\/div>\n<div id=\"chunk-54pak\">\n<div class=\"mc-column content-text active-extra-styles \" data-block-type=\"unstyled\" data-block-weight=\"37\" data-block-id=\"6\">\n<p class=\"content-text__container \" data-track-category=\"Link no Texto\" data-track-links=\"\"><a class=\"\" href=\"https:\/\/g1.globo.com\/politica\/noticia\/2023\/05\/19\/stf-retoma-julgamento-de-acao-que-contesta-retirada-do-brasil-de-convencao-da-oit.ghtml\"><strong><span class=\"highlight highlighted\">O caso acabou tramitando no STF por mais de 20 anos<\/span><\/strong><\/a><strong><span class=\"highlight highlighted\">\u00a0e s\u00f3 foi ter uma defini\u00e7\u00e3o na sexta-feira (26)<\/span><\/strong>, atrav\u00e9s de uma vota\u00e7\u00e3o finalizada pelo plen\u00e1rio virtual \u2014 em que os ministros registram seus votos virtualmente.<\/p>\n<\/div>\n<\/div>\n<div id=\"chunk-dtg6k\">\n<div class=\"mc-column content-text active-extra-styles \" data-block-type=\"unstyled\" data-block-weight=\"43\" data-block-id=\"7\">\n<p class=\"content-text__container \" data-track-category=\"Link no Texto\" data-track-links=\"\">Por maioria, os ministros decidiram que a sa\u00edda do Brasil de tratados internacionais aprovados pelo Congresso Nacional exige o aval dos parlamentares. Por\u00e9m, a regra s\u00f3 se aplicar\u00e1 daqui para frente, n\u00e3o afetando os decretos feitos anteriormente, mesmo que sem aval do Congresso.<\/p>\n<\/div>\n<\/div>\n<div id=\"chunk-6akbn\">\n<div class=\"content-ads content-ads--reveal\" data-block-type=\"ads\" data-block-id=\"8\">\n<div id=\"banner_materia2\" class=\"tag-manager-publicidade-container mc-has-reveal mc-has-ad-lazyload tag-manager-publicidade-banner_materia2 tag-manager-publicidade-container--carregado tag-manager-publicidade-container--visivel\" data-id=\"banner_materia2\" data-google-query-id=\"CP-T_uLol_8CFd-FlQIdRgUI1A\">\n<div id=\"google_ads_iframe_\/95377733\/tvg_G1\/Politica_3__container__\">Ou seja, <strong><span class=\"highlight highlighted\">o decreto que renunciou a ades\u00e3o do Brasil \u00e0 conven\u00e7\u00e3o 158 da OIT continuar\u00e1 v\u00e1lido.<\/span><\/strong><\/div>\n<\/div>\n<\/div>\n<\/div>\n<div data-track-category=\"multicontent\" data-track-action=\"ultimo chunk conteudo\" data-track-noninteraction=\"false\" data-track-scroll=\"view\">\n<div id=\"chunk-9bes4\">\n<div class=\"mc-column content-text active-extra-styles \" data-block-type=\"unstyled\" data-block-weight=\"93\" data-block-id=\"10\">\n<p class=\"content-text__container \" data-track-category=\"Link no Texto\" data-track-links=\"\">&#8220;Com as mais respeitosas v\u00eanias aos entendimentos diversos, acompanho a diverg\u00eancia inaugurada pelo Ministro Teori Zavascki, na linha do quanto ponderado pelos Ministros Dias Toffoli e Gilmar Mendes, ou seja, de que a den\u00fancia, pelo Presidente da Rep\u00fablica, de tratados internacionais aprovados pelo Congresso Nacional exige a sua aprova\u00e7\u00e3o para a produ\u00e7\u00e3o de efeitos no ordenamento jur\u00eddico interno, possuindo efeitos prospectivos a partir da publica\u00e7\u00e3o da ata de julgamento desta a\u00e7\u00e3o, preservada a efic\u00e1cia das den\u00fancias em per\u00edodo anterior a tal data&#8221;, escreveu o ministro Kassio Nunes Marques, o \u00faltimo a votar.<\/p>\n<\/div>\n<\/div>\n<\/div>\n<\/div>\n<\/article>\n<\/div>\n","protected":false},"excerpt":{"rendered":"<p>Por g1 \u2014 Bras\u00edlia O Supremo Tribunal Federal (STF) manteve um decreto do ex-presidente Fernando Henrique Cardoso (FHC), que liberou o Brasil, sem o aval do Congresso, da aplica\u00e7\u00e3o da conven\u00e7\u00e3o 158 da Organiza\u00e7\u00e3o Internacional do Trabalho (OIT). A decis\u00e3o foi por 6 votos a 5. Na pr\u00e1tica,\u00a0o decreto de FHC permitiu aos empregadores demitir [&hellip;]<\/p>\n","protected":false},"author":2,"featured_media":0,"comment_status":"open","ping_status":"open","sticky":false,"template":"","format":"standard","meta":{"_links_to":"","_links_to_target":""},"categories":[1],"tags":[],"_links":{"self":[{"href":"https:\/\/www.ilheusnoticias.net.br\/v1\/wp-json\/wp\/v2\/posts\/32072"}],"collection":[{"href":"https:\/\/www.ilheusnoticias.net.br\/v1\/wp-json\/wp\/v2\/posts"}],"about":[{"href":"https:\/\/www.ilheusnoticias.net.br\/v1\/wp-json\/wp\/v2\/types\/post"}],"author":[{"embeddable":true,"href":"https:\/\/www.ilheusnoticias.net.br\/v1\/wp-json\/wp\/v2\/users\/2"}],"replies":[{"embeddable":true,"href":"https:\/\/www.ilheusnoticias.net.br\/v1\/wp-json\/wp\/v2\/comments?post=32072"}],"version-history":[{"count":1,"href":"https:\/\/www.ilheusnoticias.net.br\/v1\/wp-json\/wp\/v2\/posts\/32072\/revisions"}],"predecessor-version":[{"id":32073,"href":"https:\/\/www.ilheusnoticias.net.br\/v1\/wp-json\/wp\/v2\/posts\/32072\/revisions\/32073"}],"wp:attachment":[{"href":"https:\/\/www.ilheusnoticias.net.br\/v1\/wp-json\/wp\/v2\/media?parent=32072"}],"wp:term":[{"taxonomy":"category","embeddable":true,"href":"https:\/\/www.ilheusnoticias.net.br\/v1\/wp-json\/wp\/v2\/categories?post=32072"},{"taxonomy":"post_tag","embeddable":true,"href":"https:\/\/www.ilheusnoticias.net.br\/v1\/wp-json\/wp\/v2\/tags?post=32072"}],"curies":[{"name":"wp","href":"https:\/\/api.w.org\/{rel}","templated":true}]}}