{"id":32068,"date":"2023-05-28T07:33:23","date_gmt":"2023-05-28T10:33:23","guid":{"rendered":"https:\/\/www.ilheusnoticias.net.br\/v1\/?p=32068"},"modified":"2023-05-28T07:33:23","modified_gmt":"2023-05-28T10:33:23","slug":"marina-silva-diz-que-lula-vai-vetar-trecho-da-mp-da-mata-atlantica","status":"publish","type":"post","link":"https:\/\/www.ilheusnoticias.net.br\/v1\/2023\/05\/28\/marina-silva-diz-que-lula-vai-vetar-trecho-da-mp-da-mata-atlantica\/","title":{"rendered":"Marina Silva\u00a0diz que Lula vai vetar trecho da MP da Mata Atl\u00e2ntica"},"content":{"rendered":"<div class=\"col-lg-12 mb-3\">\n<div class=\"post-image\"><a href=\"https:\/\/agenciabrasil.ebc.com.br\/geral\/noticia\/2023-05\/lula-vai-vetar-trecho-da-mp-da-mata-atlantica-diz-marina-silva#\"><img id=\"media-328946\" class=\"rounded-lg shadow-sm w-100\" title=\"Lula Marques\/ Ag\u00eancia Brasil\" src=\"https:\/\/imagens.ebc.com.br\/Rw54lHMfyMaHhgkRcAAi5OBZwZ8=\/1170x700\/smart\/https:\/\/agenciabrasil.ebc.com.br\/sites\/default\/files\/thumbnails\/image\/lula0784-8.jpg?itok=TPmKFwff\" alt=\"Bras\u00edlia (DF) 24\/05\/2023 Ministra do meio ambiente, Marina silva, durante audi\u00eancia publica na comiss\u00e3o de meio ambiente da C\u00e2mara. Foto Lula Marques\/ Ag\u00eancia Brasil.\" \/>\u00a9 Lula Marques\/ Ag\u00eancia Brasil<\/a><\/div>\n<\/div>\n<div class=\"col-lg-12 mb-3\">\n<div class=\"row\">\n<div class=\"col-10 offset-1 animated fadeInDown dealy-1100 alt-font text-center\"><a href=\"https:\/\/agenciabrasil.ebc.com.br\/geral\"><span class=\"badge badge-pill badge-primary\">Geral<\/span><\/a><\/div>\n<\/div>\n<ul class=\"divider social-icons si-border round si-colored-bg-on-hover my-3\">\u00a0Publicado em 27\/05\/2023 &#8211; 17:12 Por Paula Laboissi\u00e8re \u2013 Rep\u00f3rter da Ag\u00eancia Brasil* &#8211; Bras\u00edlia<\/ul>\n<div class=\"row\">\n<div id=\"tts-container\" class=\"col-xl-7 offset-xl-1 col-lg-8 offset-lg-0 col-md-10 offset-md-1 mb-3\">\n<h4 class=\"alt-font font-italic small text-info text-left\">A ministra do Meio Ambiente e Mudan\u00e7a do Clima, Marina Silva, disse neste s\u00e1bado (27) que o presidente Luiz In\u00e1cio Lula da Silva vai vetar um dispositivo da Medida Provis\u00f3ria 1150\/22, conhecida MP da Mata Atl\u00e2ntica, aprovada na \u00faltima quarta-feira (24) pela C\u00e2mara dos Deputados. \u00a0<img src=\"https:\/\/agenciabrasil.ebc.com.br\/ebc.png?id=1535706&amp;o=node\" \/><img src=\"https:\/\/agenciabrasil.ebc.com.br\/ebc.gif?id=1535706&amp;o=node\" \/><\/h4>\n<\/div>\n<\/div>\n<\/div>\n<div class=\"col-xl-7 offset-xl-1 col-lg-8 offset-lg-0 col-md-10 offset-md-1 mb-3\">\n<div class=\"post-item alt-font\">\n<div class=\"post-item-wrap\">\n<p>O texto aprovado pelos deputados federais altera a Lei da Mata Atl\u00e2ntica (Lei 11.428\/06) para permitir o desmatamento de \u00e1rea onde haver\u00e1\u00a0implanta\u00e7\u00e3o de linhas de transmiss\u00e3o de energia el\u00e9trica, de gasoduto ou de sistemas de abastecimento p\u00fablico de \u00e1gua, sem necessidade de estudo pr\u00e9vio de impacto ambiental ou compensa\u00e7\u00e3o de qualquer natureza. Dispensa\u00a0ainda a captura, coleta e transporte de animais silvestres, garantida apenas sua afugenta\u00e7\u00e3o. O texto prev\u00ea tamb\u00e9m, dentre outros pontos, que a vegeta\u00e7\u00e3o secund\u00e1ria em est\u00e1gio m\u00e9dio de regenera\u00e7\u00e3o poder\u00e1 ser derrubada para fins de utilidade p\u00fablica mesmo quando houver alternativa t\u00e9cnica ou de outro local para o empreendimento. A MP vai agora para san\u00e7\u00e3o presidencial<\/p>\n<p>Em v\u00eddeo postado nas redes sociais em raz\u00e3o do Dia Nacional da Mata Atl\u00e2ntica, celebrado hoje, Marina Silva destacou movimentos da sociedade que d\u00e3o suporte \u00e0 cria\u00e7\u00e3o de medidas protetivas ao bioma. \u201cVenho refor\u00e7ar o compromisso que o presidente Lula tem assumido em vetar as emendas que atacam a Lei da Mata Atl\u00e2ntica\u201d.<\/p>\n<p>\u201cTivemos ontem uma not\u00edcia muito ruim: aquele dispositivo que dificulta sobremaneira a prote\u00e7\u00e3o da Mata Atl\u00e2ntica havia voltado. Mas, hoje, temos uma not\u00edcia boa: como da primeira vez em que esse dispositivo veio \u00e0 cena, o presidente Lula novamente disse que ir\u00e1 vetar\u201d, disse. \u201cE \u00e9 isso que n\u00f3s precisamos: de leis que ajudem a proteger todos os biomas brasileiros. E a Mata Atl\u00e2ntica, que j\u00e1 foi t\u00e3o castigada pela destrui\u00e7\u00e3o, consegue agora se regenerar gra\u00e7as a leis protetivas\u201d, completou.<\/p>\n<\/div>\n<\/div>\n<\/div>\n","protected":false},"excerpt":{"rendered":"<p>\u00a9 Lula Marques\/ Ag\u00eancia Brasil Geral \u00a0Publicado em 27\/05\/2023 &#8211; 17:12 Por Paula Laboissi\u00e8re \u2013 Rep\u00f3rter da Ag\u00eancia Brasil* &#8211; Bras\u00edlia A ministra do Meio Ambiente e Mudan\u00e7a do Clima, Marina Silva, disse neste s\u00e1bado (27) que o presidente Luiz In\u00e1cio Lula da Silva vai vetar um dispositivo da Medida Provis\u00f3ria 1150\/22, conhecida MP da [&hellip;]<\/p>\n","protected":false},"author":2,"featured_media":0,"comment_status":"open","ping_status":"open","sticky":false,"template":"","format":"standard","meta":{"_links_to":"","_links_to_target":""},"categories":[1],"tags":[],"_links":{"self":[{"href":"https:\/\/www.ilheusnoticias.net.br\/v1\/wp-json\/wp\/v2\/posts\/32068"}],"collection":[{"href":"https:\/\/www.ilheusnoticias.net.br\/v1\/wp-json\/wp\/v2\/posts"}],"about":[{"href":"https:\/\/www.ilheusnoticias.net.br\/v1\/wp-json\/wp\/v2\/types\/post"}],"author":[{"embeddable":true,"href":"https:\/\/www.ilheusnoticias.net.br\/v1\/wp-json\/wp\/v2\/users\/2"}],"replies":[{"embeddable":true,"href":"https:\/\/www.ilheusnoticias.net.br\/v1\/wp-json\/wp\/v2\/comments?post=32068"}],"version-history":[{"count":1,"href":"https:\/\/www.ilheusnoticias.net.br\/v1\/wp-json\/wp\/v2\/posts\/32068\/revisions"}],"predecessor-version":[{"id":32069,"href":"https:\/\/www.ilheusnoticias.net.br\/v1\/wp-json\/wp\/v2\/posts\/32068\/revisions\/32069"}],"wp:attachment":[{"href":"https:\/\/www.ilheusnoticias.net.br\/v1\/wp-json\/wp\/v2\/media?parent=32068"}],"wp:term":[{"taxonomy":"category","embeddable":true,"href":"https:\/\/www.ilheusnoticias.net.br\/v1\/wp-json\/wp\/v2\/categories?post=32068"},{"taxonomy":"post_tag","embeddable":true,"href":"https:\/\/www.ilheusnoticias.net.br\/v1\/wp-json\/wp\/v2\/tags?post=32068"}],"curies":[{"name":"wp","href":"https:\/\/api.w.org\/{rel}","templated":true}]}}