{"id":32061,"date":"2023-05-28T07:20:26","date_gmt":"2023-05-28T10:20:26","guid":{"rendered":"https:\/\/www.ilheusnoticias.net.br\/v1\/?p=32061"},"modified":"2023-05-28T07:20:26","modified_gmt":"2023-05-28T10:20:26","slug":"prefeito-mario-alexandre-vistoria-obras-do-complexo-de-saude-no-banco-da-vitoria","status":"publish","type":"post","link":"https:\/\/www.ilheusnoticias.net.br\/v1\/2023\/05\/28\/prefeito-mario-alexandre-vistoria-obras-do-complexo-de-saude-no-banco-da-vitoria\/","title":{"rendered":"Prefeito M\u00e1rio Alexandre vistoria obras do Complexo de Sa\u00fade no Banco da Vit\u00f3ria"},"content":{"rendered":"<p class=\"dt_materia\">\n<div class=\"imagem thumbnail col-xs-12 col-sm-8 col-md-6 col-lg-6 imagem-materia\"><a class=\"fresco\" title=\"\" href=\"https:\/\/portalfacilarquivos.blob.core.windows.net\/uploads\/ILHEUS\/imgOrig\/%7BAE7AD77C-0787-1ACD-BCED-C8A6A774BD17%7D.jpg\" data-fresco-caption=\"\"><img loading=\"lazy\" title=\"\" src=\"https:\/\/portalfacilarquivos.blob.core.windows.net\/uploads\/ILHEUS\/img\/%7BAE7AD77C-0787-1ACD-BCED-C8A6A774BD17%7D\/%7BAE7AD77C-0787-1ACD-BCED-C8A6A774BD17%7D_650X450.jpg\" alt=\"policl\u00ednica; constru\u00e7\u00e3o\" width=\"650\" height=\"450\" \/><\/a><\/p>\n<p class=\"bg-primary\">Garantir assist\u00eancia de qualidade e acesso a procedimentos de m\u00e9dia e alta complexidade s\u00e3o alguns dos compromissos assumidos pelo Governo da Bahia com a popula\u00e7\u00e3o do sul do estado. Nesta sexta-feira (26), o prefeito M\u00e1rio Alexandre conferiu as obras do Complexo de Sa\u00fade, que englobam a constru\u00e7\u00e3o da Policl\u00ednica Regional de Sa\u00fade e de uma Unidade B\u00e1sica de Sa\u00fade Tipo III (UBS Tipo III), no entorno do Hospital Costa do Cacau, no Banco da Vit\u00f3ria. Os estabelecimentos de sa\u00fade somam recursos na ordem de R$ 21,5 milh\u00f5es.<\/p>\n<\/div>\n<p>Acompanhado da equipe t\u00e9cnica e vereadores, o prefeito afirmou que\u00a0os investimentos tornaram-se o grande diferencial para impulsionar o desenvolvimento do munic\u00edpio.<\/p>\n<p>&nbsp;<\/p>\n<div class=\"imagem thumbnail col-xs-12 col-sm-8 col-md-6 col-lg-6 imagem-materia\"><a class=\"fresco\" title=\"\" href=\"https:\/\/portalfacilarquivos.blob.core.windows.net\/uploads\/ILHEUS\/imgOrig\/%7BA845D4EE-2AB8-4ABB-2D5E-30BEAC41EACD%7D.jpg\" data-fresco-caption=\"\"><img loading=\"lazy\" title=\"\" src=\"https:\/\/portalfacilarquivos.blob.core.windows.net\/uploads\/ILHEUS\/img\/%7BA845D4EE-2AB8-4ABB-2D5E-30BEAC41EACD%7D\/%7BA845D4EE-2AB8-4ABB-2D5E-30BEAC41EACD%7D_650X450.jpg\" alt=\"policl\u00ednica\" width=\"650\" height=\"450\" \/><\/a><\/p>\n<p class=\"bg-primary\">\u201cVisitamos as obras da Policl\u00ednica, mais um grande sonho que estamos realizando. Aqui n\u00e3o tinha nada, mas com muito planejamento e dentro dessa parceria com o Governo do Estado vamos entregar um equipamento de sa\u00fade com investimentos de quase R$ 20 milh\u00f5es. Tamb\u00e9m estamos construindo uma UBS ao lado da Policl\u00ednica para ampliar a cobertura da Aten\u00e7\u00e3o B\u00e1sica no nosso munic\u00edpio. A palavra \u00e9 gratid\u00e3o. Gratid\u00e3o ao nosso ministro Rui Costa, ao nosso governador Jer\u00f4nimo Rodrigues e \u00e0 nossa deputada Soane Galv\u00e3o, que trabalham em prol do nosso povo\u201d, destacou o gestor.<\/p>\n<\/div>\n<p>Na semana passada, M\u00e1rio Alexandre assinou o Protocolo de Inten\u00e7\u00f5es para Constitui\u00e7\u00e3o do Cons\u00f3rcio P\u00fablico de Sa\u00fade da Regi\u00e3o de Ilh\u00e9us (<strong><a href=\"https:\/\/www.ilheus.ba.gov.br\/detalhe-da-materia\/info\/prefeito-mario-alexandre-assina-protocolo-de-intencoes-para-criacao-de-consorcio-publico-de-saude\/186247\" target=\"_blank\" rel=\"noopener\">relembre aqui<\/a><\/strong>). Com 90% de avan\u00e7o f\u00edsico e or\u00e7ada em R$ 17 milh\u00f5es, a unidade vai assegurar diversos servi\u00e7os para aproximadamente\u00a0400 mil habitantes das cidades que integram o cons\u00f3rcio.<\/p>\n<p>&nbsp;<\/p>\n<div class=\"imagem thumbnail col-xs-12 col-sm-8 col-md-6 col-lg-6 imagem-materia\"><a class=\"fresco\" title=\"Foto: Jos\u00e9 Nazal\" href=\"https:\/\/portalfacilarquivos.blob.core.windows.net\/uploads\/ILHEUS\/imgOrig\/%7B7853E0DE-33BA-C1ED-ABA6-7B8D5684DA6B%7D.jpg\" data-fresco-caption=\"Foto: Jos\u00e9 Nazal\"><img loading=\"lazy\" title=\"Foto: Jos\u00e9 Nazal\" src=\"https:\/\/portalfacilarquivos.blob.core.windows.net\/uploads\/ILHEUS\/img\/%7B7853E0DE-33BA-C1ED-ABA6-7B8D5684DA6B%7D\/%7B7853E0DE-33BA-C1ED-ABA6-7B8D5684DA6B%7D_650X450.jpg\" alt=\"policl\u00ednica; constru\u00e7\u00e3o\" width=\"650\" height=\"450\" \/><\/a><\/p>\n<p class=\"bg-primary\">Foto: Jos\u00e9 Nazal<\/p>\n<\/div>\n<p>Ser\u00e3o ofertados os servi\u00e7os de Resson\u00e2ncia, Raio-x, Tomografia, Mamografia, Eletrocardiograma, Ecocardiograma, Ultrassonografia e consultas m\u00e9dicas em especialidades variadas.<\/p>\n<p>J\u00e1 a UBS Tipo III possui 95% de avan\u00e7o f\u00edsico, e ap\u00f3s ser entregue vai atender uma m\u00e9dia de 12 mil pessoas, residentes no Banco da Vit\u00f3ria e \u00e1reas adjacentes. Entre os servi\u00e7os est\u00e3o atendimento m\u00e9dico cl\u00ednico, Farm\u00e1cia, Odontologia, sala de vacina\u00e7\u00e3o, entre outros.<\/p>\n<div class=\"imagem thumbnail col-xs-12 col-sm-8 col-md-6 col-lg-6 imagem-materia\"><a class=\"fresco\" title=\"\" href=\"https:\/\/portalfacilarquivos.blob.core.windows.net\/uploads\/ILHEUS\/imgOrig\/%7BDE5BC82E-257A-35E2-AD54-5A8BCCB1AB45%7D.jpg\" data-fresco-caption=\"\"><img loading=\"lazy\" title=\"\" src=\"https:\/\/portalfacilarquivos.blob.core.windows.net\/uploads\/ILHEUS\/img\/%7BDE5BC82E-257A-35E2-AD54-5A8BCCB1AB45%7D\/%7BDE5BC82E-257A-35E2-AD54-5A8BCCB1AB45%7D_650X450.jpg\" alt=\"policl\u00ednica; constru\u00e7\u00e3o\" width=\"650\" height=\"450\" \/><\/a><\/p>\n<p class=\"bg-primary\">Na ocasi\u00e3o, M\u00e1rio Alexandre frisou as obras de ilumina\u00e7\u00e3o de trecho da BA-649, rodovia que liga Ilh\u00e9us a Itabuna. O servi\u00e7o compreende a instala\u00e7\u00e3o de 180 novos postes e lumin\u00e1rias com l\u00e2mpadas de LED, entre os bairros Teot\u00f4nio Vilela e Banco da Vit\u00f3ria, em uma extens\u00e3o de sete quil\u00f4metros. A verba \u00e9 proveniente de emenda da ex-deputada estadual \u00c2ngela Sousa, cujos recursos somam R$ 1,3 milh\u00e3o.<\/p>\n<\/div>\n","protected":false},"excerpt":{"rendered":"<p>Garantir assist\u00eancia de qualidade e acesso a procedimentos de m\u00e9dia e alta complexidade s\u00e3o alguns dos compromissos assumidos pelo Governo da Bahia com a popula\u00e7\u00e3o do sul do estado. Nesta sexta-feira (26), o prefeito M\u00e1rio Alexandre conferiu as obras do Complexo de Sa\u00fade, que englobam a constru\u00e7\u00e3o da Policl\u00ednica Regional de Sa\u00fade e de uma [&hellip;]<\/p>\n","protected":false},"author":2,"featured_media":0,"comment_status":"open","ping_status":"open","sticky":false,"template":"","format":"standard","meta":{"_links_to":"","_links_to_target":""},"categories":[1],"tags":[],"_links":{"self":[{"href":"https:\/\/www.ilheusnoticias.net.br\/v1\/wp-json\/wp\/v2\/posts\/32061"}],"collection":[{"href":"https:\/\/www.ilheusnoticias.net.br\/v1\/wp-json\/wp\/v2\/posts"}],"about":[{"href":"https:\/\/www.ilheusnoticias.net.br\/v1\/wp-json\/wp\/v2\/types\/post"}],"author":[{"embeddable":true,"href":"https:\/\/www.ilheusnoticias.net.br\/v1\/wp-json\/wp\/v2\/users\/2"}],"replies":[{"embeddable":true,"href":"https:\/\/www.ilheusnoticias.net.br\/v1\/wp-json\/wp\/v2\/comments?post=32061"}],"version-history":[{"count":1,"href":"https:\/\/www.ilheusnoticias.net.br\/v1\/wp-json\/wp\/v2\/posts\/32061\/revisions"}],"predecessor-version":[{"id":32062,"href":"https:\/\/www.ilheusnoticias.net.br\/v1\/wp-json\/wp\/v2\/posts\/32061\/revisions\/32062"}],"wp:attachment":[{"href":"https:\/\/www.ilheusnoticias.net.br\/v1\/wp-json\/wp\/v2\/media?parent=32061"}],"wp:term":[{"taxonomy":"category","embeddable":true,"href":"https:\/\/www.ilheusnoticias.net.br\/v1\/wp-json\/wp\/v2\/categories?post=32061"},{"taxonomy":"post_tag","embeddable":true,"href":"https:\/\/www.ilheusnoticias.net.br\/v1\/wp-json\/wp\/v2\/tags?post=32061"}],"curies":[{"name":"wp","href":"https:\/\/api.w.org\/{rel}","templated":true}]}}