{"id":32059,"date":"2023-05-28T07:17:43","date_gmt":"2023-05-28T10:17:43","guid":{"rendered":"https:\/\/www.ilheusnoticias.net.br\/v1\/?p=32059"},"modified":"2023-05-28T07:17:43","modified_gmt":"2023-05-28T10:17:43","slug":"hoje-e-o-ultimo-dia-do-capital-do-jazz-onde-ilheus-recebeu-durante-dois-dias-genero-musical-se-consolida-na-cidade","status":"publish","type":"post","link":"https:\/\/www.ilheusnoticias.net.br\/v1\/2023\/05\/28\/hoje-e-o-ultimo-dia-do-capital-do-jazz-onde-ilheus-recebeu-durante-dois-dias-genero-musical-se-consolida-na-cidade\/","title":{"rendered":"Hoje \u00e9 o ultimo dia do Capital do Jazz, onde Ilh\u00e9us recebeu durante dois dias; g\u00eanero musical se consolida na cidade"},"content":{"rendered":"<div class=\"imagem thumbnail col-xs-12 col-sm-8 col-md-6 col-lg-6 imagem-materia\"><a class=\"fresco\" title=\"\" href=\"https:\/\/portalfacilarquivos.blob.core.windows.net\/uploads\/ILHEUS\/imgOrig\/%7BEAACBCDD-2EBB-BDDB-E034-454BB773A14B%7D.jpg\" data-fresco-caption=\"\"><img loading=\"lazy\" title=\"\" src=\"https:\/\/portalfacilarquivos.blob.core.windows.net\/uploads\/ILHEUS\/img\/%7BEAACBCDD-2EBB-BDDB-E034-454BB773A14B%7D\/%7BEAACBCDD-2EBB-BDDB-E034-454BB773A14B%7D_650X450.jpg\" alt=\"Ilh\u00e9us in Jazz\" width=\"650\" height=\"450\" \/><\/a><\/p>\n<p class=\"bg-primary\">Ilh\u00e9us j\u00e1 est\u00e1 nos preparativos para promover um dos maiores eventos da regi\u00e3o. Sucesso de p\u00fablico, a segunda edi\u00e7\u00e3o do \u2018Ilh\u00e9us in Jazz\u2019 traz grandes nomes do g\u00eanero musical e promete unir cultura e gastronomia no mesmo lugar. A entrada \u00e9 gratuita e as apresenta\u00e7\u00f5es acontecem na Pra\u00e7a Dom Eduardo (Pra\u00e7a da Catedral), nos dias 27 e 28 de maio, a partir das 18h.<\/p>\n<\/div>\n<p>O festival contar\u00e1 com um espa\u00e7o gourmet, homenageando\u00a0os Temperos e Sons de Jorge, com a participa\u00e7\u00e3o do Projeto Ciranda na Pra\u00e7a. Os organizadores do projeto levar\u00e3o gastronomia e arte para o evento.<\/p>\n<p><strong>Programa\u00e7\u00e3o \u2013<\/strong>\u00a0Os shows ficar\u00e3o sob o comando de Eric Assmar, que estar\u00e1 acompanhado do m\u00fasico mineiro Gustavo Andrade, e promete uma viagem musical \u00fanica.<\/p>\n<p>A cantora Clariana tamb\u00e9m se apresentar\u00e1 com o show Amy Reggaehouse e\u00a0Big Band, homenageando a cantora brit\u00e2nica Amy Winehouse. A\u00a0banda foi eleita a melhor banda de tributo a Amy Winehouse do mundo.<\/p>\n<p>A festa conta ainda com shows de\u00a0Zemtriw, Javalis Blues Band e Carbono 14. O projeto \u00e9 uma realiza\u00e7\u00e3o da Gamboa, A4 Comunica\u00e7\u00e3o e AMB Bussiness\u2019n Fun, com patroc\u00ednio do Governo da Bahia e apoio da Prefeitura de Ilh\u00e9us e ITS Brasil.<\/p>\n<p>\u201cQuero agradecer ao Governo da Bahia e aos empres\u00e1rios do nosso estado, que est\u00e3o realizando um grande evento em Ilh\u00e9us, a capital do Jazz. Um espa\u00e7o para toda a fam\u00edlia desfrutar de entretenimento e muita m\u00fasica boa\u201d, disse o prefeito M\u00e1rio Alexandre.<\/p>\n<p>O festival integra o calend\u00e1rio cultural e tur\u00edstico da cidade. O objetivo \u00e9 que o evento cres\u00e7a a cada edi\u00e7\u00e3o, unindo os segmentos art\u00edsticos da regi\u00e3o e de outras partes do pa\u00eds.<\/p>\n<p>&nbsp;<\/p>\n<div class=\"imagem thumbnail col-xs-12 col-sm-8 col-md-6 col-lg-6 imagem-materia\"><a class=\"fresco\" title=\"\" href=\"https:\/\/portalfacilarquivos.blob.core.windows.net\/uploads\/ILHEUS\/imgOrig\/%7BA8CD6BB3-41E4-3A4D-4E1E-B0E78E1CC1E2%7D.png\" data-fresco-caption=\"\"><img loading=\"lazy\" src=\"https:\/\/portalfacilarquivos.blob.core.windows.net\/uploads\/ILHEUS\/img\/%7BA8CD6BB3-41E4-3A4D-4E1E-B0E78E1CC1E2%7D\/%7BA8CD6BB3-41E4-3A4D-4E1E-B0E78E1CC1E2%7D_450X650.png\" alt=\"Ilh\u00e9us in Jazz \" width=\"450\" height=\"650\" \/><\/a><\/div>\n","protected":false},"excerpt":{"rendered":"<p>Ilh\u00e9us j\u00e1 est\u00e1 nos preparativos para promover um dos maiores eventos da regi\u00e3o. Sucesso de p\u00fablico, a segunda edi\u00e7\u00e3o do \u2018Ilh\u00e9us in Jazz\u2019 traz grandes nomes do g\u00eanero musical e promete unir cultura e gastronomia no mesmo lugar. A entrada \u00e9 gratuita e as apresenta\u00e7\u00f5es acontecem na Pra\u00e7a Dom Eduardo (Pra\u00e7a da Catedral), nos dias [&hellip;]<\/p>\n","protected":false},"author":2,"featured_media":0,"comment_status":"open","ping_status":"open","sticky":false,"template":"","format":"standard","meta":{"_links_to":"","_links_to_target":""},"categories":[1],"tags":[],"_links":{"self":[{"href":"https:\/\/www.ilheusnoticias.net.br\/v1\/wp-json\/wp\/v2\/posts\/32059"}],"collection":[{"href":"https:\/\/www.ilheusnoticias.net.br\/v1\/wp-json\/wp\/v2\/posts"}],"about":[{"href":"https:\/\/www.ilheusnoticias.net.br\/v1\/wp-json\/wp\/v2\/types\/post"}],"author":[{"embeddable":true,"href":"https:\/\/www.ilheusnoticias.net.br\/v1\/wp-json\/wp\/v2\/users\/2"}],"replies":[{"embeddable":true,"href":"https:\/\/www.ilheusnoticias.net.br\/v1\/wp-json\/wp\/v2\/comments?post=32059"}],"version-history":[{"count":1,"href":"https:\/\/www.ilheusnoticias.net.br\/v1\/wp-json\/wp\/v2\/posts\/32059\/revisions"}],"predecessor-version":[{"id":32060,"href":"https:\/\/www.ilheusnoticias.net.br\/v1\/wp-json\/wp\/v2\/posts\/32059\/revisions\/32060"}],"wp:attachment":[{"href":"https:\/\/www.ilheusnoticias.net.br\/v1\/wp-json\/wp\/v2\/media?parent=32059"}],"wp:term":[{"taxonomy":"category","embeddable":true,"href":"https:\/\/www.ilheusnoticias.net.br\/v1\/wp-json\/wp\/v2\/categories?post=32059"},{"taxonomy":"post_tag","embeddable":true,"href":"https:\/\/www.ilheusnoticias.net.br\/v1\/wp-json\/wp\/v2\/tags?post=32059"}],"curies":[{"name":"wp","href":"https:\/\/api.w.org\/{rel}","templated":true}]}}