{"id":32057,"date":"2023-05-28T07:14:09","date_gmt":"2023-05-28T10:14:09","guid":{"rendered":"https:\/\/www.ilheusnoticias.net.br\/v1\/?p=32057"},"modified":"2023-05-28T07:14:09","modified_gmt":"2023-05-28T10:14:09","slug":"inovacao-e-sustentabilidade-prefeito-mario-alexandre-e-a-deputada-soane-galvao-prestigia-comemoracao-dos-77-anos-da-joanes","status":"publish","type":"post","link":"https:\/\/www.ilheusnoticias.net.br\/v1\/2023\/05\/28\/inovacao-e-sustentabilidade-prefeito-mario-alexandre-e-a-deputada-soane-galvao-prestigia-comemoracao-dos-77-anos-da-joanes\/","title":{"rendered":"Inova\u00e7\u00e3o e sustentabilidade:  Prefeito M\u00e1rio Alexandre  e a Deputada Soane Galv\u00e3o prestigia comemora\u00e7\u00e3o dos 77 anos da Joanes"},"content":{"rendered":"<div class=\"imagem thumbnail col-xs-12 col-sm-8 col-md-6 col-lg-6 imagem-materia\"><a class=\"fresco\" title=\"\" href=\"https:\/\/portalfacilarquivos.blob.core.windows.net\/uploads\/ILHEUS\/imgOrig\/%7BC4CB6B46-EA75-BDBD-0656-C2BA8BBB2AC6%7D.jpg\" data-fresco-caption=\"\"><img loading=\"lazy\" title=\"\" src=\"https:\/\/portalfacilarquivos.blob.core.windows.net\/uploads\/ILHEUS\/img\/%7BC4CB6B46-EA75-BDBD-0656-C2BA8BBB2AC6%7D\/%7BC4CB6B46-EA75-BDBD-0656-C2BA8BBB2AC6%7D_650X450.jpg\" alt=\"joanes; cacau;  77 anos\" width=\"650\" height=\"450\" \/><\/a><\/p>\n<p class=\"bg-primary\">Sustentabilidade, gera\u00e7\u00e3o de emprego e inclus\u00e3o social s\u00e3o algumas das bandeiras defendidas pela Joanes, empresa de processamento de derivados do cacau instalada no Distrito Industrial de Ilh\u00e9us. Na \u00faltima quinta-feira (25), acompanhado do vice-prefeito Bebeto, da deputada estadual Soane Galv\u00e3o, diretores executivos e representantes de entidades ligadas ao setor, o prefeito M\u00e1rio Alexandre participou da solenidade em comemora\u00e7\u00e3o aos 77 anos da f\u00e1brica.<\/p>\n<\/div>\n<p>A banda de m\u00fasica da Pol\u00edcia Militar da Bahia deu in\u00edcio \u00e0 solenidade com a execu\u00e7\u00e3o do hino nacional e hasteamento \u00e0s bandeiras.<\/p>\n<p>Para o chefe do Executivo, o investimento feito pela Joanes em inova\u00e7\u00e3o tecnol\u00f3gica, moderniza\u00e7\u00e3o e amplia\u00e7\u00e3o da estrutura f\u00edsica \u00e9 reflexo do trabalho tocado pela gest\u00e3o municipal, que tem oportunizado a perman\u00eancia e instala\u00e7\u00e3o de grandes empreendimentos na cidade.<\/p>\n<p>&nbsp;<\/p>\n<div class=\"imagem thumbnail col-xs-12 col-sm-8 col-md-6 col-lg-6 imagem-materia\"><a class=\"fresco\" title=\"\" href=\"https:\/\/portalfacilarquivos.blob.core.windows.net\/uploads\/ILHEUS\/imgOrig\/%7BC08DAB5C-AEBC-4BB4-66CB-5A3B7DEACB56%7D.jpg\" data-fresco-caption=\"\"><img loading=\"lazy\" title=\"\" src=\"https:\/\/portalfacilarquivos.blob.core.windows.net\/uploads\/ILHEUS\/img\/%7BC08DAB5C-AEBC-4BB4-66CB-5A3B7DEACB56%7D\/%7BC08DAB5C-AEBC-4BB4-66CB-5A3B7DEACB56%7D_650X450.jpg\" alt=\"Joanes; 77 anos; cacau\" width=\"650\" height=\"450\" \/><\/a><\/p>\n<p class=\"bg-primary\">\u201cVivemos um novo ciclo. O meu sentimento \u00e9 de gratid\u00e3o a Deus, pois temos avan\u00e7ado de uma forma jamais vista. A Joanes investiu mais de R$ 200 milh\u00f5es para moderniza\u00e7\u00e3o e inova\u00e7\u00e3o tecnol\u00f3gica da f\u00e1brica localizada em Ilh\u00e9us. Agrade\u00e7o \u00e0 nossa deputada Soane Galv\u00e3o, que tem fortalecido esse di\u00e1logo para garantir o desenvolvimento da nossa cidade. Agrade\u00e7o tamb\u00e9m ao Governo da Bahia e ao Governo Federal, que n\u00e3o t\u00eam medido esfor\u00e7os para melhorar a qualidade de vida do nosso povo\u201d, destacou.<\/p>\n<\/div>\n<p>Na oportunidade, a comitiva participou da reativa\u00e7\u00e3o do projeto F\u00eanix, que promove sustentabilidade em todos os processos desenvolvidos, com inclus\u00e3o social e valoriza\u00e7\u00e3o do pequeno e m\u00e9dio produtor.<\/p>\n<p>&nbsp;<\/p>\n<div class=\"imagem thumbnail col-xs-12 col-sm-8 col-md-6 col-lg-6 imagem-materia\"><a class=\"fresco\" title=\"\" href=\"https:\/\/portalfacilarquivos.blob.core.windows.net\/uploads\/ILHEUS\/imgOrig\/%7BC4ACACD1-EBEB-8DBA-3836-D10D750DB14E%7D.jpg\" data-fresco-caption=\"\"><img loading=\"lazy\" title=\"\" src=\"https:\/\/portalfacilarquivos.blob.core.windows.net\/uploads\/ILHEUS\/img\/%7BC4ACACD1-EBEB-8DBA-3836-D10D750DB14E%7D\/%7BC4ACACD1-EBEB-8DBA-3836-D10D750DB14E%7D_650X450.jpg\" alt=\"joanes; cacau;  77 anos\" width=\"650\" height=\"450\" \/><\/a><\/p>\n<p class=\"bg-primary\">\n<\/div>\n<p>&nbsp;<\/p>\n<p>Conforme a dire\u00e7\u00e3o, atualmente a empresa gera 253 empregos diretos e aproximadamente mil empregos indiretos.<\/p>\n<p>\u201cIlh\u00e9us desponta como uma cidade do futuro, sustent\u00e1vel e inteligente. O trabalho chefiado pelo prefeito M\u00e1rio Alexandre assegura a instala\u00e7\u00e3o de novas ind\u00fastrias, somado aos investimentos realizados com apoio do governo estadual, que t\u00eam permitido a expans\u00e3o desse setor\u201d, ressaltou Soane Galv\u00e3o.<\/p>\n<p>&nbsp;<\/p>\n<div class=\"imagem thumbnail col-xs-12 col-sm-8 col-md-6 col-lg-6 imagem-materia\"><a class=\"fresco\" title=\"\" href=\"https:\/\/portalfacilarquivos.blob.core.windows.net\/uploads\/ILHEUS\/imgOrig\/%7BEB54EEDC-82B2-7DD8-1850-B0B000CBEE1D%7D.jpg\" data-fresco-caption=\"\"><img loading=\"lazy\" title=\"\" src=\"https:\/\/portalfacilarquivos.blob.core.windows.net\/uploads\/ILHEUS\/img\/%7BEB54EEDC-82B2-7DD8-1850-B0B000CBEE1D%7D\/%7BEB54EEDC-82B2-7DD8-1850-B0B000CBEE1D%7D_650X450.jpg\" alt=\"joanes; cacau;  77 anos\" width=\"650\" height=\"450\" \/><\/a><\/p>\n<p class=\"bg-primary\">\n<\/div>\n<p>&nbsp;<\/p>\n<p>A Joanes anunciou o aumento de 50% na produ\u00e7\u00e3o de am\u00eandoas, utiliza\u00e7\u00e3o de energia renov\u00e1vel em 50% de suas instala\u00e7\u00f5es e redu\u00e7\u00e3o de 40% da emiss\u00e3o de carbono. \u201cS\u00e3o investimentos que reafirmam a aposta do grupo no neg\u00f3cio cacau e na cidade de Ilh\u00e9us, contribuindo com o nosso crescimento econ\u00f4mico e social\u201d, acrescentou Bebeto.<\/p>\n<p>A empresa teve a primeira f\u00e1brica inaugurada em Salvador, em 1946.\u00a0 Em maio de 1979, a f\u00e1brica foi transferida para Ilh\u00e9us, instalada mais pr\u00f3xima da fonte produtora de mat\u00e9ria-prima.<\/p>\n<p>Em 2015, a Joanes Industrial foi adquirida pela Olam Cocoa, atual OFI, uma das maiores processadoras de cacau do mundo e atende aos mercados interno e externo, principalmente \u00e0s ind\u00fastrias de chocolates, achocolatados e biscoitos.<\/p>\n<p>&nbsp;<\/p>\n<div class=\"imagem thumbnail col-xs-12 col-sm-8 col-md-6 col-lg-6 imagem-materia\"><a class=\"fresco\" title=\"\" href=\"https:\/\/portalfacilarquivos.blob.core.windows.net\/uploads\/ILHEUS\/imgOrig\/%7B8DEDD584-AABD-BDB7-AD88-E2BDEEBDCAD0%7D.jpg\" data-fresco-caption=\"\"><img loading=\"lazy\" title=\"\" src=\"https:\/\/portalfacilarquivos.blob.core.windows.net\/uploads\/ILHEUS\/img\/%7B8DEDD584-AABD-BDB7-AD88-E2BDEEBDCAD0%7D\/%7B8DEDD584-AABD-BDB7-AD88-E2BDEEBDCAD0%7D_650X450.jpg\" alt=\"joanes; cacau;  77 anos\" width=\"650\" height=\"450\" \/><\/a><\/p>\n<p class=\"bg-primary\">\n<\/div>\n<p>&nbsp;<\/p>\n<p>\u201cUm momento gratificante, porque ele comprova que todos os esfor\u00e7os que est\u00e3o sendo feitos pela cadeia e por todos os atores est\u00e3o surtindo efeito. A amplia\u00e7\u00e3o da f\u00e1brica mostra que a Joanes acredita no Brasil e que em breve poderemos atender o mercado local de forma sustent\u00e1vel\u201d, explicou Anna Paula Losi, presidente-executiva da Associa\u00e7\u00e3o Nacional das Ind\u00fastrias Processadoras de Cacau.<\/p>\n<p>Ela frisou que as a\u00e7\u00f5es e projetos s\u00e3o desenvolvidos com foco em uma produ\u00e7\u00e3o autossuficiente, que permitir\u00e1 ao pa\u00eds atingir o status de principal produtor de cacau sustent\u00e1vel, que preserva a Mata Atl\u00e2ntica e a Floresta Amaz\u00f4nica.<\/p>\n","protected":false},"excerpt":{"rendered":"<p>Sustentabilidade, gera\u00e7\u00e3o de emprego e inclus\u00e3o social s\u00e3o algumas das bandeiras defendidas pela Joanes, empresa de processamento de derivados do cacau instalada no Distrito Industrial de Ilh\u00e9us. Na \u00faltima quinta-feira (25), acompanhado do vice-prefeito Bebeto, da deputada estadual Soane Galv\u00e3o, diretores executivos e representantes de entidades ligadas ao setor, o prefeito M\u00e1rio Alexandre participou da [&hellip;]<\/p>\n","protected":false},"author":2,"featured_media":0,"comment_status":"open","ping_status":"open","sticky":false,"template":"","format":"standard","meta":{"_links_to":"","_links_to_target":""},"categories":[1],"tags":[],"_links":{"self":[{"href":"https:\/\/www.ilheusnoticias.net.br\/v1\/wp-json\/wp\/v2\/posts\/32057"}],"collection":[{"href":"https:\/\/www.ilheusnoticias.net.br\/v1\/wp-json\/wp\/v2\/posts"}],"about":[{"href":"https:\/\/www.ilheusnoticias.net.br\/v1\/wp-json\/wp\/v2\/types\/post"}],"author":[{"embeddable":true,"href":"https:\/\/www.ilheusnoticias.net.br\/v1\/wp-json\/wp\/v2\/users\/2"}],"replies":[{"embeddable":true,"href":"https:\/\/www.ilheusnoticias.net.br\/v1\/wp-json\/wp\/v2\/comments?post=32057"}],"version-history":[{"count":1,"href":"https:\/\/www.ilheusnoticias.net.br\/v1\/wp-json\/wp\/v2\/posts\/32057\/revisions"}],"predecessor-version":[{"id":32058,"href":"https:\/\/www.ilheusnoticias.net.br\/v1\/wp-json\/wp\/v2\/posts\/32057\/revisions\/32058"}],"wp:attachment":[{"href":"https:\/\/www.ilheusnoticias.net.br\/v1\/wp-json\/wp\/v2\/media?parent=32057"}],"wp:term":[{"taxonomy":"category","embeddable":true,"href":"https:\/\/www.ilheusnoticias.net.br\/v1\/wp-json\/wp\/v2\/categories?post=32057"},{"taxonomy":"post_tag","embeddable":true,"href":"https:\/\/www.ilheusnoticias.net.br\/v1\/wp-json\/wp\/v2\/tags?post=32057"}],"curies":[{"name":"wp","href":"https:\/\/api.w.org\/{rel}","templated":true}]}}