{"id":32053,"date":"2023-05-25T10:56:14","date_gmt":"2023-05-25T13:56:14","guid":{"rendered":"https:\/\/www.ilheusnoticias.net.br\/v1\/?p=32053"},"modified":"2023-05-25T10:56:14","modified_gmt":"2023-05-25T13:56:14","slug":"defesa-civil-de-ilheus-emite-alerta-sobre-fortes-chuvas-na-cidade-ate-o-final-de-semana","status":"publish","type":"post","link":"https:\/\/www.ilheusnoticias.net.br\/v1\/2023\/05\/25\/defesa-civil-de-ilheus-emite-alerta-sobre-fortes-chuvas-na-cidade-ate-o-final-de-semana\/","title":{"rendered":"Defesa Civil de Ilh\u00e9us emite alerta sobre fortes chuvas na cidade at\u00e9 o final de semana"},"content":{"rendered":"<div class=\"row content-head non-featured \">\n<div class=\"title\" data-block-type=\"title\" data-block-id=\"0\"><\/div>\n<div class=\"medium-centered subtitle\"><\/div>\n<\/div>\n<div class=\"mc-article-body\">\n<article>\n<div id=\"chunk-72u2g\">\n<div class=\"row medium-uncollapsed content-media content-photo\" data-block-type=\"backstage-photo\" data-block-id=\"1\">\n<div class=\" mc-column  content-media__container\">\n<div class=\"content-media-container glb-skeleton-box\">\n<figure class=\"content-media-figure\"><img class=\"i-amphtml-fill-content i-amphtml-replaced-content\" src=\"https:\/\/s2-g1.glbimg.com\/En5WoL6i5_BcvWU0U0YQA_Vx4e4=\/0x0:990x608\/984x0\/smart\/filters:strip_icc()\/i.s3.glbimg.com\/v1\/AUTH_59edd422c0c84a879bd37670ae4f538a\/internal_photos\/bs\/2021\/v\/7\/JfAlNAREefHavjNKzLuQ\/ilheus-pmi.jpg\" sizes=\"(max-width: 1707px) 648px, 100vw\" srcset=\"https:\/\/s2-g1.glbimg.com\/nUO5GKY5ITumXLljsjYG6pkBSBI=\/0x0:990x608\/1000x0\/smart\/filters:strip_icc()\/i.s3.glbimg.com\/v1\/AUTH_59edd422c0c84a879bd37670ae4f538a\/internal_photos\/bs\/2021\/v\/7\/JfAlNAREefHavjNKzLuQ\/ilheus-pmi.jpg 1000w, https:\/\/s2-g1.glbimg.com\/En5WoL6i5_BcvWU0U0YQA_Vx4e4=\/0x0:990x608\/984x0\/smart\/filters:strip_icc()\/i.s3.glbimg.com\/v1\/AUTH_59edd422c0c84a879bd37670ae4f538a\/internal_photos\/bs\/2021\/v\/7\/JfAlNAREefHavjNKzLuQ\/ilheus-pmi.jpg 984w, https:\/\/s2-g1.glbimg.com\/RZDn_WxRRWigxHam2bcSAFVzY7g=\/0x0:990x608\/640x0\/smart\/filters:strip_icc()\/i.s3.glbimg.com\/v1\/AUTH_59edd422c0c84a879bd37670ae4f538a\/internal_photos\/bs\/2021\/v\/7\/JfAlNAREefHavjNKzLuQ\/ilheus-pmi.jpg 640w, https:\/\/s2-g1.glbimg.com\/d3lg8HAqCW9ELqJ-lfrlSQNX3kM=\/0x0:990x608\/600x0\/smart\/filters:strip_icc()\/i.s3.glbimg.com\/v1\/AUTH_59edd422c0c84a879bd37670ae4f538a\/internal_photos\/bs\/2021\/v\/7\/JfAlNAREefHavjNKzLuQ\/ilheus-pmi.jpg 600w\" alt=\"Defesa civil alerta para alto volume de chuvas em ilh\u00e9us \u2014 Foto: Divulga\u00e7\u00e3o\/Prefeitura de ilh\u00e9us\" \/><\/figure>\n<\/div>\n<p class=\"content-media__description  \">Defesa civil alerta para alto volume de chuvas em ilh\u00e9us \u2014 Foto: Divulga\u00e7\u00e3o\/Prefeitura de ilh\u00e9us<\/p>\n<\/div>\n<\/div>\n<\/div>\n<div id=\"chunk-67edj\">\n<div class=\"mc-column content-text active-extra-styles \" data-block-type=\"unstyled\" data-block-weight=\"49\" data-block-id=\"3\">\n<p class=\"content-text__container \" data-track-category=\"Link no Texto\" data-track-links=\"\">A Defesa Civil de\u00a0<a class=\"\" href=\"https:\/\/g1.globo.com\/ba\/bahia\/cidade\/ilheus\/\">Ilh\u00e9us<\/a>, no sul da Bahia, emitiu um alerta sobre chuvas na cidade. De acordo com o comunicado de quarta-feira (24), emitido pelo Centro Nacional de Monitoramento e Alertas de Desastres Naturais (Cemaden), o acumulado de chuvas pode atingir 56 mil\u00edmetros at\u00e9 o pr\u00f3ximo s\u00e1bado (27).<\/p>\n<\/div>\n<\/div>\n<div class=\"wall protected-content\">\n<div id=\"chunk-b7l0k\">\n<div class=\"mc-column content-text active-extra-styles \" data-block-type=\"unstyled\" data-block-weight=\"12\" data-block-id=\"4\">\n<p class=\"content-text__container \" data-track-category=\"Link no Texto\" data-track-links=\"\">De acordo com o \u00edndice pluviom\u00e9trico, os n\u00fameros indicam chuva muito forte.<\/p>\n<\/div>\n<\/div>\n<div id=\"chunk-88i74\">\n<div class=\"mc-column content-text active-extra-styles \" data-block-type=\"unstyled\" data-block-weight=\"29\" data-block-id=\"5\">\n<p class=\"content-text__container \" data-track-category=\"Link no Texto\" data-track-links=\"\">A prefeitura da cidade orienta que os moradores fiquem atentos aos riscos geol\u00f3gicos, e observem ind\u00edcios de desagrega\u00e7\u00e3o de solos em encostas, sinais sonoros, fissuras e rachaduras em im\u00f3veis.<\/p>\n<\/div>\n<\/div>\n<div id=\"chunk-4pvjt\">\n<div class=\"row medium-uncollapsed content-media content-photo\" data-block-type=\"backstage-photo\" data-block-id=\"6\">\n<div class=\" mc-column  content-media__container\">\n<div class=\"content-media-container glb-skeleton-box\">\n<figure class=\"content-media-figure\"><img class=\"i-amphtml-fill-content i-amphtml-replaced-content\" src=\"https:\/\/s2-g1.glbimg.com\/rjEJ5BEk02mygF2YhYlfsD338ck=\/0x0:787x464\/984x0\/smart\/filters:strip_icc()\/i.s3.glbimg.com\/v1\/AUTH_59edd422c0c84a879bd37670ae4f538a\/internal_photos\/bs\/2023\/O\/H\/KnWw08Qzil85PvsHGaQw\/thumbnail-image-13-.png\" sizes=\"(max-width: 1707px) 648px, 100vw\" srcset=\"https:\/\/s2-g1.glbimg.com\/hMLU0sjyFBoX9CouTQ_dq9lqtF4=\/0x0:787x464\/1000x0\/smart\/filters:strip_icc()\/i.s3.glbimg.com\/v1\/AUTH_59edd422c0c84a879bd37670ae4f538a\/internal_photos\/bs\/2023\/O\/H\/KnWw08Qzil85PvsHGaQw\/thumbnail-image-13-.png 1000w, https:\/\/s2-g1.glbimg.com\/rjEJ5BEk02mygF2YhYlfsD338ck=\/0x0:787x464\/984x0\/smart\/filters:strip_icc()\/i.s3.glbimg.com\/v1\/AUTH_59edd422c0c84a879bd37670ae4f538a\/internal_photos\/bs\/2023\/O\/H\/KnWw08Qzil85PvsHGaQw\/thumbnail-image-13-.png 984w, https:\/\/s2-g1.glbimg.com\/TtUL71RNHua3ycWYYrJek1h0sQQ=\/0x0:787x464\/640x0\/smart\/filters:strip_icc()\/i.s3.glbimg.com\/v1\/AUTH_59edd422c0c84a879bd37670ae4f538a\/internal_photos\/bs\/2023\/O\/H\/KnWw08Qzil85PvsHGaQw\/thumbnail-image-13-.png 640w, https:\/\/s2-g1.glbimg.com\/4uR7IO7rDpkZ50GQivVmDyOvpWY=\/0x0:787x464\/600x0\/smart\/filters:strip_icc()\/i.s3.glbimg.com\/v1\/AUTH_59edd422c0c84a879bd37670ae4f538a\/internal_photos\/bs\/2023\/O\/H\/KnWw08Qzil85PvsHGaQw\/thumbnail-image-13-.png 600w\" alt=\"Defesa Civil de Ilh\u00e9us emite alerta de chuvas fortes at\u00e9 o final de semana \u2014 Foto: Reprodu\u00e7\u00e3o\/TV Bahia\" \/><\/figure>\n<\/div>\n<p class=\"content-media__description  \">Defesa Civil de Ilh\u00e9us emite alerta de chuvas fortes at\u00e9 o final de semana \u2014 Foto: Reprodu\u00e7\u00e3o\/TV Bahia<\/p>\n<\/div>\n<\/div>\n<\/div>\n<div id=\"chunk-5q9b7\">\n<div class=\"content-ads content-ads--reveal\" data-block-type=\"ads\" data-block-id=\"7\">\n<div id=\"banner_materia2\" class=\"tag-manager-publicidade-container mc-has-reveal mc-has-ad-lazyload tag-manager-publicidade-banner_materia2 tag-manager-publicidade-container--carregado tag-manager-publicidade-container--visivel\" data-id=\"banner_materia2\" data-google-query-id=\"CIazpbvPkP8CFWK-lQIdnXoBiw\">\n<div id=\"google_ads_iframe_\/95377733\/tvg_G1\/Sua_Regiao&gt;Nordeste&gt;Bahia_3__container__\" style=\"box-sizing: inherit; margin: auto; padding: 0px; border: 0pt none; font: inherit; vertical-align: initial; max-width: 100%; text-align: center; width: 970px; height: 250px;\"><iframe id=\"google_ads_iframe_\/95377733\/tvg_G1\/Sua_Regiao&gt;Nordeste&gt;Bahia_3\" style=\"box-sizing: inherit; margin: 0px; padding: 0px; border: 0px; font: inherit; vertical-align: bottom;\" tabindex=\"0\" title=\"3rd party ad content\" role=\"region\" name=\"google_ads_iframe_\/95377733\/tvg_G1\/Sua_Regiao&gt;Nordeste&gt;Bahia_3\" width=\"970\" height=\"250\" frameborder=\"0\" marginwidth=\"0\" marginheight=\"0\" scrolling=\"no\" aria-label=\"Advertisement\" data-load-complete=\"true\" data-google-container-id=\"5\" data-mce-fragment=\"1\"><\/iframe><\/div>\n<\/div>\n<\/div>\n<\/div>\n<div id=\"chunk-526ck\">\n<div class=\"mc-column content-text active-extra-styles \" data-block-type=\"unstyled\" data-block-weight=\"26\" data-block-id=\"8\">\n<p class=\"content-text__container \" data-track-category=\"Link no Texto\" data-track-links=\"\">Em caso de emerg\u00eancia, a popula\u00e7\u00e3o pode acionar a Defesa Civil, atrav\u00e9s do n\u00famero: (73) 97400-7521 ou ligar para o Corpo de Bombeiros pela Central 193.<\/p>\n<\/div>\n<\/div>\n<\/div>\n<\/article>\n<\/div>\n","protected":false},"excerpt":{"rendered":"<p>Defesa civil alerta para alto volume de chuvas em ilh\u00e9us \u2014 Foto: Divulga\u00e7\u00e3o\/Prefeitura de ilh\u00e9us A Defesa Civil de\u00a0Ilh\u00e9us, no sul da Bahia, emitiu um alerta sobre chuvas na cidade. De acordo com o comunicado de quarta-feira (24), emitido pelo Centro Nacional de Monitoramento e Alertas de Desastres Naturais (Cemaden), o acumulado de chuvas pode [&hellip;]<\/p>\n","protected":false},"author":2,"featured_media":0,"comment_status":"open","ping_status":"open","sticky":false,"template":"","format":"standard","meta":{"_links_to":"","_links_to_target":""},"categories":[1],"tags":[],"_links":{"self":[{"href":"https:\/\/www.ilheusnoticias.net.br\/v1\/wp-json\/wp\/v2\/posts\/32053"}],"collection":[{"href":"https:\/\/www.ilheusnoticias.net.br\/v1\/wp-json\/wp\/v2\/posts"}],"about":[{"href":"https:\/\/www.ilheusnoticias.net.br\/v1\/wp-json\/wp\/v2\/types\/post"}],"author":[{"embeddable":true,"href":"https:\/\/www.ilheusnoticias.net.br\/v1\/wp-json\/wp\/v2\/users\/2"}],"replies":[{"embeddable":true,"href":"https:\/\/www.ilheusnoticias.net.br\/v1\/wp-json\/wp\/v2\/comments?post=32053"}],"version-history":[{"count":1,"href":"https:\/\/www.ilheusnoticias.net.br\/v1\/wp-json\/wp\/v2\/posts\/32053\/revisions"}],"predecessor-version":[{"id":32054,"href":"https:\/\/www.ilheusnoticias.net.br\/v1\/wp-json\/wp\/v2\/posts\/32053\/revisions\/32054"}],"wp:attachment":[{"href":"https:\/\/www.ilheusnoticias.net.br\/v1\/wp-json\/wp\/v2\/media?parent=32053"}],"wp:term":[{"taxonomy":"category","embeddable":true,"href":"https:\/\/www.ilheusnoticias.net.br\/v1\/wp-json\/wp\/v2\/categories?post=32053"},{"taxonomy":"post_tag","embeddable":true,"href":"https:\/\/www.ilheusnoticias.net.br\/v1\/wp-json\/wp\/v2\/tags?post=32053"}],"curies":[{"name":"wp","href":"https:\/\/api.w.org\/{rel}","templated":true}]}}