{"id":32049,"date":"2023-05-25T10:48:36","date_gmt":"2023-05-25T13:48:36","guid":{"rendered":"https:\/\/www.ilheusnoticias.net.br\/v1\/?p=32049"},"modified":"2023-05-25T10:48:36","modified_gmt":"2023-05-25T13:48:36","slug":"governo-anuncia-medidas-para-estimular-compra-de-carros-populares","status":"publish","type":"post","link":"https:\/\/www.ilheusnoticias.net.br\/v1\/2023\/05\/25\/governo-anuncia-medidas-para-estimular-compra-de-carros-populares\/","title":{"rendered":"Governo anuncia medidas para estimular compra de carros populares"},"content":{"rendered":"<div class=\"col-lg-12 mb-3\">\n<div class=\"post-image\"><a href=\"https:\/\/agenciabrasil.ebc.com.br\/geral\/noticia\/2023-05\/governo-anuncia-medidas-para-estimular-compra-de-carros-populares#\"><img id=\"media-43391\" class=\"rounded-lg shadow-sm w-100\" title=\"Marcelo Camargo\/Ag\u00eancia Brasil\" src=\"https:\/\/imagens.ebc.com.br\/IxsPCwTg1vldNSybpY55CcETu30=\/1170x700\/smart\/https:\/\/agenciabrasil.ebc.com.br\/sites\/default\/files\/atoms\/image\/carros-patio-montadora-sao_bernargo_sp1-marcelo_camargo.jpg?itok=EK_dzUaM\" alt=\"S\u00e3o Paulo - P\u00e1tio de montadora em S\u00e3o Bernardo do Campo\" \/>\u00a9 Marcelo Camargo\/Ag\u00eancia Brasil<\/a><\/div>\n<\/div>\n<div class=\"col-lg-12 mb-3\">\n<div class=\"row\">\n<div class=\"col-10 offset-1 animated fadeInDown dealy-1100 alt-font text-center\"><a href=\"https:\/\/agenciabrasil.ebc.com.br\/geral\"><span class=\"badge badge-pill badge-primary\">Geral<\/span><\/a>\u00a0Por Pedro Rafael Vilela &#8211; Rep\u00f3rter da Ag\u00eancia Brasil &#8211; Bras\u00edlia<\/div>\n<\/div>\n<\/div>\n<div class=\"col-xl-7 offset-xl-1 col-lg-8 offset-lg-0 col-md-10 offset-md-1 mb-3\">\n<div class=\"post-item alt-font\">\n<div class=\"post-item-wrap\">\n<p>O presidente Luiz In\u00e1cio Lula da Silva e o vice-presidente e ministro do Desenvolvimento, Ind\u00fastria, Com\u00e9rcio e Servi\u00e7os, Geraldo Alckmin, anunciam um novo programa de est\u00edmulo \u00e0 ind\u00fastria de carros. O objetivo, segundo o governo, \u00e9 ampliar o acesso a ve\u00edculos populares e &#8220;alavancar a cadeia produtiva ligada ao setor automotivo brasileiro&#8221;.<img src=\"https:\/\/agenciabrasil.ebc.com.br\/ebc.png?id=1535233&amp;o=node\" \/><img src=\"https:\/\/agenciabrasil.ebc.com.br\/ebc.gif?id=1535233&amp;o=node\" \/><\/p>\n<p>Segundo informado pela Secretaria de Comunica\u00e7\u00e3o Social da Presid\u00eancia da Rep\u00fablica, o evento de lan\u00e7amento do programa ser\u00e1\u00a0no Pal\u00e1cio do Planalto, na manh\u00e3 desta quinta-feira (25), data em que se celebra o Dia da Ind\u00fastria.<\/p>\n<p>Mais cedo, o ministro da Fazenda, Fernando Haddad, afirmou a jornalistas que o programa foi desenhado pela \u00e1rea econ\u00f4mica, sob coordena\u00e7\u00e3o de Alckmin, e a pedido do presidente Lula.<\/p>\n<p>&#8220;A gente apresentou para o presidente algumas possibilidades de medidas de est\u00edmulo \u00e0 ind\u00fastria&#8221;, afirmou, sem especificar detalhes das medidas.<\/p>\n<\/div>\n<\/div>\n<\/div>\n","protected":false},"excerpt":{"rendered":"<p>\u00a9 Marcelo Camargo\/Ag\u00eancia Brasil Geral\u00a0Por Pedro Rafael Vilela &#8211; Rep\u00f3rter da Ag\u00eancia Brasil &#8211; Bras\u00edlia O presidente Luiz In\u00e1cio Lula da Silva e o vice-presidente e ministro do Desenvolvimento, Ind\u00fastria, Com\u00e9rcio e Servi\u00e7os, Geraldo Alckmin, anunciam um novo programa de est\u00edmulo \u00e0 ind\u00fastria de carros. O objetivo, segundo o governo, \u00e9 ampliar o acesso a [&hellip;]<\/p>\n","protected":false},"author":2,"featured_media":0,"comment_status":"open","ping_status":"open","sticky":false,"template":"","format":"standard","meta":{"_links_to":"","_links_to_target":""},"categories":[1],"tags":[],"_links":{"self":[{"href":"https:\/\/www.ilheusnoticias.net.br\/v1\/wp-json\/wp\/v2\/posts\/32049"}],"collection":[{"href":"https:\/\/www.ilheusnoticias.net.br\/v1\/wp-json\/wp\/v2\/posts"}],"about":[{"href":"https:\/\/www.ilheusnoticias.net.br\/v1\/wp-json\/wp\/v2\/types\/post"}],"author":[{"embeddable":true,"href":"https:\/\/www.ilheusnoticias.net.br\/v1\/wp-json\/wp\/v2\/users\/2"}],"replies":[{"embeddable":true,"href":"https:\/\/www.ilheusnoticias.net.br\/v1\/wp-json\/wp\/v2\/comments?post=32049"}],"version-history":[{"count":1,"href":"https:\/\/www.ilheusnoticias.net.br\/v1\/wp-json\/wp\/v2\/posts\/32049\/revisions"}],"predecessor-version":[{"id":32050,"href":"https:\/\/www.ilheusnoticias.net.br\/v1\/wp-json\/wp\/v2\/posts\/32049\/revisions\/32050"}],"wp:attachment":[{"href":"https:\/\/www.ilheusnoticias.net.br\/v1\/wp-json\/wp\/v2\/media?parent=32049"}],"wp:term":[{"taxonomy":"category","embeddable":true,"href":"https:\/\/www.ilheusnoticias.net.br\/v1\/wp-json\/wp\/v2\/categories?post=32049"},{"taxonomy":"post_tag","embeddable":true,"href":"https:\/\/www.ilheusnoticias.net.br\/v1\/wp-json\/wp\/v2\/tags?post=32049"}],"curies":[{"name":"wp","href":"https:\/\/api.w.org\/{rel}","templated":true}]}}