{"id":32047,"date":"2023-05-25T10:46:19","date_gmt":"2023-05-25T13:46:19","guid":{"rendered":"https:\/\/www.ilheusnoticias.net.br\/v1\/?p=32047"},"modified":"2023-05-25T10:46:19","modified_gmt":"2023-05-25T13:46:19","slug":"presidido-por-antonio-de-anizio-consorcio-litoral-sul-conquista-primeiro-lugar-no-edital-da-caixa-e-bndes-para-gestao-de-residuos","status":"publish","type":"post","link":"https:\/\/www.ilheusnoticias.net.br\/v1\/2023\/05\/25\/presidido-por-antonio-de-anizio-consorcio-litoral-sul-conquista-primeiro-lugar-no-edital-da-caixa-e-bndes-para-gestao-de-residuos\/","title":{"rendered":"Presidido por Ant\u00f4nio de An\u00edzio, Cons\u00f3rcio Litoral Sul conquista primeiro lugar no Edital da CAIXA e BNDES para gest\u00e3o de res\u00edduos"},"content":{"rendered":"<div class=\"PostHeaderIcons metadata-icons\"><img src=\"http:\/\/www.blogdothame.blog.br\/v1\/wp-content\/uploads\/2023\/05\/tonho-a-2.jpg\" \/><\/div>\n<div class=\"PostContent\">\n<div>Antonio de An\u00edzio<\/div>\n<p>O Cons\u00f3rcio de Desenvolvimento Sustent\u00e1vel do Territ\u00f3rio do Litoral Sul da Bahia (CDS-LS) conquistou o primeiro lugar no resultado final dos habilitados do edital de chamamento p\u00fablico conjunto entre Caixa e BNDES\u00a0 para estrutura\u00e7\u00e3o de projetos no setor de Res\u00edduos S\u00f3lidos Urbanos. O resultado foi publicado ontem (23), no site:\u00a0<a href=\"https:\/\/www.concessoes.caixa.gov.br\/sifep-portal\/#\/chamamentoPublico\" target=\"_blank\" rel=\"noopener\" data-saferedirecturl=\"https:\/\/www.google.com\/url?q=https:\/\/www.concessoes.caixa.gov.br\/sifep-portal\/%23\/chamamentoPublico&amp;source=gmail&amp;ust=1685100322383000&amp;usg=AOvVaw1hmHR_uRcr7vSw8H_gxUfj\">https:\/\/www.concessoes.caixa.<wbr \/>gov.br\/sifep-portal\/#\/<wbr \/>chamamentoPublico<\/a>.<\/p>\n<p>A iniciativa tem como propostas estimular a regionaliza\u00e7\u00e3o dos servi\u00e7os e a participa\u00e7\u00e3o privada no manejo dos res\u00edduos s\u00f3lidos urbanos.<\/p>\n<p>A chamada teve como p\u00fablico-alvo estados, cons\u00f3rcios intermunicipais e arranjos regionais com popula\u00e7\u00e3o a partir de 150 mil habitantes na regi\u00e3o Norte, e de 200 mil pessoas nas demais regi\u00f5es.<\/p>\n<p><img src=\"http:\/\/www.blogdothame.blog.br\/v1\/wp-content\/uploads\/2023\/05\/tono-a-1.jpg\" \/><\/p>\n<p>&nbsp;<\/p>\n<p>O presidente do CDS-LS e prefeito de Itacar\u00e9, Ant\u00f4nio de An\u00edzio, destacou que se trata de mais um reconhecimento do trabalho feito em conjunto com os munic\u00edpios consorciados.<\/p>\n<p>\u201c\u00c9 um orgulho ficarmos entre em primeiro colocado no resultado final deste edital no setor de res\u00edduos s\u00f3lidos urbanos. \u00c9 atrav\u00e9s do trabalho em conjunto que v\u00e1rios projetos, investimentos e obras sustent\u00e1veis est\u00e3o sendo realizados. Hoje estamos vendo, mais uma vez, os resultados dessa pol\u00edtica de constru\u00e7\u00e3o coletiva. Seguiremos trabalhando para que a nossa regi\u00e3o avance cada vez mais\u201d, afirmou o presidente do CDS-LS e prefeito de Itacar\u00e9.<\/p>\n<p>Foram considerados como arranjos regionais: Cons\u00f3rcios P\u00fablicos, Regi\u00f5es Metropolitanas, Microrregi\u00f5es, Aglomera\u00e7\u00f5es Urbanas, Unidades Regionais de Saneamento B\u00e1sico, Blocos de Refer\u00eancia e Regi\u00f5es Integradas de Desenvolvimento, como preconiza a nova Lei de saneamento b\u00e1sico (Lei n\u00ba 14.026\/2020), visando \u00e0 mitiga\u00e7\u00e3o dos riscos ambientais com a destina\u00e7\u00e3o adequada do lixo, bem como a qualifica\u00e7\u00e3o e emancipa\u00e7\u00e3o econ\u00f4mica dos catadores de materiais recicl\u00e1veis.<\/p>\n<p>CDS-LS<\/p>\n<p>O cons\u00f3rcio foi criado em 15 de maio de 2013 pelos gestores municipais do litoral sul da Bahia com o objetivo de potencializar a resolu\u00e7\u00e3o dos problemas em comuns, com a capta\u00e7\u00e3o e otimiza\u00e7\u00e3o dos recursos financeiros. Fazem parte do cons\u00f3rcio: Uru\u00e7uca, Ubaitaba, Mara\u00fa, Itapitanga, Itap\u00e9,Itaju\u00edpe, Itacar\u00e9, Itabuna, Ilh\u00e9us, Ibicara\u00ed, Floresta Azul, Coaraci, Buerarema, Barro Preto (antigo Gov. Lomanto Jr.), Aurelino Leal, Almadina.<\/p>\n<p>Em cidades como Itabuna, Ilh\u00e9us, Itacar\u00e9, Ibicara\u00ed, Barro Preto e Uru\u00e7uca o armazenamento de res\u00edduos s\u00f3lidos \u00e9 feito no aterro sanit\u00e1rio da CVR Costa do Cacau, \u00fanica empresa do Sul da Bahia que atende as diretrizes do Plano Nacional de Saneamento.<\/p>\n<\/div>\n","protected":false},"excerpt":{"rendered":"<p>Antonio de An\u00edzio O Cons\u00f3rcio de Desenvolvimento Sustent\u00e1vel do Territ\u00f3rio do Litoral Sul da Bahia (CDS-LS) conquistou o primeiro lugar no resultado final dos habilitados do edital de chamamento p\u00fablico conjunto entre Caixa e BNDES\u00a0 para estrutura\u00e7\u00e3o de projetos no setor de Res\u00edduos S\u00f3lidos Urbanos. O resultado foi publicado ontem (23), no site:\u00a0https:\/\/www.concessoes.caixa.gov.br\/sifep-portal\/#\/chamamentoPublico. A iniciativa [&hellip;]<\/p>\n","protected":false},"author":2,"featured_media":0,"comment_status":"open","ping_status":"open","sticky":false,"template":"","format":"standard","meta":{"_links_to":"","_links_to_target":""},"categories":[1],"tags":[],"_links":{"self":[{"href":"https:\/\/www.ilheusnoticias.net.br\/v1\/wp-json\/wp\/v2\/posts\/32047"}],"collection":[{"href":"https:\/\/www.ilheusnoticias.net.br\/v1\/wp-json\/wp\/v2\/posts"}],"about":[{"href":"https:\/\/www.ilheusnoticias.net.br\/v1\/wp-json\/wp\/v2\/types\/post"}],"author":[{"embeddable":true,"href":"https:\/\/www.ilheusnoticias.net.br\/v1\/wp-json\/wp\/v2\/users\/2"}],"replies":[{"embeddable":true,"href":"https:\/\/www.ilheusnoticias.net.br\/v1\/wp-json\/wp\/v2\/comments?post=32047"}],"version-history":[{"count":1,"href":"https:\/\/www.ilheusnoticias.net.br\/v1\/wp-json\/wp\/v2\/posts\/32047\/revisions"}],"predecessor-version":[{"id":32048,"href":"https:\/\/www.ilheusnoticias.net.br\/v1\/wp-json\/wp\/v2\/posts\/32047\/revisions\/32048"}],"wp:attachment":[{"href":"https:\/\/www.ilheusnoticias.net.br\/v1\/wp-json\/wp\/v2\/media?parent=32047"}],"wp:term":[{"taxonomy":"category","embeddable":true,"href":"https:\/\/www.ilheusnoticias.net.br\/v1\/wp-json\/wp\/v2\/categories?post=32047"},{"taxonomy":"post_tag","embeddable":true,"href":"https:\/\/www.ilheusnoticias.net.br\/v1\/wp-json\/wp\/v2\/tags?post=32047"}],"curies":[{"name":"wp","href":"https:\/\/api.w.org\/{rel}","templated":true}]}}