{"id":32045,"date":"2023-05-25T10:44:16","date_gmt":"2023-05-25T13:44:16","guid":{"rendered":"https:\/\/www.ilheusnoticias.net.br\/v1\/?p=32045"},"modified":"2023-05-25T10:44:16","modified_gmt":"2023-05-25T13:44:16","slug":"saude-na-comunidade-sesau-divulga-acao-no-teotonio-vilela-neste-sabado-27","status":"publish","type":"post","link":"https:\/\/www.ilheusnoticias.net.br\/v1\/2023\/05\/25\/saude-na-comunidade-sesau-divulga-acao-no-teotonio-vilela-neste-sabado-27\/","title":{"rendered":"Sa\u00fade na Comunidade: Sesau divulga a\u00e7\u00e3o no Teot\u00f4nio Vilela neste s\u00e1bado (27)"},"content":{"rendered":"<div class=\"imagem thumbnail col-xs-12 col-sm-8 col-md-6 col-lg-6 imagem-materia\"><a class=\"fresco\" title=\"\" href=\"https:\/\/portalfacilarquivos.blob.core.windows.net\/uploads\/ILHEUS\/imgOrig\/%7BC43C2CBD-8C84-E47D-C32A-5C38C0ED1DA8%7D.jpg\" data-fresco-caption=\"\"><img loading=\"lazy\" title=\"\" src=\"https:\/\/portalfacilarquivos.blob.core.windows.net\/uploads\/ILHEUS\/img\/%7BC43C2CBD-8C84-E47D-C32A-5C38C0ED1DA8%7D\/%7BC43C2CBD-8C84-E47D-C32A-5C38C0ED1DA8%7D_650X450.jpg\" alt=\"sa\u00fade\" width=\"650\" height=\"450\" \/><\/a><\/p>\n<p class=\"bg-primary\">A Secretaria de Sa\u00fade (Sesau) divulgou o cronograma de servi\u00e7os que ser\u00e3o ofertados em a\u00e7\u00e3o neste s\u00e1bado (27), na Associa\u00e7\u00e3o de Moradores do bairro Teot\u00f4nio Vilela, das 8h \u00e0s 12h. A iniciativa integra o programa \u201cSa\u00fade na Comunidade\u201d, respons\u00e1vel por promover atendimento em diversas localidades do munic\u00edpio.<\/p>\n<\/div>\n<p>O paciente deve apresentar c\u00f3pia do CPF, cart\u00e3o do SUS e comprovante de resid\u00eancia.<\/p>\n<p>O cidad\u00e3o ter\u00e1 acesso aos seguintes servi\u00e7os: aferi\u00e7\u00e3o de press\u00e3o arterial, medi\u00e7\u00e3o de glicemia, exames laboratoriais, teste de acuidade visual, exame preventivo, Eletrocardiograma, consultas m\u00e9dicas (cl\u00ednico geral e cardiologista) e vacina\u00e7\u00e3o antirr\u00e1bica,\u00a0al\u00e9m de atendimento com dentista e\u00a0multivacina\u00e7\u00e3o (vacina contra a gripe e contra a Covid-19, com aplica\u00e7\u00e3o da Pfizer bivalente).<\/p>\n<p><strong>Servi\u00e7o<\/strong><\/p>\n<p><strong>Sa\u00fade na Comunidade<\/strong><\/p>\n<p><strong>Data<\/strong>: 27 de maio de 2023 (s\u00e1bado), das 8h \u00e0s 12h<\/p>\n<p><strong>Local<\/strong>: Associa\u00e7\u00e3o de Moradores do Teot\u00f4nio Vilela<\/p>\n","protected":false},"excerpt":{"rendered":"<p>A Secretaria de Sa\u00fade (Sesau) divulgou o cronograma de servi\u00e7os que ser\u00e3o ofertados em a\u00e7\u00e3o neste s\u00e1bado (27), na Associa\u00e7\u00e3o de Moradores do bairro Teot\u00f4nio Vilela, das 8h \u00e0s 12h. A iniciativa integra o programa \u201cSa\u00fade na Comunidade\u201d, respons\u00e1vel por promover atendimento em diversas localidades do munic\u00edpio. O paciente deve apresentar c\u00f3pia do CPF, cart\u00e3o [&hellip;]<\/p>\n","protected":false},"author":2,"featured_media":0,"comment_status":"open","ping_status":"open","sticky":false,"template":"","format":"standard","meta":{"_links_to":"","_links_to_target":""},"categories":[1],"tags":[],"_links":{"self":[{"href":"https:\/\/www.ilheusnoticias.net.br\/v1\/wp-json\/wp\/v2\/posts\/32045"}],"collection":[{"href":"https:\/\/www.ilheusnoticias.net.br\/v1\/wp-json\/wp\/v2\/posts"}],"about":[{"href":"https:\/\/www.ilheusnoticias.net.br\/v1\/wp-json\/wp\/v2\/types\/post"}],"author":[{"embeddable":true,"href":"https:\/\/www.ilheusnoticias.net.br\/v1\/wp-json\/wp\/v2\/users\/2"}],"replies":[{"embeddable":true,"href":"https:\/\/www.ilheusnoticias.net.br\/v1\/wp-json\/wp\/v2\/comments?post=32045"}],"version-history":[{"count":1,"href":"https:\/\/www.ilheusnoticias.net.br\/v1\/wp-json\/wp\/v2\/posts\/32045\/revisions"}],"predecessor-version":[{"id":32046,"href":"https:\/\/www.ilheusnoticias.net.br\/v1\/wp-json\/wp\/v2\/posts\/32045\/revisions\/32046"}],"wp:attachment":[{"href":"https:\/\/www.ilheusnoticias.net.br\/v1\/wp-json\/wp\/v2\/media?parent=32045"}],"wp:term":[{"taxonomy":"category","embeddable":true,"href":"https:\/\/www.ilheusnoticias.net.br\/v1\/wp-json\/wp\/v2\/categories?post=32045"},{"taxonomy":"post_tag","embeddable":true,"href":"https:\/\/www.ilheusnoticias.net.br\/v1\/wp-json\/wp\/v2\/tags?post=32045"}],"curies":[{"name":"wp","href":"https:\/\/api.w.org\/{rel}","templated":true}]}}