{"id":32043,"date":"2023-05-25T10:43:06","date_gmt":"2023-05-25T13:43:06","guid":{"rendered":"https:\/\/www.ilheusnoticias.net.br\/v1\/?p=32043"},"modified":"2023-05-25T10:43:06","modified_gmt":"2023-05-25T13:43:06","slug":"reuniao-entre-prefeitura-de-ilheus-e-bamin-discute-nova-fase-de-implantacao-do-porto-sul","status":"publish","type":"post","link":"https:\/\/www.ilheusnoticias.net.br\/v1\/2023\/05\/25\/reuniao-entre-prefeitura-de-ilheus-e-bamin-discute-nova-fase-de-implantacao-do-porto-sul\/","title":{"rendered":"Reuni\u00e3o entre Prefeitura de Ilh\u00e9us e BAMIN discute nova fase de implanta\u00e7\u00e3o do Porto Sul"},"content":{"rendered":"<div class=\"imagem thumbnail col-xs-12 col-sm-8 col-md-6 col-lg-6 imagem-materia\"><a class=\"fresco\" title=\"\" href=\"https:\/\/portalfacilarquivos.blob.core.windows.net\/uploads\/ILHEUS\/imgOrig\/%7BA564DBEC-BD38-1B42-DCB5-EB7EC58AE44E%7D.jpg\" data-fresco-caption=\"\"><img loading=\"lazy\" title=\"\" src=\"https:\/\/portalfacilarquivos.blob.core.windows.net\/uploads\/ILHEUS\/img\/%7BA564DBEC-BD38-1B42-DCB5-EB7EC58AE44E%7D\/%7BA564DBEC-BD38-1B42-DCB5-EB7EC58AE44E%7D_650X450.jpg\" alt=\"Reuni\u00e3o: BAMIN; Porto Sul\" width=\"650\" height=\"450\" \/><\/a><\/div>\n<p>O andamento das obras do Porto Sul foi pauta da reuni\u00e3o realizada entre representantes da Prefeitura de Ilh\u00e9us e da BAMIN, na \u00faltima ter\u00e7a-feira (23). O encontro realizado no Centro Administrativo da Conquista contou com a presen\u00e7a do gerente-geral de Controladoria da BAMIN, Cristiano Botelho, do secret\u00e1rio da Fazenda, Gabriel Bittencourt, do auditor fiscal do Munic\u00edpio, Adriano Sales, e do assessor t\u00e9cnico, Diego Danton.<\/p>\n<p>O gerente-geral abordou a nova fase de implanta\u00e7\u00e3o do complexo portu\u00e1rio na Zona Norte e apresentou demandas relativas ao projeto. A Prefeitura, por sua vez, se colocou \u00e0 disposi\u00e7\u00e3o para garantir que o empreendimento avance, contribuindo com a gera\u00e7\u00e3o de emprego e renda na cidade.<\/p>\n<div class=\"imagem thumbnail col-xs-12 col-sm-8 col-md-6 col-lg-6 imagem-materia\"><a class=\"fresco\" title=\"\" href=\"https:\/\/portalfacilarquivos.blob.core.windows.net\/uploads\/ILHEUS\/imgOrig\/%7BD748D2A6-6E81-E4AD-3BE5-D0CDBACA4D28%7D.jpg\" data-fresco-caption=\"\"><img loading=\"lazy\" title=\"\" src=\"https:\/\/portalfacilarquivos.blob.core.windows.net\/uploads\/ILHEUS\/img\/%7BD748D2A6-6E81-E4AD-3BE5-D0CDBACA4D28%7D\/%7BD748D2A6-6E81-E4AD-3BE5-D0CDBACA4D28%7D_650X450.jpg\" alt=\"fiol\" width=\"650\" height=\"450\" \/><\/a><\/p>\n<p class=\"bg-primary\">No m\u00eas de abril, a BAMIN anunciou a constru\u00e7\u00e3o do Trecho 1 da Ferrovia de Integra\u00e7\u00e3o Oeste-Leste (FIOL), que ligar\u00e1 Ilh\u00e9us \u00e0 regi\u00e3o Centro-Oeste do Brasil. Na ocasi\u00e3o, o prefeito M\u00e1rio Alexandre destacou que a ferrovia marca um novo ciclo econ\u00f4mico para todo o sul da Bahia.<\/p>\n<\/div>\n<p>Os equipamentos representam um dos maiores projetos de infraestrutura de transporte do pa\u00eds, com potencial para alavancar tamb\u00e9m outras cadeias produtivas.\u00a0A contrata\u00e7\u00e3o de, no m\u00ednimo, 60% de m\u00e3o de obra local tamb\u00e9m \u00e9 um dos compromissos assumidos pela empresa, visando promover a circula\u00e7\u00e3o de renda para as comunidades do entorno da obra.<\/p>\n","protected":false},"excerpt":{"rendered":"<p>O andamento das obras do Porto Sul foi pauta da reuni\u00e3o realizada entre representantes da Prefeitura de Ilh\u00e9us e da BAMIN, na \u00faltima ter\u00e7a-feira (23). O encontro realizado no Centro Administrativo da Conquista contou com a presen\u00e7a do gerente-geral de Controladoria da BAMIN, Cristiano Botelho, do secret\u00e1rio da Fazenda, Gabriel Bittencourt, do auditor fiscal do [&hellip;]<\/p>\n","protected":false},"author":2,"featured_media":0,"comment_status":"open","ping_status":"open","sticky":false,"template":"","format":"standard","meta":{"_links_to":"","_links_to_target":""},"categories":[1],"tags":[],"_links":{"self":[{"href":"https:\/\/www.ilheusnoticias.net.br\/v1\/wp-json\/wp\/v2\/posts\/32043"}],"collection":[{"href":"https:\/\/www.ilheusnoticias.net.br\/v1\/wp-json\/wp\/v2\/posts"}],"about":[{"href":"https:\/\/www.ilheusnoticias.net.br\/v1\/wp-json\/wp\/v2\/types\/post"}],"author":[{"embeddable":true,"href":"https:\/\/www.ilheusnoticias.net.br\/v1\/wp-json\/wp\/v2\/users\/2"}],"replies":[{"embeddable":true,"href":"https:\/\/www.ilheusnoticias.net.br\/v1\/wp-json\/wp\/v2\/comments?post=32043"}],"version-history":[{"count":1,"href":"https:\/\/www.ilheusnoticias.net.br\/v1\/wp-json\/wp\/v2\/posts\/32043\/revisions"}],"predecessor-version":[{"id":32044,"href":"https:\/\/www.ilheusnoticias.net.br\/v1\/wp-json\/wp\/v2\/posts\/32043\/revisions\/32044"}],"wp:attachment":[{"href":"https:\/\/www.ilheusnoticias.net.br\/v1\/wp-json\/wp\/v2\/media?parent=32043"}],"wp:term":[{"taxonomy":"category","embeddable":true,"href":"https:\/\/www.ilheusnoticias.net.br\/v1\/wp-json\/wp\/v2\/categories?post=32043"},{"taxonomy":"post_tag","embeddable":true,"href":"https:\/\/www.ilheusnoticias.net.br\/v1\/wp-json\/wp\/v2\/tags?post=32043"}],"curies":[{"name":"wp","href":"https:\/\/api.w.org\/{rel}","templated":true}]}}