{"id":32041,"date":"2023-05-25T10:41:57","date_gmt":"2023-05-25T13:41:57","guid":{"rendered":"https:\/\/www.ilheusnoticias.net.br\/v1\/?p=32041"},"modified":"2023-05-25T10:41:57","modified_gmt":"2023-05-25T13:41:57","slug":"prefeitura-de-ilheus-revitaliza-pracas-areas-de-lazer-e-garante-seguranca-e-bem-estar-da-populacao","status":"publish","type":"post","link":"https:\/\/www.ilheusnoticias.net.br\/v1\/2023\/05\/25\/prefeitura-de-ilheus-revitaliza-pracas-areas-de-lazer-e-garante-seguranca-e-bem-estar-da-populacao\/","title":{"rendered":"Prefeitura de Ilh\u00e9us revitaliza pra\u00e7as, \u00e1reas de lazer e garante seguran\u00e7a e bem-estar da popula\u00e7\u00e3o"},"content":{"rendered":"<div class=\"imagem thumbnail col-xs-12 col-sm-8 col-md-6 col-lg-6 imagem-materia\"><a class=\"fresco\" title=\"\" href=\"https:\/\/portalfacilarquivos.blob.core.windows.net\/uploads\/ILHEUS\/imgOrig\/%7B83CCEDEC-CC2E-DEEB-CCBB-BBCCE56C8C44%7D.jpg\" data-fresco-caption=\"\"><img loading=\"lazy\" title=\"\" src=\"https:\/\/portalfacilarquivos.blob.core.windows.net\/uploads\/ILHEUS\/img\/%7B83CCEDEC-CC2E-DEEB-CCBB-BBCCE56C8C44%7D\/%7B83CCEDEC-CC2E-DEEB-CCBB-BBCCE56C8C44%7D_650X450.jpg\" alt=\"pra\u00e7a castro alves\" width=\"650\" height=\"450\" \/><\/a><\/p>\n<p class=\"bg-primary\">A melhoria dos espa\u00e7os p\u00fablicos integra o pacote de investimentos em infraestrutura executado pela Prefeitura de Ilh\u00e9us. Por meio do programa \u201cAdote uma Pra\u00e7a\u201d, a gest\u00e3o municipal j\u00e1 modernizou \u00e1reas de conviv\u00eancia em alguns pontos da cidade. Nos \u00faltimos meses, o prefeito M\u00e1rio Alexandre entregou a requalifica\u00e7\u00e3o das pra\u00e7as Castro Alves (Pra\u00e7a da Irene) e Pedro Matos, al\u00e9m do novo letreiro na Avenida Soares Lopes.<\/p>\n<\/div>\n<p>A iniciativa do Executivo contribui para diminuir a criminalidade, tendo como exemplo a constru\u00e7\u00e3o de uma \u00e1rea de lazer para as fam\u00edlias nas imedia\u00e7\u00f5es do Aero Shake, tamb\u00e9m situada na Avenida. O local era utilizado para consumo de drogas e bebida alco\u00f3lica, representando perigo para toda a sociedade.<\/p>\n<p>Al\u00e9m de tornar os espa\u00e7os funcionais e apraz\u00edveis, a moderniza\u00e7\u00e3o estimula a perman\u00eancia dos frequentadores por mais tempo nas \u00e1reas p\u00fablicas. Conforme a Prefeitura, o objetivo principal \u00e9 garantir espa\u00e7os atrativos, com ilumina\u00e7\u00e3o moderna, paisagismo e bancos novos.<\/p>\n<div class=\"imagem thumbnail col-xs-12 col-sm-8 col-md-6 col-lg-6 imagem-materia\"><a class=\"fresco\" title=\"\" href=\"https:\/\/portalfacilarquivos.blob.core.windows.net\/uploads\/ILHEUS\/imgOrig\/%7B11C31E1E-EBB3-64AB-53DB-A5B1636CCC26%7D.jpg\" data-fresco-caption=\"\"><img loading=\"lazy\" title=\"\" src=\"https:\/\/portalfacilarquivos.blob.core.windows.net\/uploads\/ILHEUS\/img\/%7B11C31E1E-EBB3-64AB-53DB-A5B1636CCC26%7D\/%7B11C31E1E-EBB3-64AB-53DB-A5B1636CCC26%7D_650X450.jpg\" alt=\"pra\u00e7a castro alves\" width=\"650\" height=\"450\" \/><\/a><\/p>\n<p class=\"bg-primary\">O programa n\u00e3o visa acabar com a identidade, tampouco construir edifica\u00e7\u00f5es. A finalidade \u00e9 promover melhorias que reforcem a ideia de pertencimento e agradem aos espectadores, levando em considera\u00e7\u00e3o a din\u00e2mica do entorno desses locais. De acordo com a Secretaria de Ordem P\u00fablica, a Pra\u00e7a Castro Alves \u00e9 pioneira no sistema de monitoramento integrado 24 horas, realizado pela Guarda Civil Municipal e Pol\u00edcia Militar da Bahia.<\/p>\n<\/div>\n<p>A instala\u00e7\u00e3o das c\u00e2meras auxilia a seguran\u00e7a do local e \u00e1reas adjacentes, bem como zela pelo patrim\u00f4nio p\u00fablico na regi\u00e3o central. Nesta etapa, o programa contempla a Pra\u00e7a Misael Tavares, no bairro Cidade Nova. Todo o\u00a0trabalho \u00e9 desenvolvido por meio da\u00a0parceria com a iniciativa privada.<\/p>\n","protected":false},"excerpt":{"rendered":"<p>A melhoria dos espa\u00e7os p\u00fablicos integra o pacote de investimentos em infraestrutura executado pela Prefeitura de Ilh\u00e9us. Por meio do programa \u201cAdote uma Pra\u00e7a\u201d, a gest\u00e3o municipal j\u00e1 modernizou \u00e1reas de conviv\u00eancia em alguns pontos da cidade. Nos \u00faltimos meses, o prefeito M\u00e1rio Alexandre entregou a requalifica\u00e7\u00e3o das pra\u00e7as Castro Alves (Pra\u00e7a da Irene) e [&hellip;]<\/p>\n","protected":false},"author":2,"featured_media":0,"comment_status":"open","ping_status":"open","sticky":false,"template":"","format":"standard","meta":{"_links_to":"","_links_to_target":""},"categories":[1],"tags":[],"_links":{"self":[{"href":"https:\/\/www.ilheusnoticias.net.br\/v1\/wp-json\/wp\/v2\/posts\/32041"}],"collection":[{"href":"https:\/\/www.ilheusnoticias.net.br\/v1\/wp-json\/wp\/v2\/posts"}],"about":[{"href":"https:\/\/www.ilheusnoticias.net.br\/v1\/wp-json\/wp\/v2\/types\/post"}],"author":[{"embeddable":true,"href":"https:\/\/www.ilheusnoticias.net.br\/v1\/wp-json\/wp\/v2\/users\/2"}],"replies":[{"embeddable":true,"href":"https:\/\/www.ilheusnoticias.net.br\/v1\/wp-json\/wp\/v2\/comments?post=32041"}],"version-history":[{"count":1,"href":"https:\/\/www.ilheusnoticias.net.br\/v1\/wp-json\/wp\/v2\/posts\/32041\/revisions"}],"predecessor-version":[{"id":32042,"href":"https:\/\/www.ilheusnoticias.net.br\/v1\/wp-json\/wp\/v2\/posts\/32041\/revisions\/32042"}],"wp:attachment":[{"href":"https:\/\/www.ilheusnoticias.net.br\/v1\/wp-json\/wp\/v2\/media?parent=32041"}],"wp:term":[{"taxonomy":"category","embeddable":true,"href":"https:\/\/www.ilheusnoticias.net.br\/v1\/wp-json\/wp\/v2\/categories?post=32041"},{"taxonomy":"post_tag","embeddable":true,"href":"https:\/\/www.ilheusnoticias.net.br\/v1\/wp-json\/wp\/v2\/tags?post=32041"}],"curies":[{"name":"wp","href":"https:\/\/api.w.org\/{rel}","templated":true}]}}