{"id":32039,"date":"2023-05-24T09:39:49","date_gmt":"2023-05-24T12:39:49","guid":{"rendered":"https:\/\/www.ilheusnoticias.net.br\/v1\/?p=32039"},"modified":"2023-05-24T09:39:49","modified_gmt":"2023-05-24T12:39:49","slug":"soane-galvao-reivindica-reforma-da-deam-de-ilheus","status":"publish","type":"post","link":"https:\/\/www.ilheusnoticias.net.br\/v1\/2023\/05\/24\/soane-galvao-reivindica-reforma-da-deam-de-ilheus\/","title":{"rendered":"SOANE GALV\u00c3O REIVINDICA REFORMA DA DEAM DE ILH\u00c9US"},"content":{"rendered":"<div class=\"entry-content-title-featured-wrap\">\n<header class=\"entry-header pos-rel social-after-title\">\n<div class=\"read-details\">\n<div class=\"entry-header-details af-cat-widget-carousel\">\n<h1 class=\"entry-title\"><img loading=\"lazy\" class=\"wp-image-66732 size-large\" style=\"font-size: 16px;\" src=\"https:\/\/www.ilheus.net\/wp-content\/uploads\/2023\/05\/57105-901467-2023-05-23-18-56-35-588x331.jpg\" sizes=\"(max-width: 588px) 100vw, 588px\" srcset=\"https:\/\/www.ilheus.net\/wp-content\/uploads\/2023\/05\/57105-901467-2023-05-23-18-56-35.jpg 588w, https:\/\/www.ilheus.net\/wp-content\/uploads\/2023\/05\/57105-901467-2023-05-23-18-56-35-300x169.jpg 300w\" alt=\"\" width=\"588\" height=\"331\" \/><\/h1>\n<\/div>\n<\/div>\n<\/header>\n<\/div>\n<div class=\"color-pad\">\n<div class=\"entry-content read-details\">\n<figure id=\"attachment_66732\" class=\"wp-caption aligncenter\" aria-describedby=\"caption-attachment-66732\"><figcaption id=\"caption-attachment-66732\" class=\"wp-caption-text\">Foto: Juliana Andrade\/Ag\u00eanciaALBA<\/figcaption><\/figure>\n<p>Em indica\u00e7\u00e3o protocolada na Mesa Diretora da Assembleia Legislativa da Bahia (ALBA), a deputada Soane Galv\u00e3o (PSB) pediu ao governador Jer\u00f4nimo Rodrigues que adote medidas para realiza\u00e7\u00e3o da reforma estrutural da Delegacia Especial de Atendimento \u00e0 Mulher (Deam) do munic\u00edpio de Ilh\u00e9us, no Territ\u00f3rio de Identidade do Litoral Sul. Al\u00e9m disso, a parlamentar tamb\u00e9m pleiteou a aquisi\u00e7\u00e3o de viatura padronizada para a unidade policial.<\/p>\n<p>No documento, a legisladora ressalta que a indica\u00e7\u00e3o tem o objetivo de assegurar os direitos das mulheres v\u00edtimas de viol\u00eancia na luta pela preserva\u00e7\u00e3o da vida. \u201cAs atividades das Deams t\u00eam car\u00e1ter preventivo e repressivo, devendo realizar a\u00e7\u00f5es de preven\u00e7\u00e3o, apura\u00e7\u00e3o, investiga\u00e7\u00e3o e enquadramento legal\u201d, disse. Assim, a reforma, aliada \u00e0 chegada de uma viatura, vai tornar as instala\u00e7\u00f5es adequadas para melhor acessibilidade e atendimento \u00e0 popula\u00e7\u00e3o feminina ilheense.<span id=\"more-66731\"><\/span><\/p>\n<p>Com as melhorias, a unidade policial passar\u00e1 a ter condi\u00e7\u00f5es m\u00ednimas de estrutura para abrigar os agentes p\u00fablicos que atuam na seguran\u00e7a p\u00fablica e promover\u00e1 a aproxima\u00e7\u00e3o dos servi\u00e7os policiais com a popula\u00e7\u00e3o feminina. \u201cReconhecemos que o governo estadual tem empenhado todos os esfor\u00e7os atrav\u00e9s dos investimentos em intelig\u00eancia, viaturas, contrata\u00e7\u00e3o de policiais e de tecnologia entre outros. Ainda assim, faz-se necess\u00e1rio garantir aos munic\u00edpios essas estruturas para fortalecer ainda mais a qualidade dos servi\u00e7os prestados e melhorar o atendimento \u00e0 comunidade feminina que precisa de seguran\u00e7a e tranquilidade em momentos t\u00e3o dif\u00edceis\u201d, defendeu Soane Galv\u00e3o.<\/p>\n<\/div>\n<\/div>\n","protected":false},"excerpt":{"rendered":"<p>Foto: Juliana Andrade\/Ag\u00eanciaALBA Em indica\u00e7\u00e3o protocolada na Mesa Diretora da Assembleia Legislativa da Bahia (ALBA), a deputada Soane Galv\u00e3o (PSB) pediu ao governador Jer\u00f4nimo Rodrigues que adote medidas para realiza\u00e7\u00e3o da reforma estrutural da Delegacia Especial de Atendimento \u00e0 Mulher (Deam) do munic\u00edpio de Ilh\u00e9us, no Territ\u00f3rio de Identidade do Litoral Sul. Al\u00e9m disso, a [&hellip;]<\/p>\n","protected":false},"author":2,"featured_media":0,"comment_status":"open","ping_status":"open","sticky":false,"template":"","format":"standard","meta":{"_links_to":"","_links_to_target":""},"categories":[1],"tags":[],"_links":{"self":[{"href":"https:\/\/www.ilheusnoticias.net.br\/v1\/wp-json\/wp\/v2\/posts\/32039"}],"collection":[{"href":"https:\/\/www.ilheusnoticias.net.br\/v1\/wp-json\/wp\/v2\/posts"}],"about":[{"href":"https:\/\/www.ilheusnoticias.net.br\/v1\/wp-json\/wp\/v2\/types\/post"}],"author":[{"embeddable":true,"href":"https:\/\/www.ilheusnoticias.net.br\/v1\/wp-json\/wp\/v2\/users\/2"}],"replies":[{"embeddable":true,"href":"https:\/\/www.ilheusnoticias.net.br\/v1\/wp-json\/wp\/v2\/comments?post=32039"}],"version-history":[{"count":1,"href":"https:\/\/www.ilheusnoticias.net.br\/v1\/wp-json\/wp\/v2\/posts\/32039\/revisions"}],"predecessor-version":[{"id":32040,"href":"https:\/\/www.ilheusnoticias.net.br\/v1\/wp-json\/wp\/v2\/posts\/32039\/revisions\/32040"}],"wp:attachment":[{"href":"https:\/\/www.ilheusnoticias.net.br\/v1\/wp-json\/wp\/v2\/media?parent=32039"}],"wp:term":[{"taxonomy":"category","embeddable":true,"href":"https:\/\/www.ilheusnoticias.net.br\/v1\/wp-json\/wp\/v2\/categories?post=32039"},{"taxonomy":"post_tag","embeddable":true,"href":"https:\/\/www.ilheusnoticias.net.br\/v1\/wp-json\/wp\/v2\/tags?post=32039"}],"curies":[{"name":"wp","href":"https:\/\/api.w.org\/{rel}","templated":true}]}}