{"id":32032,"date":"2023-05-24T07:45:32","date_gmt":"2023-05-24T10:45:32","guid":{"rendered":"https:\/\/www.ilheusnoticias.net.br\/v1\/?p=32032"},"modified":"2023-05-24T07:45:32","modified_gmt":"2023-05-24T10:45:32","slug":"oferta-de-10-mil-vagas-traz-expectativa-para-os-concurseiros","status":"publish","type":"post","link":"https:\/\/www.ilheusnoticias.net.br\/v1\/2023\/05\/24\/oferta-de-10-mil-vagas-traz-expectativa-para-os-concurseiros\/","title":{"rendered":"Oferta de 10 mil vagas traz expectativa para os concurseiros"},"content":{"rendered":"<header class=\"header-static navbar-sticky navbar-light\">\n<nav class=\"navbar\">\n<div class=\"container nav-item dropdown megamenu\">\n<div class=\"pos-absolute-center\"><\/div>\n<\/div>\n<\/nav>\n<\/header>\n<div class=\"region region-content\">\n<article class=\"container\">\n<div class=\"row\">\n<div class=\"col-lg-12 mb-3\">\n<div class=\"post-image\"><a href=\"https:\/\/agenciabrasil.ebc.com.br\/geral\/noticia\/2023-05\/oferta-de-10-mil-vagas-traz-expectativa-para-os-concurseiros#\"><img id=\"media-328772\" class=\"rounded-lg shadow-sm w-100\" title=\"Arquivo pessoal\" src=\"https:\/\/imagens.ebc.com.br\/dwj-8N5dGISZCyAKvXx-I3ytpLg=\/1170x700\/smart\/https:\/\/agenciabrasil.ebc.com.br\/sites\/default\/files\/thumbnails\/image\/alessandro_gabri_de_almeida_passou_em_varios_concursos_e_atingiu_o_objetivo_de_ser_delegado_no_rio_de_janeiro_3.jpeg?itok=it0E8JkF\" alt=\"23\/05\/2023 - Alessandro Gabri de Almeida passou em v\u00e1rios concursos e atingiu o objetivo de ser delegado no Rio de Janeiro . Foto: Arquivo Pessoal\" \/>\u00a9 Arquivo pessoal<\/a><\/div>\n<\/div>\n<div class=\"col-lg-12 mb-3\">\n<div class=\"row\">\n<div class=\"col-10 offset-1 animated fadeInDown dealy-1100 alt-font text-center\"><a href=\"https:\/\/agenciabrasil.ebc.com.br\/geral\"><span class=\"badge badge-pill badge-primary\">Geral<\/span><\/a><\/div>\n<div class=\"col-10 offset-1 animated fadeInDown dealy-1100 alt-font text-center\">A jornada de estudos do Alessandro Gabri de Almeida, de 46 anos de idade, come\u00e7ou em 2007, e desde ent\u00e3o ele foi aprovado e convocado para assumir as fun\u00e7\u00f5es em v\u00e1rios concursos p\u00fablicos at\u00e9 chegar \u00e0 fun\u00e7\u00e3o de delegado de Pol\u00edcia no Rio de Janeiro. \u201cQuando comecei a estudar queria ser Oficial de Justi\u00e7a, mas n\u00e3o sa\u00eda o edital. Ent\u00e3o fiz o concurso do Tribunal de Justi\u00e7a (RJ), mas passei para analista e n\u00e3o para o cargo que queria. Depois fiz para inspetor da Pol\u00edcia Civil, passei e comecei a trabalhar\u201d.<\/div>\n<\/div>\n<\/div>\n<div class=\"col-xl-7 offset-xl-1 col-lg-8 offset-lg-0 col-md-10 offset-md-1 mb-3\">\n<div class=\"post-item alt-font\">\n<div class=\"post-item-wrap\">\n<p>Mas ele n\u00e3o parou por a\u00ed. Continuou estudando, e em 2009 passou para oficial de cart\u00f3rio, tamb\u00e9m da Pol\u00edcia Civil, e ainda no concurso do Minist\u00e9rio do Trabalho e Emprego. N\u00e3o assumiu as fun\u00e7\u00f5es porque se identificava mais com a atividade policial de inspetor.<\/p>\n<p>\u201cContinuei estudando, porque queria ser Oficial de Justi\u00e7a. No final 2009, passei no concurso de agentes da Pol\u00edcia Federal (PF), mas tinha que sair do estado, n\u00e3o queria ficar longe da minha m\u00e3e, iria para o Acre e n\u00e3o assumi\u201d, disse.<\/p>\n<p>Finalmente, em 2012, saiu a prova de Oficial de Justi\u00e7a. \u201cE eu n\u00e3o passei por conta de uma quest\u00e3o de inform\u00e1tica! Foi quando decidi estudar para cargo de delegado de pol\u00edcia do Rio de Janeiro, em 2012. Mas por v\u00e1rios problemas o concurso levou 10 anos para sair, s\u00f3 saiu em 2022\u201d.<\/p>\n<div class=\"dnd-widget-wrapper context-grande_6colunas type-image atom-align-left\">\n<div class=\"dnd-atom-rendered\">\n<div class=\"shadow overflow-hidden rounded-lg d-block zoom-on-hover-sm shadow-hover w-100\"><img class=\"flex-fill img-cover\" title=\"Arquivo pessoal\" src=\"https:\/\/imagens.ebc.com.br\/MoUWEJk_u24lNt_Jkq18lLormTk=\/463x0\/smart\/https:\/\/agenciabrasil.ebc.com.br\/sites\/default\/files\/thumbnails\/image\/cristiano_goncalves_rosa_se_prepara_para_o_concurso_de_delegado_da_pf_e_estuda_em_todo_lugar.jpeg?itok=RgAsQcDF\" alt=\"23\/05\/2023 - Cristiano Gon\u00e7alves Rosa se prepara para o concurso de delegado da PF e estuda em todo lugar. Foto: Arquivo Pessoal\" \/><\/div>\n<\/div>\n<div class=\"dnd-caption-wrapper\">\n<h6 class=\"meta\">Cristiano Gon\u00e7alves Rosa se prepara para o concurso de delegado da PF e estuda em todo lugar &#8211; Foto: Arquivo Pessoal<\/h6>\n<\/div>\n<\/div>\n<p>No meio do caminho, em 2018, ele fez o concurso para delegado de pol\u00edcia de S\u00e3o Paulo e passou. \u201cMas pedi fim de fila e s\u00f3 assumi em 2022. Quando fui para S\u00e3o Paulo, saiu o edital para delegado de Pol\u00edcia do Rio de Janeiro\u201d. Ele prestou o exame e passou. \u201cAgora estou indo para a Academia de Pol\u00edcia do Rio de Janeiro (Acadepol)\u201d.<\/p>\n<p>\u201cEu almejava essa fun\u00e7\u00e3o porque combina comigo, acho muito interessante, nenhum dia do trabalho do delegado de pol\u00edcia \u00e9 igual ao outro. Comparando com os outros cargos, [como] defensor, promotor, juiz, \u00e9 a atividade mais instigante, que \u00e9 a atividade investigat\u00f3ria\u201d, explica.<\/p>\n<h2>Vagas<\/h2>\n<p>Para quem vem estudando h\u00e1 muito tempo para ingressar na carreira p\u00fablica, como o Alessandro, h\u00e1 muitas oportunidades este ano. O governo federal anunciou novas vagas de concurso p\u00fablico para recompor o quadro do funcionalismo, defasado nos \u00faltimos anos. Casos como o atraso da an\u00e1lise de processos no Instituto Nacional do Seguro Social (INSS), aumento da fila nos servi\u00e7os de sa\u00fade, desassist\u00eancia a povos ind\u00edgenas com redu\u00e7\u00e3o do quadro da Funda\u00e7\u00e3o Nacional dos Povos Ind\u00edgenas (Funai), mostram essa defasagem.<\/p>\n<p>\u201cS\u00f3 do \u00faltimo governo a defasagem no setor p\u00fablico federal \u00e9 de 131 mil servidores a menos\u201d, informa o secret\u00e1rio-geral da Confedera\u00e7\u00e3o dos Trabalhadores no Servi\u00e7o P\u00fablico Federal (Condsef), S\u00e9rgio Ronaldo da Silva. \u201c\u00c9 preciso fazer uma recomposi\u00e7\u00e3o emergencial, porque um servidor do Executivo est\u00e1 fazendo as tarefas de tr\u00eas. Essa urg\u00eancia nos concursos \u00e9 imediata porque os servi\u00e7os p\u00fablicos tiveram uma decad\u00eancia muito grande nos \u00faltimos anos. Ao juntar essa defasagem do governo Bolsonaro com o que j\u00e1 tinha do passado, avaliamos que chega a ser em torno de 200 mil novos servidores para suprir a defasagem do executivo\u201d.<\/p>\n<p>O secret\u00e1rio da Condsef disse que os setores mais cr\u00edticos s\u00e3o a \u00e1rea ambiental, agr\u00e1ria, ind\u00edgena (Funai), INSS, sa\u00fade e educa\u00e7\u00e3o. \u201cOs outros tamb\u00e9m t\u00eam, mas n\u00e3o na mesma necessidade desses setores, que precisam recompor essa for\u00e7a de trabalho, tanto dos que faleceram no per\u00edodo da covid-19, quanto os que se aposentaram e muitos est\u00e3o afastados por conta de uma s\u00e9rie de fatores\u201d.<\/p>\n<p>Silva ressalta o impacto da redu\u00e7\u00e3o dos recursos humanos que promovem esses servi\u00e7os e pol\u00edticas p\u00fablicas. \u201cEssa redu\u00e7\u00e3o da for\u00e7a de trabalho \u00e9 dr\u00e1stica para a popula\u00e7\u00e3o brasileira, que carece dos servi\u00e7os. O INSS est\u00e1 em uma situa\u00e7\u00e3o ca\u00f3tica. O governo se comprometeu em acabar com a fila em um ano, mas o INSS precisa em torno de 20 mil novos concursados. J\u00e1 chegou a ter 42 mil trabalhadores em atividade e hoje tem 18 [mil]. Precisa repor essa for\u00e7a de trabalho e acabar com a fila de INSS que gira em torno de 1 milh\u00e3o de pessoas. Ficam prejudicados quem mais necessita dos servi\u00e7os p\u00fablicos, que \u00e9 povo mais carente e das regi\u00f5es mais in\u00f3spitas do nosso pa\u00eds\u201d, lamenta Silva.<\/p>\n<p>A\u00a0<strong>Ag\u00eancia Brasil<\/strong>\u00a0entrou em contato com o Minist\u00e9rio da Gest\u00e3o e da Inova\u00e7\u00e3o em Servi\u00e7os P\u00fablicos (MGI) para saber quantas vagas s\u00e3o necess\u00e1rias para recompor o quadro. A pasta informou que est\u00e1 analisando as demandas por concursos p\u00fablicos dos \u00f3rg\u00e3os e entidades da Administra\u00e7\u00e3o P\u00fablica Federal, mas disse que n\u00e3o comenta solicita\u00e7\u00f5es em an\u00e1lise.<\/p>\n<p>Para este ano, o\u00a0<a href=\"https:\/\/www.gov.br\/gestao\/pt-br\/acesso-a-informacao\/servidores\/concursos-publicos\/autorizacoes-e-provimentos\" target=\"_blank\" rel=\"noopener\">MGI j\u00e1 autorizou 9.637 vagas<\/a>. Quem se interessa pelas vagas do servi\u00e7o p\u00fablico federal, j\u00e1 pode se preparar ou aumentar o ritmo de estudos. S\u00f3 no Instituto Brasileiro de Geografia e Estat\u00edstica (IBGE),\u00a0<a href=\"https:\/\/www.in.gov.br\/en\/web\/dou\/-\/portaria-conjunta-mgi\/mpo-n-11-de-12-de-maio-de-2023-483645136\" target=\"_blank\" rel=\"noopener\">ser\u00e3o disponibilizadas 8.141 vagas<\/a>, e no Minist\u00e9rio da Ci\u00eancia, Tecnologia e Inova\u00e7\u00e3o,\u00a0<a href=\"https:\/\/www.in.gov.br\/en\/web\/dou\/-\/portaria-gm\/mgi-n-1.369-de-6-de-abril-de-2023-475794821%C2%A0\" target=\"_blank\" rel=\"noopener\">ser\u00e3o 814 vagas de n\u00edvel superior<\/a>.<\/p>\n<p>\u201cImportante lembrar que o MGI apenas autoriza o concurso p\u00fablico. A publica\u00e7\u00e3o do edital e realiza\u00e7\u00e3o do certame cabe a cada \u00f3rg\u00e3o autorizado\u201d, lembra a pasta em nota.<\/p>\n<p>O\u00a0<a href=\"https:\/\/agenciabrasil.ebc.com.br\/geral\/noticia\/2023-05\/portarias-autorizam-concursos-para-ministerio-do-meio-ambiente-e-funai\" target=\"_blank\" rel=\"noopener\">MGI j\u00e1 autorizou tamb\u00e9m a realiza\u00e7\u00e3o de concurso p\u00fablico<\/a>\u00a0para preenchimento de cargos no Minist\u00e9rio do Meio Ambiente e Mudan\u00e7a do Clima e na Funda\u00e7\u00e3o Nacional dos Povos Ind\u00edgenas (Funai).<\/p>\n<p>A ministra da Gest\u00e3o e da Inova\u00e7\u00e3o em Servi\u00e7os P\u00fablicos, Esther Dweck, disse, em abril, que\u00a0<a href=\"https:\/\/agenciabrasil.ebc.com.br\/economia\/noticia\/2023-04\/primeiros-concursos-publicos-serao-lancados-em-10-de-abril%C2%A0\" target=\"_blank\" rel=\"noopener\">at\u00e9 o fim deste ano devem ser anunciados tr\u00eas blocos de concursos p\u00fablicos<\/a>\u00a0para recomposi\u00e7\u00e3o de pessoal.<\/p>\n<h2>Modalidades<\/h2>\n<p>O concurso p\u00fablico tem a finalidade de preencher cargos p\u00fablicos com as pessoas mais preparadas e de maneira justa. Essa modalidade de ingresso no servi\u00e7o p\u00fablico est\u00e1\u00a0<a href=\"https:\/\/www.gov.br\/saude\/pt-br\/acesso-a-informacao\/banco-de-precos\/legislacao\/constituicao-federal-de-05-de-outubro-de-1988-art-37-inciso-xxi.pdf\/view#:~:text=37%2C%20inciso%20XXI-,Constitui%C3%A7%C3%A3o%20Federal%2C%20de%2005%20de%20outubro%20de%201988%20%2D%20Art.,Distrito%20Federal%20e%20dos%20Munic%C3%ADpios\" target=\"_blank\" rel=\"noopener\">prevista na Constitui\u00e7\u00e3o Federal (Artigo 37)<\/a>\u00a0e em outras leis complementares.<\/p>\n<p>Todo concurso p\u00fablico precisa ter, pelo menos, uma prova escrita, que pode ser objetiva ou dissertativa, ou ambas. Apesar de n\u00e3o serem obrigat\u00f3rias, provas pr\u00e1ticas, avalia\u00e7\u00f5es de t\u00edtulos e testes f\u00edsicos poder\u00e3o ser realizados.<\/p>\n<p>J\u00e1 o processo seletivo visa suprir uma necessidade, na maioria das vezes urgente ou tempor\u00e1ria, em que o n\u00famero de concursados do \u00f3rg\u00e3o n\u00e3o \u00e9 suficiente para realizar todo o servi\u00e7o, como \u00e9 o caso dos processos seletivos do IBGE, em que selecionam agentes e outras fun\u00e7\u00f5es para o Censo. O modelo de contrata\u00e7\u00e3o \u00e9 tempor\u00e1rio.<\/p>\n<h2>Interior<\/h2>\n<p>Al\u00e9m das vagas do governo federal, os estados e os munic\u00edpios realizam concursos para comporem seus quadros de funcion\u00e1rios. Nos munic\u00edpios, a m\u00e9dia \u00e9 de nove vagas para as c\u00e2maras de vereadores e de 200 vagas para as prefeituras.<\/p>\n<p>A organizadora de concursos p\u00fablicos IADHED, sediada em Uberaba (MG), j\u00e1 organizou este ano concursos e processos seletivos em 11 cidades no estado de Minas Gerais. \u201cTemos cinco j\u00e1 contratados e a previs\u00e3o para o ano de 2023 \u00e9 de finalizar com mais de 25 certames executados\u201d, informa o diretor de Projetos e Opera\u00e7\u00f5es, Marcelo Navarro, do Instituto Assistencial de Desenvolvimento Humano, Educacional e Desportivo (IADHED).<\/p>\n<p>Essa organizadora atende principalmente c\u00e2maras municipais e prefeituras de munic\u00edpios de at\u00e9 200 mil habitantes, al\u00e9m de funda\u00e7\u00f5es, institutos e autarquias municipais nas regi\u00f5es Sudeste e Centro-Oeste.<\/p>\n<p>A Lei Federal 8666\/93, que vigora at\u00e9 o fim de 2023, e a nova Lei de Licita\u00e7\u00e3o n\u00ba 14133\/21, que j\u00e1 est\u00e1 em vigor e substituir\u00e1 a 8666\/93, estabelecem as formas de contrata\u00e7\u00e3o por meio do processo licitat\u00f3rio em modalidades (preg\u00e3o, tomada de pre\u00e7o, concorr\u00eancia, entre outras), mas abre a possibilidade para dispensa de licita\u00e7\u00e3o, quando a contrata\u00e7\u00e3o for voltada para institui\u00e7\u00f5es privadas de natureza jur\u00eddica sem fins lucrativos, com a pacifica\u00e7\u00e3o do Tribunal de Contas da Uni\u00e3o, por meio da S\u00famula 287.<\/p>\n<p>Atualmente, a dispensa de licita\u00e7\u00e3o \u00e9 a forma mais utilizada para contrata\u00e7\u00e3o na esfera Federal e estadual, que conta com organizadoras de abrang\u00eancia nacional como Funda\u00e7\u00e3o Getulio Vargas (FGV), Funda\u00e7\u00e3o Cesgranrio, Centro de Sele\u00e7\u00e3o e de Promo\u00e7\u00e3o de Eventos (Cespe), Funda\u00e7\u00e3o Carlos Chagas (FCC), Funda\u00e7\u00e3o para o Vestibular da Universidade Estadual Paulista (Vunesp).<\/p>\n<p>\u201cMesmo tendo a possibilidade de dispensa, a maioria das cidades abaixo de 200 mil habitantes ainda est\u00e1 utilizando o preg\u00e3o presencial, que \u00e9 uma modalidade muito fr\u00e1gil para esse tipo de contrata\u00e7\u00e3o, devido \u00e0 baixa exig\u00eancia de qualifica\u00e7\u00e3o das organizadoras\u201d, disse Navarro, do IADHED.<\/p>\n<p>Para ele, a concorr\u00eancia ou a tomada de pre\u00e7o s\u00e3o as modalidades mais adequadas para contrata\u00e7\u00e3o do objeto concurso p\u00fablico. \u201cDevido a toda a complexidade e idoneidade exigida na operacionaliza\u00e7\u00e3o desse tipo de servi\u00e7o junto a \u00f3rg\u00e3os p\u00fablicos\u201d.<\/p>\n<p>O diretor da organizadora de concursos explica que nos \u00faltimos anos ocorreu uma evolu\u00e7\u00e3o significativa nos certames, seja no n\u00edvel de exig\u00eancias e de fiscaliza\u00e7\u00e3o dos atos e fases. \u201cOs avan\u00e7os tecnol\u00f3gicos foram fundamentais nesse processo, agilizando toda a execu\u00e7\u00e3o e acompanhamento\u201d, disse.<\/p>\n<p>Na vis\u00e3o dele, todo esse avan\u00e7o proporciona uma melhor sele\u00e7\u00e3o de servidores p\u00fablicos. \u201cOs servidores p\u00fablicos efetivos contribuem para transpar\u00eancia das a\u00e7\u00f5es dos gestores p\u00fablicos. Considerando que um servidor concursado n\u00e3o deve seu cargo ao ente pol\u00edtico, ele pode agir estritamente dentro da legalidade, sem medo de perder seu cargo, por n\u00e3o atender a solicita\u00e7\u00f5es n\u00e3o republicanas de alguns gestores\u201d.<\/p>\n<h2>Preparat\u00f3rios<\/h2>\n<div class=\"dnd-widget-wrapper context-medio_4colunas type-image atom-align-left\">\n<div class=\"dnd-atom-rendered\">\n<div class=\"shadow overflow-hidden rounded-lg d-block zoom-on-hover-sm shadow-hover w-100\"><img class=\"flex-fill img-cover\" title=\"Arquivo pessoal\" src=\"https:\/\/imagens.ebc.com.br\/EIXTTeD7g5IlnTifjA8K5sQ_VFk=\/365x0\/smart\/https:\/\/agenciabrasil.ebc.com.br\/sites\/default\/files\/thumbnails\/image\/alessandro_gabri_de_almeida_passou_em_varios_concursos_e_atingiu_o_objetivo_de_ser_delegado_no_rio_de_janeiro_1.jpeg?itok=Vx48iqRr\" alt=\"23\/05\/2023 - Alessandro Gabri de Almeida passou em v\u00e1rios concursos e atingiu o objetivo de ser delegado no Rio de Janeiro . Foto: Arquivo Pessoal\" \/><\/div>\n<\/div>\n<div class=\"dnd-caption-wrapper\">\n<h6 class=\"meta\">Alessandro Gabri de Almeida passou em v\u00e1rios concursos e atingiu o objetivo de ser delegado no Rio de Janeiro &#8211; Foto: Arquivo Pessoal<\/h6>\n<\/div>\n<\/div>\n<p>O setor de cursos preparat\u00f3rios tamb\u00e9m tem boas expectativas para este ano. \u201cAcreditamos fortemente que teremos mais alguns concursos nas carreiras banc\u00e1rias, inclusive da Caixa Econ\u00f4mica Federal, que ainda depende de decis\u00e3o judicial. Apostamos tamb\u00e9m na continuidade das recomposi\u00e7\u00f5es, como t\u00eam acontecido desde o in\u00edcio do ano, com concursos do Executivo e do Judici\u00e1rio estaduais, principalmente seguran\u00e7a p\u00fablica e fiscais de tributos\u201d, disse M\u00e1rcio Cisco, gerente de Preparat\u00f3rios da Casa do Concurseiro, curso digital preparat\u00f3rio para concursos p\u00fablicos, sediado em Porto Alegre.<\/p>\n<p>Com 17 mil alunos ativos, Cisco diz que a procura tem sido por cursos que preparam para os concursos p\u00fablicos de bancos. \u201cHoje, a maior procura \u00e9 para os concursos na \u00e1rea banc\u00e1ria, considerando a refer\u00eancia dos nossos professores no mercado. Outras \u00e1reas que tamb\u00e9m s\u00e3o bastante requisitadas s\u00e3o as de carreira policial e as carreiras administrativas do Judici\u00e1rio e do INSS\u201d.<\/p>\n<p>O assessor parlamentar Cristiano Gon\u00e7alves Rosa, 43 anos de idade, vem se preparando h\u00e1 tr\u00eas anos para o cargo de delegado da PF. \u201cUm sonho de vida. J\u00e1 fiz nove concursos p\u00fablicos para o cargo de delegado, sendo aprovado em quase todos, mas ficando fora da nota de corte, que est\u00e1 muito alta, ressalte-se! O \u00faltimo que fiz foi para delegado do Rio [de Janeiro] e passei muito perto da nota de corte. Senti uma evolu\u00e7\u00e3o boa desde o primeiro que fiz, estando ainda na faculdade, o que me fez crer e continuar lutando\u201d.<\/p>\n<p>Bacharel em Direito e policial militar concursado do Bope-RJ, Cristiano disse que a vontade de ser delegado surgiu quando foi instrutor de um curso para a PF. \u201cConheci um delegado que me incentivou a iniciar o curso de Direito, que ocorreu em 2016, aos 36 anos\u201d.<\/p>\n<p>Para atingir o objetivo, a carga de estudos \u00e9 alta. \u201cMinha rotina de estudos \u00e9 de 6 horas de estudo sem edital [aberto]. Com edital, costumo apertar para 10 a 12 horas, quando d\u00e1 para conciliar com o trabalho. Mas hoje costumo estudar em qualquer lugar, na academia, fila de banco. Um dia fui mergulhar e um amigo me fotografou estudando no barco\u201d, brinca.<\/p>\n<p>Para quem vai come\u00e7ar a jornada de estudos, ele recomenda estudar, no m\u00ednimo, 4 horas por dia. \u201cMesmo sem previs\u00e3o de concurso. Publicado o edital, o ritmo deve subir necessariamente!\u201d<\/p>\n<p>O futuro delegado Alessandro Gabri, que em breve come\u00e7a a Acadepol, concorda com o colega de estudos Cristiano. Os dois se conheceram durante uma prova e dividem a opini\u00e3o de que \u00e9 preciso esfor\u00e7o e foco para estudar para os concursos.<\/p>\n<p>\u201cPara passar em um concurso p\u00fablico, n\u00e3o \u00e9 preciso ser inteligente e fora da curva. \u00c9 ser esfor\u00e7ado, ter paci\u00eancia e perseverar. Ver e rever a mat\u00e9ria e esperar o seu momento. S\u00f3 n\u00e3o passa no concurso quem desiste. Alguns passam mais r\u00e1pido, outros demoram mais. Esse tempo \u00e9 um tempo dolorido, de solid\u00e3o, de dedica\u00e7\u00e3o e ter foco. O concurso tem in\u00edcio, meio, e esse meio demora, parece que nunca vai acabar, e tem o fim que \u00e9 a posse. O estudo mudou a minha vida e pode mudar a vida de qualquer um\u201d.<\/p>\n<\/div>\n<\/div>\n<\/div>\n<\/div>\n<\/article>\n<\/div>\n","protected":false},"excerpt":{"rendered":"<p>\u00a9 Arquivo pessoal Geral A jornada de estudos do Alessandro Gabri de Almeida, de 46 anos de idade, come\u00e7ou em 2007, e desde ent\u00e3o ele foi aprovado e convocado para assumir as fun\u00e7\u00f5es em v\u00e1rios concursos p\u00fablicos at\u00e9 chegar \u00e0 fun\u00e7\u00e3o de delegado de Pol\u00edcia no Rio de Janeiro. \u201cQuando comecei a estudar queria ser [&hellip;]<\/p>\n","protected":false},"author":2,"featured_media":0,"comment_status":"open","ping_status":"open","sticky":false,"template":"","format":"standard","meta":{"_links_to":"","_links_to_target":""},"categories":[1],"tags":[],"_links":{"self":[{"href":"https:\/\/www.ilheusnoticias.net.br\/v1\/wp-json\/wp\/v2\/posts\/32032"}],"collection":[{"href":"https:\/\/www.ilheusnoticias.net.br\/v1\/wp-json\/wp\/v2\/posts"}],"about":[{"href":"https:\/\/www.ilheusnoticias.net.br\/v1\/wp-json\/wp\/v2\/types\/post"}],"author":[{"embeddable":true,"href":"https:\/\/www.ilheusnoticias.net.br\/v1\/wp-json\/wp\/v2\/users\/2"}],"replies":[{"embeddable":true,"href":"https:\/\/www.ilheusnoticias.net.br\/v1\/wp-json\/wp\/v2\/comments?post=32032"}],"version-history":[{"count":1,"href":"https:\/\/www.ilheusnoticias.net.br\/v1\/wp-json\/wp\/v2\/posts\/32032\/revisions"}],"predecessor-version":[{"id":32033,"href":"https:\/\/www.ilheusnoticias.net.br\/v1\/wp-json\/wp\/v2\/posts\/32032\/revisions\/32033"}],"wp:attachment":[{"href":"https:\/\/www.ilheusnoticias.net.br\/v1\/wp-json\/wp\/v2\/media?parent=32032"}],"wp:term":[{"taxonomy":"category","embeddable":true,"href":"https:\/\/www.ilheusnoticias.net.br\/v1\/wp-json\/wp\/v2\/categories?post=32032"},{"taxonomy":"post_tag","embeddable":true,"href":"https:\/\/www.ilheusnoticias.net.br\/v1\/wp-json\/wp\/v2\/tags?post=32032"}],"curies":[{"name":"wp","href":"https:\/\/api.w.org\/{rel}","templated":true}]}}