{"id":32016,"date":"2023-05-23T11:09:48","date_gmt":"2023-05-23T14:09:48","guid":{"rendered":"https:\/\/www.ilheusnoticias.net.br\/v1\/?p=32016"},"modified":"2023-05-23T11:09:48","modified_gmt":"2023-05-23T14:09:48","slug":"vini-jr-sete-suspeitos-por-ataques-racistas-sao-presos-na-espanha","status":"publish","type":"post","link":"https:\/\/www.ilheusnoticias.net.br\/v1\/2023\/05\/23\/vini-jr-sete-suspeitos-por-ataques-racistas-sao-presos-na-espanha\/","title":{"rendered":"Vini Jr.: sete suspeitos por ataques racistas s\u00e3o presos na Espanha"},"content":{"rendered":"<div class=\"row content-head non-featured \">\n<div class=\"title\" data-block-type=\"title\" data-block-id=\"0\"><\/div>\n<div class=\"medium-centered subtitle\">\n<h2 class=\"content-head__subtitle\"><span style=\"font-size: 16px;\">Por g1<\/span><\/h2>\n<\/div>\n<\/div>\n<div class=\"content__signa-share\">\n<div class=\"content__signature\">\n<div class=\"content-publication-data\">\n<div class=\"content-publication-data__text\">\n<p class=\"content-publication-data__updated\"><img class=\"content-video__placeholder__thumb\" title=\"Pol\u00edcia da Espanha det\u00e9m suspeitos de pendurar boneco representando Vinicius Jr. enforcado e torcedores que praticaram ofensas racistas no \u00faltimo domingo. \" src=\"https:\/\/s02.video.glbimg.com\/x240\/11639045.jpg\" alt=\"Pol\u00edcia da Espanha det\u00e9m suspeitos de pendurar boneco representando Vinicius Jr. enforcado e torcedores que praticaram ofensas racistas no \u00faltimo domingo. \" \/><\/p>\n<\/div>\n<\/div>\n<\/div>\n<\/div>\n<div class=\"mc-article-body\">\n<article>\n<div id=\"chunk-d05rs\">\n<div class=\"bs-video-block mc-column  content-media content-video\" data-block-type=\"backstage-video\" data-block-id=\"1\">\n<div class=\"content-media__container\">\n<div class=\"content-video__bigger-player-description-fixer\">\n<article class=\"content-video\">\n<section class=\"content-video__video-container\">\n<div class=\"content-video__video\">\n<div id=\"wp3-player-2\" class=\"clappr-player\" tabindex=\"9999\" data-player=\"\">\n<div class=\"dfp-ad-overlay dfp-ad-overlay--poster-mode\">\n<div><\/div>\n<\/div>\n<div class=\"media-control media-control-hide h720 w960\">\n<div class=\"media-control-panel\">\n<div class=\"media-control-panel__lower\" data-controls=\"\">\n<div class=\"opposites-container\">\n<div class=\"media-control-position__right\">Pol\u00edcia da Espanha det\u00e9m suspeitos de pendurar boneco representando Vinicius Jr. enforcado e torcedores que praticaram ofensas racistas no \u00faltimo domingo.<\/div>\n<\/div>\n<\/div>\n<\/div>\n<\/div>\n<\/div>\n<\/div>\n<\/section>\n<\/article>\n<\/div>\n<\/div>\n<\/div>\n<\/div>\n<div id=\"chunk-2t8be\">\n<div class=\"mc-column content-text active-extra-styles \" data-block-type=\"unstyled\" data-block-weight=\"47\" data-block-id=\"3\">\n<p class=\"content-text__container \" data-track-category=\"Link no Texto\" data-track-links=\"\">Diante da onda de indigna\u00e7\u00e3o com os insultos racistas proferidos contra o jogador Vinicius Jr. em um jogo na Espanha no \u00faltimo domingo (21),\u00a0<strong>a pol\u00edcia espanhola deteve nesta ter\u00e7a-feira um total de sete pessoas suspeitas de crimes de inj\u00faria racial e \u00f3dio\u00a0<\/strong>contra o brasileiro.<\/p>\n<\/div>\n<\/div>\n<div class=\"wall protected-content\">\n<div id=\"chunk-dc7b6\">\n<div class=\"mc-column content-text active-extra-styles \" data-block-type=\"unstyled\" data-block-weight=\"36\" data-block-id=\"4\">\n<p class=\"content-text__container \" data-track-category=\"Link no Texto\" data-track-links=\"\">No in\u00edcio da manh\u00e3, a Pol\u00edcia Nacional da Espanha anunciou a deten\u00e7\u00e3o de quatro pessoas suspeitas ligadas ao\u00a0<a class=\"\" href=\"https:\/\/g1.globo.com\/mundo\/noticia\/2023\/01\/26\/boneco-com-camisa-de-vinicius-jr-aparece-enforcado-em-ponte-em-madri-jogador-espera-punicao-contra-crimes-de-odio-diz-representante.ghtml\">boneco que representava o atacante Vini Jr. enforcado sob uma ponte de Madri<\/a>, em janeiro de 2023.<\/p>\n<\/div>\n<\/div>\n<div id=\"chunk-eptna\">\n<div class=\"mc-column content-text active-extra-styles \" data-block-type=\"unstyled\" data-block-weight=\"36\" data-block-id=\"5\">\n<p class=\"content-text__container \" data-track-category=\"Link no Texto\" data-track-links=\"\">Poucas horas depois,\u00a0<strong>policiais prenderam tr\u00eas torcedores do Valencia identificados pelo clube como os autores dos insultos feitos ao brasileiro durante o jogo<\/strong>\u00a0do clube valenciano contra o Real Madrid no domingo<\/p>\n<\/div>\n<\/div>\n<\/div>\n<\/article>\n<\/div>\n","protected":false},"excerpt":{"rendered":"<p>Por g1 Pol\u00edcia da Espanha det\u00e9m suspeitos de pendurar boneco representando Vinicius Jr. enforcado e torcedores que praticaram ofensas racistas no \u00faltimo domingo. Diante da onda de indigna\u00e7\u00e3o com os insultos racistas proferidos contra o jogador Vinicius Jr. em um jogo na Espanha no \u00faltimo domingo (21),\u00a0a pol\u00edcia espanhola deteve nesta ter\u00e7a-feira um total de [&hellip;]<\/p>\n","protected":false},"author":2,"featured_media":0,"comment_status":"open","ping_status":"open","sticky":false,"template":"","format":"standard","meta":{"_links_to":"","_links_to_target":""},"categories":[1],"tags":[],"_links":{"self":[{"href":"https:\/\/www.ilheusnoticias.net.br\/v1\/wp-json\/wp\/v2\/posts\/32016"}],"collection":[{"href":"https:\/\/www.ilheusnoticias.net.br\/v1\/wp-json\/wp\/v2\/posts"}],"about":[{"href":"https:\/\/www.ilheusnoticias.net.br\/v1\/wp-json\/wp\/v2\/types\/post"}],"author":[{"embeddable":true,"href":"https:\/\/www.ilheusnoticias.net.br\/v1\/wp-json\/wp\/v2\/users\/2"}],"replies":[{"embeddable":true,"href":"https:\/\/www.ilheusnoticias.net.br\/v1\/wp-json\/wp\/v2\/comments?post=32016"}],"version-history":[{"count":1,"href":"https:\/\/www.ilheusnoticias.net.br\/v1\/wp-json\/wp\/v2\/posts\/32016\/revisions"}],"predecessor-version":[{"id":32017,"href":"https:\/\/www.ilheusnoticias.net.br\/v1\/wp-json\/wp\/v2\/posts\/32016\/revisions\/32017"}],"wp:attachment":[{"href":"https:\/\/www.ilheusnoticias.net.br\/v1\/wp-json\/wp\/v2\/media?parent=32016"}],"wp:term":[{"taxonomy":"category","embeddable":true,"href":"https:\/\/www.ilheusnoticias.net.br\/v1\/wp-json\/wp\/v2\/categories?post=32016"},{"taxonomy":"post_tag","embeddable":true,"href":"https:\/\/www.ilheusnoticias.net.br\/v1\/wp-json\/wp\/v2\/tags?post=32016"}],"curies":[{"name":"wp","href":"https:\/\/api.w.org\/{rel}","templated":true}]}}