{"id":32012,"date":"2023-05-23T11:05:09","date_gmt":"2023-05-23T14:05:09","guid":{"rendered":"https:\/\/www.ilheusnoticias.net.br\/v1\/?p=32012"},"modified":"2023-05-23T11:05:09","modified_gmt":"2023-05-23T14:05:09","slug":"governo-garante-promocao-da-carreira-para-professores-das-quatro-universidades-estaduais","status":"publish","type":"post","link":"https:\/\/www.ilheusnoticias.net.br\/v1\/2023\/05\/23\/governo-garante-promocao-da-carreira-para-professores-das-quatro-universidades-estaduais\/","title":{"rendered":"Governo garante promo\u00e7\u00e3o da carreira para professores das quatro universidades estaduais"},"content":{"rendered":"<div class=\"Post\">\n<div class=\"Post-body\">\n<div class=\"Post-inner article\">\n<div class=\"PostFooterIcons metadata-icons\"><\/div>\n<\/div>\n<\/div>\n<\/div>\n<div class=\"Post\">\n<div class=\"Post-body\">\n<div class=\"Post-inner article\">\n<div class=\"PostHeaderIcons metadata-icons\"><img src=\"http:\/\/www.blogdothame.blog.br\/v1\/wp-content\/uploads\/2023\/05\/Foto-Ilustrativa-Carol-GarciaGOVBA.jpeg\" \/><\/div>\n<div class=\"PostContent\">\n<p>&nbsp;<\/p>\n<p>A pol\u00edtica de valoriza\u00e7\u00e3o dos servidores estaduais \u00e9 resultado de um trabalho de gest\u00e3o comandado pelo governador Jer\u00f4nimo Rodrigues focado no di\u00e1logo com as diferentes categorias para discuss\u00e3o e atendimento de demandas. Na \u00e1rea da Educa\u00e7\u00e3o, os resultados positivos j\u00e1 aparecem. Ao todo, ser\u00e3o contemplados com a promo\u00e7\u00e3o na carreira 530 professores das quatro universidades estaduais: Universidade do Estado da Bahia (Uneb), \u00a0Universidade Estadual de Santa Cruz (Uesc), Universidade Estadual do Sudoeste da Bahia (Uesb) e Universidade Estadual de Feira de Santana (Uefs).<\/p>\n<p>A medida est\u00e1 no conjunto de Projetos de Lei (PL) elaborados pelo Governo do Estado e aprovados pela Assembleia Legislativa da Bahia (Alba). Isso significa a mudan\u00e7a de classe dos professores e, consequentemente, benef\u00edcios financeiros. Os docentes universit\u00e1rios poder\u00e3o, ainda, fazer a convers\u00e3o da licen\u00e7a-pr\u00eamio em vantagem financeira (pec\u00fania). Al\u00e9m disso, como todas as carreiras da administra\u00e7\u00e3o direta e indireta, ter\u00e3o o reajuste linear de 4%, retroativo a fevereiro de 2023.<\/p>\n<p>A carreira do magist\u00e9rio superior est\u00e1 estruturada em cinco classes de professores: auxiliar, assistente, adjunto, professor titular e professor pleno. Eles ser\u00e3o contemplados imediatamente com as suas promo\u00e7\u00f5es, considerando os processos j\u00e1 tramitados e prontos para publica\u00e7\u00e3o. Com isso, outros professores tamb\u00e9m poder\u00e3o ser atendidos com as vagas liberadas a partir dessas promo\u00e7\u00f5es, de acordo com o fluxo normal em cada universidade.<\/p>\n<\/div>\n<\/div>\n<\/div>\n<\/div>\n","protected":false},"excerpt":{"rendered":"<p>&nbsp; A pol\u00edtica de valoriza\u00e7\u00e3o dos servidores estaduais \u00e9 resultado de um trabalho de gest\u00e3o comandado pelo governador Jer\u00f4nimo Rodrigues focado no di\u00e1logo com as diferentes categorias para discuss\u00e3o e atendimento de demandas. Na \u00e1rea da Educa\u00e7\u00e3o, os resultados positivos j\u00e1 aparecem. Ao todo, ser\u00e3o contemplados com a promo\u00e7\u00e3o na carreira 530 professores das quatro [&hellip;]<\/p>\n","protected":false},"author":2,"featured_media":0,"comment_status":"open","ping_status":"open","sticky":false,"template":"","format":"standard","meta":{"_links_to":"","_links_to_target":""},"categories":[1],"tags":[],"_links":{"self":[{"href":"https:\/\/www.ilheusnoticias.net.br\/v1\/wp-json\/wp\/v2\/posts\/32012"}],"collection":[{"href":"https:\/\/www.ilheusnoticias.net.br\/v1\/wp-json\/wp\/v2\/posts"}],"about":[{"href":"https:\/\/www.ilheusnoticias.net.br\/v1\/wp-json\/wp\/v2\/types\/post"}],"author":[{"embeddable":true,"href":"https:\/\/www.ilheusnoticias.net.br\/v1\/wp-json\/wp\/v2\/users\/2"}],"replies":[{"embeddable":true,"href":"https:\/\/www.ilheusnoticias.net.br\/v1\/wp-json\/wp\/v2\/comments?post=32012"}],"version-history":[{"count":1,"href":"https:\/\/www.ilheusnoticias.net.br\/v1\/wp-json\/wp\/v2\/posts\/32012\/revisions"}],"predecessor-version":[{"id":32013,"href":"https:\/\/www.ilheusnoticias.net.br\/v1\/wp-json\/wp\/v2\/posts\/32012\/revisions\/32013"}],"wp:attachment":[{"href":"https:\/\/www.ilheusnoticias.net.br\/v1\/wp-json\/wp\/v2\/media?parent=32012"}],"wp:term":[{"taxonomy":"category","embeddable":true,"href":"https:\/\/www.ilheusnoticias.net.br\/v1\/wp-json\/wp\/v2\/categories?post=32012"},{"taxonomy":"post_tag","embeddable":true,"href":"https:\/\/www.ilheusnoticias.net.br\/v1\/wp-json\/wp\/v2\/tags?post=32012"}],"curies":[{"name":"wp","href":"https:\/\/api.w.org\/{rel}","templated":true}]}}