{"id":32010,"date":"2023-05-23T11:03:04","date_gmt":"2023-05-23T14:03:04","guid":{"rendered":"https:\/\/www.ilheusnoticias.net.br\/v1\/?p=32010"},"modified":"2023-05-23T11:03:04","modified_gmt":"2023-05-23T14:03:04","slug":"inscricoes-para-o-programa-universidade-para-todos-seguem-ate-a-proxima-quinta-feira","status":"publish","type":"post","link":"https:\/\/www.ilheusnoticias.net.br\/v1\/2023\/05\/23\/inscricoes-para-o-programa-universidade-para-todos-seguem-ate-a-proxima-quinta-feira\/","title":{"rendered":"Inscri\u00e7\u00f5es para o Programa Universidade para Todos seguem at\u00e9 a pr\u00f3xima quinta-feira"},"content":{"rendered":"<div class=\"PostHeaderIcons metadata-icons\"><\/div>\n<div class=\"PostContent\">\n<p><img src=\"http:\/\/www.blogdothame.blog.br\/v1\/wp-content\/uploads\/2023\/05\/Programa-Universidade-para-Todos.jpeg\" \/><\/p>\n<p>&nbsp;<\/p>\n<p>As inscri\u00e7\u00f5es para o Programa Universidade para Todos (UPT), da Secretaria da Educa\u00e7\u00e3o do Estado da Bahia (SEC), seguem at\u00e9 o dia 25 de maio, para 18.966 vagas, nos 27 Territ\u00f3rios de Identidade. Isto representa 3.966 vagas a mais do que em 2022, quando foram ofertadas 15 mil vagas. As inscri\u00e7\u00f5es s\u00e3o gratuitas e devem ser realizadas no Portal da Educa\u00e7\u00e3o (processoseletivoupt.educacao.ba.gov.br\/inscricao).\u00a0 Mais de 29 mil estudantes do UPT j\u00e1 ingressaram no Ensino Superior.<\/p>\n<p>O programa \u00e9 destinado ao fortalecimento das aprendizagens e prepara\u00e7\u00e3o dos estudantes concluintes e egressos da rede p\u00fablica de ensino da Bahia para os processos seletivos de ingresso ao Ensino Superior, a exemplo do Exame Nacional do Ensino M\u00e9dio (ENEM). Nesta nova edi\u00e7\u00e3o, ser\u00e3o contemplados 195 munic\u00edpios do Estado da Bahia, com a oferta das atividades do programa em 310 polos de funcionamento. Em Salvador ser\u00e3o 34 polos com a oferta de 2.375 vagas. O in\u00edcio das aulas est\u00e1 previsto para o dia 5 de junho.<\/p>\n<p>Pode se inscrever o candidato da rede p\u00fablica do Estado regularmente matriculado, em 2023, no 3\u00ba ano do Ensino M\u00e9dio regular estadual ou municipal (ou suas modalidades correspondentes); e no 4\u00ba ano da Educa\u00e7\u00e3o Profissional Integrada ao Ensino M\u00e9dio estadual ou municipal (ou suas modalidades correspondentes); al\u00e9m de egresso do Ensino M\u00e9dio estadual ou municipal do Estado da Bahia. N\u00e3o ser\u00e1 permitida a inscri\u00e7\u00e3o de candidato que estiver cursando ou que tenha conclu\u00eddo curso de n\u00edvel superior.<\/p>\n<\/div>\n","protected":false},"excerpt":{"rendered":"<p>&nbsp; As inscri\u00e7\u00f5es para o Programa Universidade para Todos (UPT), da Secretaria da Educa\u00e7\u00e3o do Estado da Bahia (SEC), seguem at\u00e9 o dia 25 de maio, para 18.966 vagas, nos 27 Territ\u00f3rios de Identidade. Isto representa 3.966 vagas a mais do que em 2022, quando foram ofertadas 15 mil vagas. As inscri\u00e7\u00f5es s\u00e3o gratuitas e [&hellip;]<\/p>\n","protected":false},"author":2,"featured_media":0,"comment_status":"open","ping_status":"open","sticky":false,"template":"","format":"standard","meta":{"_links_to":"","_links_to_target":""},"categories":[1],"tags":[],"_links":{"self":[{"href":"https:\/\/www.ilheusnoticias.net.br\/v1\/wp-json\/wp\/v2\/posts\/32010"}],"collection":[{"href":"https:\/\/www.ilheusnoticias.net.br\/v1\/wp-json\/wp\/v2\/posts"}],"about":[{"href":"https:\/\/www.ilheusnoticias.net.br\/v1\/wp-json\/wp\/v2\/types\/post"}],"author":[{"embeddable":true,"href":"https:\/\/www.ilheusnoticias.net.br\/v1\/wp-json\/wp\/v2\/users\/2"}],"replies":[{"embeddable":true,"href":"https:\/\/www.ilheusnoticias.net.br\/v1\/wp-json\/wp\/v2\/comments?post=32010"}],"version-history":[{"count":1,"href":"https:\/\/www.ilheusnoticias.net.br\/v1\/wp-json\/wp\/v2\/posts\/32010\/revisions"}],"predecessor-version":[{"id":32011,"href":"https:\/\/www.ilheusnoticias.net.br\/v1\/wp-json\/wp\/v2\/posts\/32010\/revisions\/32011"}],"wp:attachment":[{"href":"https:\/\/www.ilheusnoticias.net.br\/v1\/wp-json\/wp\/v2\/media?parent=32010"}],"wp:term":[{"taxonomy":"category","embeddable":true,"href":"https:\/\/www.ilheusnoticias.net.br\/v1\/wp-json\/wp\/v2\/categories?post=32010"},{"taxonomy":"post_tag","embeddable":true,"href":"https:\/\/www.ilheusnoticias.net.br\/v1\/wp-json\/wp\/v2\/tags?post=32010"}],"curies":[{"name":"wp","href":"https:\/\/api.w.org\/{rel}","templated":true}]}}