{"id":32006,"date":"2023-05-23T10:59:03","date_gmt":"2023-05-23T13:59:03","guid":{"rendered":"https:\/\/www.ilheusnoticias.net.br\/v1\/?p=32006"},"modified":"2023-05-23T10:59:03","modified_gmt":"2023-05-23T13:59:03","slug":"com-apoio-da-prefeitura-beach-soccer-e-copa-2-de-julho-de-futebol-agitam-final-de-semana-em-ilheus","status":"publish","type":"post","link":"https:\/\/www.ilheusnoticias.net.br\/v1\/2023\/05\/23\/com-apoio-da-prefeitura-beach-soccer-e-copa-2-de-julho-de-futebol-agitam-final-de-semana-em-ilheus\/","title":{"rendered":"Com apoio da Prefeitura, Beach Soccer e Copa 2 de Julho de Futebol agitam final de semana em Ilh\u00e9us"},"content":{"rendered":"<p>&nbsp;<\/p>\n<div class=\"imagem thumbnail col-xs-12 col-sm-8 col-md-6 col-lg-6 imagem-materia\"><a class=\"fresco\" title=\"\" href=\"https:\/\/portalfacilarquivos.blob.core.windows.net\/uploads\/ILHEUS\/imgOrig\/%7BCE8D4A24-03A1-B3AD-E40E-47A0EC3B351D%7D.jpg\" data-fresco-caption=\"\"><img loading=\"lazy\" title=\"\" src=\"https:\/\/portalfacilarquivos.blob.core.windows.net\/uploads\/ILHEUS\/img\/%7BCE8D4A24-03A1-B3AD-E40E-47A0EC3B351D%7D\/%7BCE8D4A24-03A1-B3AD-E40E-47A0EC3B351D%7D_650X450.jpg\" alt=\"beach soccer; 2 de julho; esporte\" width=\"650\" height=\"450\" \/><\/a><\/div>\n<p>A 4\u00aa edi\u00e7\u00e3o da Copa Beach Soccer movimentou Ilh\u00e9us no \u00faltimo final de semana. O evento\u00a0aconteceu na Praia do Malhado. A iniciativa \u00e9 da Federa\u00e7\u00e3o Baiana Beach Soccer e do Governo do Estado, atrav\u00e9s da Superintend\u00eancia dos Desportos do Estado da Bahia (Sudesb), com apoio da Prefeitura.<\/p>\n<p>Cerca de 150 atletas disputaram a primeira etapa da competi\u00e7\u00e3o esportiva. Os jogos reuniram 10 equipes masculinas e quatro femininas. A equipe da AFI foi a grande campe\u00e3 do masculino. O primeiro lugar do feminino foi conquistado pela equipe do Bras\u00edlia BS.<\/p>\n<p>Para o presidente da Federa\u00e7\u00e3o de Beach Soccer da Bahia, Francisco Assis, a competi\u00e7\u00e3o marcou uma nova era do esporte. \u201cEste evento \u00e9 uma \u00f3tima oportunidade para mostrar a for\u00e7a que Ilh\u00e9us possui no esporte e no futebol de areia. Com certeza teremos outros eventos na cidade que abra\u00e7ou o esporte baiano\u201d, frisou.<\/p>\n<div class=\"imagem thumbnail col-xs-12 col-sm-8 col-md-6 col-lg-6 imagem-materia\"><a class=\"fresco\" title=\"\" href=\"https:\/\/portalfacilarquivos.blob.core.windows.net\/uploads\/ILHEUS\/imgOrig\/%7B7ACAAC82-8BC8-C0BC-B882-C4ED6C1B18CE%7D.jpg\" data-fresco-caption=\"\"><img loading=\"lazy\" title=\"\" src=\"https:\/\/portalfacilarquivos.blob.core.windows.net\/uploads\/ILHEUS\/img\/%7B7ACAAC82-8BC8-C0BC-B882-C4ED6C1B18CE%7D\/%7B7ACAAC82-8BC8-C0BC-B882-C4ED6C1B18CE%7D_650X450.jpg\" alt=\"beach soccer; 2 de julho; esporte\" width=\"650\" height=\"450\" \/><\/a><\/div>\n<p><strong>Copa 2 de Julho \u2013<\/strong>\u00a0A cidade tamb\u00e9m recebeu a 13\u00aa edi\u00e7\u00e3o da Copa 2 de Julho de Futebol Sub-15. Os jogos come\u00e7aram na sexta-feira (19), com a semifinal no Est\u00e1dio M\u00e1rio Pessoa. O torneio foi organizado pela Sudesb, com apoio da Prefeitura de Ilh\u00e9us e da Federa\u00e7\u00e3o Bahiana de Futebol (FBF). A semifinal foi vencida pelo Itabuna Sport Clube, que foi classificado para a final em Salvador, no dia 2 de julho, em comemora\u00e7\u00e3o \u00e0 Independ\u00eancia da Bahia.<\/p>\n<p>A competi\u00e7\u00e3o \u00e9 realizada para jogadores de at\u00e9 15 anos, sendo um dos principais torneios da categoria no pa\u00eds. A copa conta com participa\u00e7\u00e3o da maior parte dos grandes clubes e tamb\u00e9m da sele\u00e7\u00e3o brasileira, com o intuito de promover a inclus\u00e3o social atrav\u00e9s do esporte e revelar novos jogadores no pa\u00eds.<\/p>\n<div class=\"imagem thumbnail col-xs-12 col-sm-8 col-md-6 col-lg-6 imagem-materia\"><a class=\"fresco\" title=\"\" href=\"https:\/\/portalfacilarquivos.blob.core.windows.net\/uploads\/ILHEUS\/imgOrig\/%7BEDD7E5BB-8C8C-16AE-A8E1-21452DB30388%7D.jpg\" data-fresco-caption=\"\"><img loading=\"lazy\" title=\"\" src=\"https:\/\/portalfacilarquivos.blob.core.windows.net\/uploads\/ILHEUS\/img\/%7BEDD7E5BB-8C8C-16AE-A8E1-21452DB30388%7D\/%7BEDD7E5BB-8C8C-16AE-A8E1-21452DB30388%7D_650X450.jpg\" alt=\"beach soccer; 2 de julho; esporte\" width=\"650\" height=\"450\" \/><\/a><\/p>\n<p class=\"bg-primary\">De acordo com S\u00e9rgio Luiz, secret\u00e1rio Especial de Juventude, Esporte e Lazer, a tradicional Copa 2 de Julho evidencia o potencial dos atletas da regi\u00e3o.<\/p>\n<\/div>\n<p>\u201cRecebemos a Copa 2 de Julho Sub-15 de bra\u00e7os abertos, porque sabemos que \u00e9 a maior competi\u00e7\u00e3o de futebol juvenil do pa\u00eds. Agrade\u00e7o ao prefeito M\u00e1rio Alexandre por manter cada vez mais uma gest\u00e3o comprometida com o esporte. Ilh\u00e9us se consolida cada vez mais como uma cidade que abra\u00e7a e ama o esporte\u201d, afirmou.<\/p>\n","protected":false},"excerpt":{"rendered":"<p>&nbsp; A 4\u00aa edi\u00e7\u00e3o da Copa Beach Soccer movimentou Ilh\u00e9us no \u00faltimo final de semana. O evento\u00a0aconteceu na Praia do Malhado. A iniciativa \u00e9 da Federa\u00e7\u00e3o Baiana Beach Soccer e do Governo do Estado, atrav\u00e9s da Superintend\u00eancia dos Desportos do Estado da Bahia (Sudesb), com apoio da Prefeitura. Cerca de 150 atletas disputaram a primeira [&hellip;]<\/p>\n","protected":false},"author":2,"featured_media":0,"comment_status":"open","ping_status":"open","sticky":false,"template":"","format":"standard","meta":{"_links_to":"","_links_to_target":""},"categories":[1],"tags":[],"_links":{"self":[{"href":"https:\/\/www.ilheusnoticias.net.br\/v1\/wp-json\/wp\/v2\/posts\/32006"}],"collection":[{"href":"https:\/\/www.ilheusnoticias.net.br\/v1\/wp-json\/wp\/v2\/posts"}],"about":[{"href":"https:\/\/www.ilheusnoticias.net.br\/v1\/wp-json\/wp\/v2\/types\/post"}],"author":[{"embeddable":true,"href":"https:\/\/www.ilheusnoticias.net.br\/v1\/wp-json\/wp\/v2\/users\/2"}],"replies":[{"embeddable":true,"href":"https:\/\/www.ilheusnoticias.net.br\/v1\/wp-json\/wp\/v2\/comments?post=32006"}],"version-history":[{"count":1,"href":"https:\/\/www.ilheusnoticias.net.br\/v1\/wp-json\/wp\/v2\/posts\/32006\/revisions"}],"predecessor-version":[{"id":32007,"href":"https:\/\/www.ilheusnoticias.net.br\/v1\/wp-json\/wp\/v2\/posts\/32006\/revisions\/32007"}],"wp:attachment":[{"href":"https:\/\/www.ilheusnoticias.net.br\/v1\/wp-json\/wp\/v2\/media?parent=32006"}],"wp:term":[{"taxonomy":"category","embeddable":true,"href":"https:\/\/www.ilheusnoticias.net.br\/v1\/wp-json\/wp\/v2\/categories?post=32006"},{"taxonomy":"post_tag","embeddable":true,"href":"https:\/\/www.ilheusnoticias.net.br\/v1\/wp-json\/wp\/v2\/tags?post=32006"}],"curies":[{"name":"wp","href":"https:\/\/api.w.org\/{rel}","templated":true}]}}