{"id":31998,"date":"2023-05-22T12:23:26","date_gmt":"2023-05-22T15:23:26","guid":{"rendered":"https:\/\/www.ilheusnoticias.net.br\/v1\/?p=31998"},"modified":"2023-05-22T12:23:26","modified_gmt":"2023-05-22T15:23:26","slug":"mais-medicos-governo-lula-lanca-edital-com-59-mil-vagas-para-o-novo-programa","status":"publish","type":"post","link":"https:\/\/www.ilheusnoticias.net.br\/v1\/2023\/05\/22\/mais-medicos-governo-lula-lanca-edital-com-59-mil-vagas-para-o-novo-programa\/","title":{"rendered":"Mais M\u00e9dicos: Governo Lula lan\u00e7a edital com 5,9 mil vagas para o novo programa"},"content":{"rendered":"<div class=\"PostHeaderIcons metadata-icons\"><img loading=\"lazy\" class=\"\" src=\"http:\/\/www.blogdothame.blog.br\/v1\/wp-content\/uploads\/2023\/05\/mais-medcos.jpg\" width=\"475\" height=\"316\" \/><\/div>\n<div class=\"PostContent\">\n<p>&nbsp;<\/p>\n<p>Nesta segunda-feira (22), o governo Lula lan\u00e7a um edital para o novo Programa Mais M\u00e9dicos. Ser\u00e3o 5.970 vagas distribu\u00eddas em 1.994 munic\u00edpios brasileiros. As inscri\u00e7\u00f5es come\u00e7am na pr\u00f3xima sexta-feira (26), e se encerram no dia 31 de maio.<\/p>\n<p>A prioridade inicial \u00e9 para a convoca\u00e7\u00e3o de profissionais brasileiros formados no pa\u00eds. M\u00e9dicos formados no exterior, sejam eles nascidos no Brasil ou estrangeiros, tamb\u00e9m ser\u00e3o convocados, mas nas vagas remanescentes.<\/p>\n<p>Mil dessas vagas ser\u00e3o apenas para atender a regi\u00e3o da Amaz\u00f4nia. O valor de cada bolsa-forma\u00e7\u00e3o concedida pelo programa ser\u00e1 no valor de R$ 12.386,50 por 48 meses prorrog\u00e1veis pelo mesmo per\u00edodo.<\/p>\n<p>&nbsp;<\/p>\n<p>A sele\u00e7\u00e3o dos profissionais ocorrer\u00e1 por meio de avalia\u00e7\u00e3o do curr\u00edculo dos candidatos, com pontua\u00e7\u00f5es para cada forma\u00e7\u00e3o a mais ou experi\u00eancia anterior que o m\u00e9dico tenha. Cada candidato poder\u00e1 fazer 90 pontos ao todo. A expectativa \u00e9 que a sele\u00e7\u00e3o aconte\u00e7a em junho e no fim do mesmo m\u00eas os profissionais comecem a trabalhar nas regi\u00f5es designadas.<\/p>\n<p>\u201cO novo Mais M\u00e9dicos est\u00e1 ofertando quase 6 mil vagas no programa e quem participa tem a chance de garantir a forma\u00e7\u00e3o em Medicina de Fam\u00edlia e Comunidade. Nosso objetivo \u00e9 que os profissionais com registro no Brasil ocupem as vagas que est\u00e3o sendo ofertadas e por isso pensamos em tantas estrat\u00e9gias de incentivo\u201d, afirmou N\u00e9sio Fernandes, secret\u00e1rio de Aten\u00e7\u00e3o Prim\u00e1ria \u00e0 Sa\u00fade.<\/p>\n<p>Entre as novidades no edital, est\u00e3o o novo tempo de contrato (de tr\u00eas para quatro anos); a possibilidade de licen\u00e7a maternidade (seis meses) e paternidade (20 dias) e a especializa\u00e7\u00e3o em medicina da Fam\u00edlia e Comunidade, al\u00e9m a possibilidade de mestrado em Sa\u00fade da Fam\u00edlia.<\/p>\n<p>Dentre as principais regras para participa\u00e7\u00e3o do programa destacam-se: a necessidade e obrigatoriedade de ter diploma de medicina com habilita\u00e7\u00e3o para exerc\u00edcio da profiss\u00e3o (para estrangeiros \u00e9 preciso que esteja autorizado a atuar no exterior); o profissional n\u00e3o possuir pend\u00eancias criminais seja na Justi\u00e7a Federal ou Estadual, nos \u00faltimos seis meses; estar regular com as obriga\u00e7\u00f5es militares (homens); e por fim, n\u00e3o possuir pend\u00eancias na Justi\u00e7a Eleitoral.<\/p>\n<p>&nbsp;<\/p>\n<p>O Mais M\u00e9dicos foi criado em 2013, durante o governo da ex-presidente Dilma Rousseff. Atualmente, o programa conta com mais de 8 mil m\u00e9dicos. Atrav\u00e9s das mudan\u00e7as, o\u00a0governo espera que at\u00e9 o fim do ano o Mais M\u00e9dicos conte com 28 mil profissionais da sa\u00fade atendendo no pa\u00eds.<\/p>\n<\/div>\n","protected":false},"excerpt":{"rendered":"<p>&nbsp; Nesta segunda-feira (22), o governo Lula lan\u00e7a um edital para o novo Programa Mais M\u00e9dicos. Ser\u00e3o 5.970 vagas distribu\u00eddas em 1.994 munic\u00edpios brasileiros. As inscri\u00e7\u00f5es come\u00e7am na pr\u00f3xima sexta-feira (26), e se encerram no dia 31 de maio. A prioridade inicial \u00e9 para a convoca\u00e7\u00e3o de profissionais brasileiros formados no pa\u00eds. M\u00e9dicos formados no [&hellip;]<\/p>\n","protected":false},"author":2,"featured_media":0,"comment_status":"open","ping_status":"open","sticky":false,"template":"","format":"standard","meta":{"_links_to":"","_links_to_target":""},"categories":[1],"tags":[],"_links":{"self":[{"href":"https:\/\/www.ilheusnoticias.net.br\/v1\/wp-json\/wp\/v2\/posts\/31998"}],"collection":[{"href":"https:\/\/www.ilheusnoticias.net.br\/v1\/wp-json\/wp\/v2\/posts"}],"about":[{"href":"https:\/\/www.ilheusnoticias.net.br\/v1\/wp-json\/wp\/v2\/types\/post"}],"author":[{"embeddable":true,"href":"https:\/\/www.ilheusnoticias.net.br\/v1\/wp-json\/wp\/v2\/users\/2"}],"replies":[{"embeddable":true,"href":"https:\/\/www.ilheusnoticias.net.br\/v1\/wp-json\/wp\/v2\/comments?post=31998"}],"version-history":[{"count":1,"href":"https:\/\/www.ilheusnoticias.net.br\/v1\/wp-json\/wp\/v2\/posts\/31998\/revisions"}],"predecessor-version":[{"id":31999,"href":"https:\/\/www.ilheusnoticias.net.br\/v1\/wp-json\/wp\/v2\/posts\/31998\/revisions\/31999"}],"wp:attachment":[{"href":"https:\/\/www.ilheusnoticias.net.br\/v1\/wp-json\/wp\/v2\/media?parent=31998"}],"wp:term":[{"taxonomy":"category","embeddable":true,"href":"https:\/\/www.ilheusnoticias.net.br\/v1\/wp-json\/wp\/v2\/categories?post=31998"},{"taxonomy":"post_tag","embeddable":true,"href":"https:\/\/www.ilheusnoticias.net.br\/v1\/wp-json\/wp\/v2\/tags?post=31998"}],"curies":[{"name":"wp","href":"https:\/\/api.w.org\/{rel}","templated":true}]}}