{"id":31996,"date":"2023-05-22T12:21:43","date_gmt":"2023-05-22T15:21:43","guid":{"rendered":"https:\/\/www.ilheusnoticias.net.br\/v1\/?p=31996"},"modified":"2023-05-22T12:21:43","modified_gmt":"2023-05-22T15:21:43","slug":"bahia-tera-investimento-de-mais-r-300-milhoes-para-ampliacao-da-rede-estadual-de-saude","status":"publish","type":"post","link":"https:\/\/www.ilheusnoticias.net.br\/v1\/2023\/05\/22\/bahia-tera-investimento-de-mais-r-300-milhoes-para-ampliacao-da-rede-estadual-de-saude\/","title":{"rendered":"Bahia ter\u00e1 investimento de mais R$ 300 milh\u00f5es para amplia\u00e7\u00e3o da rede estadual de sa\u00fade"},"content":{"rendered":"<div class=\"PostHeaderIcons metadata-icons\"><img src=\"http:\/\/www.blogdothame.blog.br\/v1\/wp-content\/uploads\/2023\/05\/saude-1.jpg\" \/><\/div>\n<div class=\"PostContent\">\n<p>O Fundo Estadual de Sa\u00fade da Bahia receber\u00e1 investimento de R$ 303,8 milh\u00f5es do Governo Federal, dos quais R$ 75 milh\u00f5es, em parcela \u00fanica. O governador Jer\u00f4nimo Rodrigues acompanhou o an\u00fancio feito pela ministra da Sa\u00fade N\u00edsia Trindade, nesta sexta-feira (19), no audit\u00f3rio da Secretaria da Sa\u00fade do Estado (Sesab), no Centro Administrativo, em Salvador. Os recursos s\u00e3o destinados para complementar o custeio de procedimentos em unidades como hospitais e policl\u00ednicas, aumentando o teto financeiro para a m\u00e9dia e alta complexidade no estado. Na ocasi\u00e3o, tamb\u00e9m foi assinado o Protocolo de Inten\u00e7\u00f5es para Constitui\u00e7\u00e3o do Cons\u00f3rcio P\u00fablico de Sa\u00fade da Regi\u00e3o de Ilh\u00e9us.<\/p>\n<p><img src=\"http:\/\/www.blogdothame.blog.br\/v1\/wp-content\/uploads\/2023\/05\/saude-3.jpg\" \/><\/p>\n<p>O governador Jer\u00f4nimo Rodrigues destacou a import\u00e2ncia dos recursos federais e da cria\u00e7\u00e3o de cons\u00f3rcios para o fortalecimento da parceria entre o Estado e munic\u00edpios no cuidado \u00e0 sa\u00fade dos baianos. \u201cN\u00f3s n\u00e3o t\u00ednhamos or\u00e7amento do Governo Federal para as policl\u00ednicas, o Estado e os munic\u00edpios bancavam sozinhos. Com esse dinheiro que vir\u00e1 do Minist\u00e9rio da Sa\u00fade vamos equilibrar, definindo 50% [antes era 60%] de recurso investido pelos munic\u00edpios e 50%, do Estado, e vamos naturalmente reconhecer os recursos do Governo Federal. Ent\u00e3o, aliviaremos 10% do or\u00e7amento dos munic\u00edpios no repasse para o funcionamento das policl\u00ednicas\u201d, detalhou.<\/p>\n<p><img src=\"http:\/\/www.blogdothame.blog.br\/v1\/wp-content\/uploads\/2023\/05\/saude-2.jpg\" \/><\/p>\n<p>Os investimentos para a sa\u00fade dos cidad\u00e3os baianos contemplaram ainda a cess\u00e3o de dois aceleradores lineares que v\u00e3o ampliar a assist\u00eancia das Unidades de Alta Complexidade em Oncologia (Unacon) de Barreiras e Irec\u00ea. A popula\u00e7\u00e3o de Juazeiro e regi\u00e3o tamb\u00e9m j\u00e1 conta com um acelerador linear, entregue para Unacon em abril, que possibilitou o in\u00edcio do servi\u00e7o de radioterapia na unidade.<\/p>\n<p>Policl\u00ednicas regionais<\/p>\n<p>Dentre os an\u00fancios feitos pela ministra da Sa\u00fade, est\u00e3o ainda novos limites financeiros para a assist\u00eancia de m\u00e9dia e alta complexidade, que beneficia as 25 policl\u00ednicas regionais de sa\u00fade implantadas, com incremento de mais de R$ 77 milh\u00f5es, al\u00e9m de outras 14 unidades hospitalares que passam a ter investimento de mais de R$ 150 milh\u00f5es.<\/p>\n<p>Os recursos federais destinados \u00e0 Rede SUS na Bahia impactam diretamente na assist\u00eancia dos munic\u00edpios. Na avalia\u00e7\u00e3o da ministra da Sa\u00fade, N\u00edsia Trindade, o modelo de regionaliza\u00e7\u00e3o da sa\u00fade desenvolvido no estado \u00e9 excelente. \u201cA sa\u00fade precisa chegar onde o cidad\u00e3o est\u00e1. \u00c9 preciso haver esse modelo de regionaliza\u00e7\u00e3o para otimizar o atendimento em cada munic\u00edpio. Quando os munic\u00edpios se unem \u2013 e o exemplo dos cons\u00f3rcios vai nessa dire\u00e7\u00e3o, podem ter uma melhor assist\u00eancia, dispensando que se tenham todos os servi\u00e7os em cada munic\u00edpio. Esse \u00e9 o conceito da regionaliza\u00e7\u00e3o da sa\u00fade, que \u00e9 muito bem aplicado aqui na Bahia\u201d, concluiu a ministra.<\/p>\n<p>A secret\u00e1ria da Sa\u00fade do Estado, Roberta Santana, refor\u00e7ou a import\u00e2ncia dos recursos para o custeio e funcionamento das unidades de sa\u00fade de m\u00e9dia e alta complexidade. \u201cA decis\u00e3o do governador de fazer a repactua\u00e7\u00e3o da coparticipa\u00e7\u00e3o entre Estado e Munic\u00edpio, representa em torno de R$ 25 milh\u00f5es de economia para os munic\u00edpios, que podem redirecionar esse recurso para outras a\u00e7\u00f5es de sa\u00fade, j\u00e1 que o Governo Federal se fez presente com este recurso\u201d, complementou.<\/p>\n<p>&nbsp;<\/p>\n<p>Compareceram ao evento, os senadores Otto Alencar, Jaques Wagner, o vice-governador, Geraldo J\u00fanior, a primeira dama, Tatiana Velloso, secret\u00e1rios de Estado, deputados federais e estaduais e prefeitos.<\/p>\n<p>&nbsp;<\/p>\n<p>Fotos: Rafael Martins\/GOVBA<\/p>\n<\/div>\n","protected":false},"excerpt":{"rendered":"<p>O Fundo Estadual de Sa\u00fade da Bahia receber\u00e1 investimento de R$ 303,8 milh\u00f5es do Governo Federal, dos quais R$ 75 milh\u00f5es, em parcela \u00fanica. O governador Jer\u00f4nimo Rodrigues acompanhou o an\u00fancio feito pela ministra da Sa\u00fade N\u00edsia Trindade, nesta sexta-feira (19), no audit\u00f3rio da Secretaria da Sa\u00fade do Estado (Sesab), no Centro Administrativo, em Salvador. [&hellip;]<\/p>\n","protected":false},"author":2,"featured_media":0,"comment_status":"open","ping_status":"open","sticky":false,"template":"","format":"standard","meta":{"_links_to":"","_links_to_target":""},"categories":[1],"tags":[],"_links":{"self":[{"href":"https:\/\/www.ilheusnoticias.net.br\/v1\/wp-json\/wp\/v2\/posts\/31996"}],"collection":[{"href":"https:\/\/www.ilheusnoticias.net.br\/v1\/wp-json\/wp\/v2\/posts"}],"about":[{"href":"https:\/\/www.ilheusnoticias.net.br\/v1\/wp-json\/wp\/v2\/types\/post"}],"author":[{"embeddable":true,"href":"https:\/\/www.ilheusnoticias.net.br\/v1\/wp-json\/wp\/v2\/users\/2"}],"replies":[{"embeddable":true,"href":"https:\/\/www.ilheusnoticias.net.br\/v1\/wp-json\/wp\/v2\/comments?post=31996"}],"version-history":[{"count":1,"href":"https:\/\/www.ilheusnoticias.net.br\/v1\/wp-json\/wp\/v2\/posts\/31996\/revisions"}],"predecessor-version":[{"id":31997,"href":"https:\/\/www.ilheusnoticias.net.br\/v1\/wp-json\/wp\/v2\/posts\/31996\/revisions\/31997"}],"wp:attachment":[{"href":"https:\/\/www.ilheusnoticias.net.br\/v1\/wp-json\/wp\/v2\/media?parent=31996"}],"wp:term":[{"taxonomy":"category","embeddable":true,"href":"https:\/\/www.ilheusnoticias.net.br\/v1\/wp-json\/wp\/v2\/categories?post=31996"},{"taxonomy":"post_tag","embeddable":true,"href":"https:\/\/www.ilheusnoticias.net.br\/v1\/wp-json\/wp\/v2\/tags?post=31996"}],"curies":[{"name":"wp","href":"https:\/\/api.w.org\/{rel}","templated":true}]}}