{"id":31994,"date":"2023-05-22T12:18:16","date_gmt":"2023-05-22T15:18:16","guid":{"rendered":"https:\/\/www.ilheusnoticias.net.br\/v1\/?p=31994"},"modified":"2023-05-22T12:18:16","modified_gmt":"2023-05-22T15:18:16","slug":"prefeitura-inicia-atividades-da-semana-mundial-do-brincar-nas-escolas-da-rede-municipal-de-ilheus","status":"publish","type":"post","link":"https:\/\/www.ilheusnoticias.net.br\/v1\/2023\/05\/22\/prefeitura-inicia-atividades-da-semana-mundial-do-brincar-nas-escolas-da-rede-municipal-de-ilheus\/","title":{"rendered":"Prefeitura inicia atividades da Semana Mundial do Brincar nas escolas da rede municipal de Ilh\u00e9us"},"content":{"rendered":"<div class=\"imagem thumbnail col-xs-12 col-sm-8 col-md-6 col-lg-6 imagem-materia\"><a class=\"fresco\" title=\"\" href=\"https:\/\/portalfacilarquivos.blob.core.windows.net\/uploads\/ILHEUS\/imgOrig\/%7BCBC02A77-61CD-B73E-BBA5-C7DCDEBCD5EB%7D.jpg\" data-fresco-caption=\"\"><img loading=\"lazy\" title=\"\" src=\"https:\/\/portalfacilarquivos.blob.core.windows.net\/uploads\/ILHEUS\/img\/%7BCBC02A77-61CD-B73E-BBA5-C7DCDEBCD5EB%7D\/%7BCBC02A77-61CD-B73E-BBA5-C7DCDEBCD5EB%7D_650X450.jpg\" alt=\"mpt na escola\" width=\"650\" height=\"450\" \/><\/a><\/p>\n<p class=\"bg-primary\">A Prefeitura de Ilh\u00e9us iniciou nesta segunda-feira (22) as atividades da Semana Mundial do Brincar (SMB) nas escolas da rede municipal de ensino. O evento acontece at\u00e9 a pr\u00f3xima sexta-feira (26) e traz o tema \u201cA Natureza do Brincar\u201d, com o objetivo de promover atividades l\u00fadicas, culturais e esportivas, que oportunizem \u00e0s crian\u00e7as o contato com os elementos da natureza. Iniciativa da Alian\u00e7a pela Inf\u00e2ncia, a SMB integra o Calend\u00e1rio Oficial de Eventos da Secretaria de Educa\u00e7\u00e3o (Seduc).<\/p>\n<\/div>\n<p>Conforme a pasta, as a\u00e7\u00f5es pedag\u00f3gicas acontecer\u00e3o no decorrer desta semana nas unidades escolares da Educa\u00e7\u00e3o Infantil e do Ensino Fundamental- Anos Iniciais. A Seduc reitera que exerc\u00edcios did\u00e1ticos envolvendo a natureza, movimenta\u00e7\u00e3o do corpo e valoriza\u00e7\u00e3o das \u00e1reas com elementos naturais s\u00e3o fundamentais para que a crian\u00e7a desenvolva a imagina\u00e7\u00e3o, a criatividade e a rela\u00e7\u00e3o com o meio que est\u00e1 \u00e0 sua volta.<\/p>\n<p>Al\u00e9m disso, atrav\u00e9s do contato com brincadeiras educativas, os estudantes tamb\u00e9m aprendem a identificar suas sensa\u00e7\u00f5es, limites e pot\u00eancias, bem como colocam em pr\u00e1tica valores de sustentabilidade ambiental.<\/p>\n<p><strong>Dia B-<\/strong>\u00a0A programa\u00e7\u00e3o conta ainda com um encontro coletivo, o Dia B do Brincar, que ser\u00e1 realizado no dia 24 de maio, quarta-feira, na \u00e1rea externa do Centro de Conven\u00e7\u00f5es Lu\u00eds Eduardo Magalh\u00e3es, a partir das 9h, com atividades diversas para os estudantes de 5 a 10 anos, matriculados\u00a0da rede p\u00fablica municipal de ensino.<\/p>\n","protected":false},"excerpt":{"rendered":"<p>A Prefeitura de Ilh\u00e9us iniciou nesta segunda-feira (22) as atividades da Semana Mundial do Brincar (SMB) nas escolas da rede municipal de ensino. O evento acontece at\u00e9 a pr\u00f3xima sexta-feira (26) e traz o tema \u201cA Natureza do Brincar\u201d, com o objetivo de promover atividades l\u00fadicas, culturais e esportivas, que oportunizem \u00e0s crian\u00e7as o contato [&hellip;]<\/p>\n","protected":false},"author":2,"featured_media":0,"comment_status":"open","ping_status":"open","sticky":false,"template":"","format":"standard","meta":{"_links_to":"","_links_to_target":""},"categories":[1],"tags":[],"_links":{"self":[{"href":"https:\/\/www.ilheusnoticias.net.br\/v1\/wp-json\/wp\/v2\/posts\/31994"}],"collection":[{"href":"https:\/\/www.ilheusnoticias.net.br\/v1\/wp-json\/wp\/v2\/posts"}],"about":[{"href":"https:\/\/www.ilheusnoticias.net.br\/v1\/wp-json\/wp\/v2\/types\/post"}],"author":[{"embeddable":true,"href":"https:\/\/www.ilheusnoticias.net.br\/v1\/wp-json\/wp\/v2\/users\/2"}],"replies":[{"embeddable":true,"href":"https:\/\/www.ilheusnoticias.net.br\/v1\/wp-json\/wp\/v2\/comments?post=31994"}],"version-history":[{"count":1,"href":"https:\/\/www.ilheusnoticias.net.br\/v1\/wp-json\/wp\/v2\/posts\/31994\/revisions"}],"predecessor-version":[{"id":31995,"href":"https:\/\/www.ilheusnoticias.net.br\/v1\/wp-json\/wp\/v2\/posts\/31994\/revisions\/31995"}],"wp:attachment":[{"href":"https:\/\/www.ilheusnoticias.net.br\/v1\/wp-json\/wp\/v2\/media?parent=31994"}],"wp:term":[{"taxonomy":"category","embeddable":true,"href":"https:\/\/www.ilheusnoticias.net.br\/v1\/wp-json\/wp\/v2\/categories?post=31994"},{"taxonomy":"post_tag","embeddable":true,"href":"https:\/\/www.ilheusnoticias.net.br\/v1\/wp-json\/wp\/v2\/tags?post=31994"}],"curies":[{"name":"wp","href":"https:\/\/api.w.org\/{rel}","templated":true}]}}