{"id":31992,"date":"2023-05-22T12:16:54","date_gmt":"2023-05-22T15:16:54","guid":{"rendered":"https:\/\/www.ilheusnoticias.net.br\/v1\/?p=31992"},"modified":"2023-05-22T12:16:54","modified_gmt":"2023-05-22T15:16:54","slug":"prefeitura-de-ilheus-finaliza-curso-para-capacitacao-de-servidores-da-secretaria-de-meio-ambiente","status":"publish","type":"post","link":"https:\/\/www.ilheusnoticias.net.br\/v1\/2023\/05\/22\/prefeitura-de-ilheus-finaliza-curso-para-capacitacao-de-servidores-da-secretaria-de-meio-ambiente\/","title":{"rendered":"Prefeitura de Ilh\u00e9us finaliza curso para capacita\u00e7\u00e3o de servidores da Secretaria de Meio Ambiente"},"content":{"rendered":"<div class=\"imagem thumbnail col-xs-12 col-sm-8 col-md-6 col-lg-6 imagem-materia\"><a class=\"fresco\" title=\"\" href=\"https:\/\/portalfacilarquivos.blob.core.windows.net\/uploads\/ILHEUS\/imgOrig\/%7BA1EBECA6-ABE5-73EE-AD43-3EDECBECBDE2%7D.jpg\" data-fresco-caption=\"\"><img loading=\"lazy\" title=\"\" src=\"https:\/\/portalfacilarquivos.blob.core.windows.net\/uploads\/ILHEUS\/img\/%7BA1EBECA6-ABE5-73EE-AD43-3EDECBECBDE2%7D\/%7BA1EBECA6-ABE5-73EE-AD43-3EDECBECBDE2%7D_650X450.jpg\" alt=\"sema; capacita\u00e7\u00e3o\" width=\"650\" height=\"450\" \/><\/a><\/p>\n<p class=\"bg-primary\">A Prefeitura de Ilh\u00e9us realizou nos dias 18 e 19 de maio o curso de capacita\u00e7\u00e3o voltado para os servidores da Secretaria de Meio Ambiente (SEMA). Sob o tema &#8220;O poder da autorresponsabilidade&#8221;, as aulas objetivaram despertar o otimismo e a busca pelo desenvolvimento dos servidores, propondo observa\u00e7\u00f5es acerca de suas a\u00e7\u00f5es e dos desafios encontrados no cotidiano profissional.<\/p>\n<\/div>\n<p>Segundo a Superintendente Jo\u00e9lia Sampaio, a iniciativa abre uma s\u00e9rie de cursos de capacita\u00e7\u00e3o com o intuito de aperfei\u00e7oar os atendimentos e as demandas do setor p\u00fablico.<\/p>\n<p>\u201cEssa forma\u00e7\u00e3o foi voltada para melhorar o desempenho dos servidores do \u00f3rg\u00e3o, colocando em pr\u00e1tica o conceito da autorresponsabilidade e mostrando para os participantes que o poder da a\u00e7\u00e3o planejada traz sempre bons resultados\u201d, destacou.<\/p>\n<p>Conforme Diego Messias, titular da SEMA, &#8220;o aprimoramento cont\u00ednuo e a valoriza\u00e7\u00e3o dos servidores representam uma busca constante do governo M\u00e1rio Alexandre, sendo fundamentais para a presta\u00e7\u00e3o de um servi\u00e7o com efici\u00eancia\u201d, acrescentou.<\/p>\n<p>O evento aconteceu no audit\u00f3rio do Hotel Aldeia da Praia. O curso contou com a palestra de Volney Fernandes, especialista em Neuroci\u00eancia e Performance Humana, Analista de Perfil Comportamental e Master Coach.<\/p>\n","protected":false},"excerpt":{"rendered":"<p>A Prefeitura de Ilh\u00e9us realizou nos dias 18 e 19 de maio o curso de capacita\u00e7\u00e3o voltado para os servidores da Secretaria de Meio Ambiente (SEMA). Sob o tema &#8220;O poder da autorresponsabilidade&#8221;, as aulas objetivaram despertar o otimismo e a busca pelo desenvolvimento dos servidores, propondo observa\u00e7\u00f5es acerca de suas a\u00e7\u00f5es e dos desafios [&hellip;]<\/p>\n","protected":false},"author":2,"featured_media":0,"comment_status":"open","ping_status":"open","sticky":false,"template":"","format":"standard","meta":{"_links_to":"","_links_to_target":""},"categories":[1],"tags":[],"_links":{"self":[{"href":"https:\/\/www.ilheusnoticias.net.br\/v1\/wp-json\/wp\/v2\/posts\/31992"}],"collection":[{"href":"https:\/\/www.ilheusnoticias.net.br\/v1\/wp-json\/wp\/v2\/posts"}],"about":[{"href":"https:\/\/www.ilheusnoticias.net.br\/v1\/wp-json\/wp\/v2\/types\/post"}],"author":[{"embeddable":true,"href":"https:\/\/www.ilheusnoticias.net.br\/v1\/wp-json\/wp\/v2\/users\/2"}],"replies":[{"embeddable":true,"href":"https:\/\/www.ilheusnoticias.net.br\/v1\/wp-json\/wp\/v2\/comments?post=31992"}],"version-history":[{"count":1,"href":"https:\/\/www.ilheusnoticias.net.br\/v1\/wp-json\/wp\/v2\/posts\/31992\/revisions"}],"predecessor-version":[{"id":31993,"href":"https:\/\/www.ilheusnoticias.net.br\/v1\/wp-json\/wp\/v2\/posts\/31992\/revisions\/31993"}],"wp:attachment":[{"href":"https:\/\/www.ilheusnoticias.net.br\/v1\/wp-json\/wp\/v2\/media?parent=31992"}],"wp:term":[{"taxonomy":"category","embeddable":true,"href":"https:\/\/www.ilheusnoticias.net.br\/v1\/wp-json\/wp\/v2\/categories?post=31992"},{"taxonomy":"post_tag","embeddable":true,"href":"https:\/\/www.ilheusnoticias.net.br\/v1\/wp-json\/wp\/v2\/tags?post=31992"}],"curies":[{"name":"wp","href":"https:\/\/api.w.org\/{rel}","templated":true}]}}