{"id":31989,"date":"2023-05-20T10:16:13","date_gmt":"2023-05-20T13:16:13","guid":{"rendered":"https:\/\/www.ilheusnoticias.net.br\/v1\/?p=31989"},"modified":"2023-05-20T10:16:13","modified_gmt":"2023-05-20T13:16:13","slug":"faculdade-de-ilheus-celebrou-a-historia-do-curso-de-enfermagem","status":"publish","type":"post","link":"https:\/\/www.ilheusnoticias.net.br\/v1\/2023\/05\/20\/faculdade-de-ilheus-celebrou-a-historia-do-curso-de-enfermagem\/","title":{"rendered":"Faculdade de Ilh\u00e9us celebrou a hist\u00f3ria do curso de Enfermagem"},"content":{"rendered":"<p style=\"font-weight: 400;\"><img loading=\"lazy\" class=\"alignnone size-full wp-image-31990\" src=\"https:\/\/www.ilheusnoticias.net.br\/v1\/wp-content\/uploads\/2023\/05\/O-professor-doutor-Almir-Milanesi-diretor-da-Faculdade-de-Ilheus.jpg\" alt=\"\" width=\"419\" height=\"800\" srcset=\"https:\/\/www.ilheusnoticias.net.br\/v1\/wp-content\/uploads\/2023\/05\/O-professor-doutor-Almir-Milanesi-diretor-da-Faculdade-de-Ilheus.jpg 419w, https:\/\/www.ilheusnoticias.net.br\/v1\/wp-content\/uploads\/2023\/05\/O-professor-doutor-Almir-Milanesi-diretor-da-Faculdade-de-Ilheus-157x300.jpg 157w\" sizes=\"(max-width: 419px) 100vw, 419px\" \/><\/p>\n<p style=\"font-weight: 400;\">O professor doutor Almir Milanesi, diretor da Faculdade de Ilheus<\/p>\n<p style=\"font-weight: 400;\">A Faculdade de Ilh\u00e9us celebrou a hist\u00f3ria de 15 anos do curso de Enfermagem com a realiza\u00e7\u00e3o da Semana de Enfermagem, nos dias 15 e 16 de maio, com a tem\u00e1tica central \u201cValoriza\u00e7\u00e3o do trabalho em Enfermagem com desenvolvimento sustent\u00e1vel e bem-viver\u201d. Foram realizados minicursos ministrados por egressos da institui\u00e7\u00e3o de ensino que atuam no mercado de trabalho e, no dia 16, foi contada um pouco da hist\u00f3ria de implanta\u00e7\u00e3o curso, durante apresenta\u00e7\u00f5es realizadas no audit\u00f3rio da faculdade. O professor Hugo Monteiro da Costa J\u00fanior e o Marco Ant\u00f4nio Gomes Mello animaram a noite com voz e viol\u00e3o, no in\u00edcio e no final das atividades, com a participa\u00e7\u00e3o dos estudantes Heitor Marques, Jeilane Almeida, Vit\u00f3ria Lima e Pedro Gomes<\/p>\n<p style=\"font-weight: 400;\">O diretor-geral da Faculdade de Ilh\u00e9us, professor Almir Milanesi, fez um resumo da hist\u00f3ria e estrat\u00e9gias de crescimento da institui\u00e7\u00e3o, com o objetivo de estimular os estudantes ao empreendedorismo. Na oportunidade, citou a contribui\u00e7\u00e3o da professora Malu Rocha na implanta\u00e7\u00e3o dos cursos. A Faculdade iniciou com 142 alunos, seis professores e tr\u00eas salas de aula. Hoje, s\u00e3o 179 professores, 69 funcion\u00e1rios e quase tr\u00eas mil estudantes.<\/p>\n<p style=\"font-weight: 400;\">Em seguida, os acad\u00eamicos do primeiro semestre do curso, orientados pela professora K\u00e1tia Marques, contaram a hist\u00f3ria de alguns \u00edcones da enfermagem mundial e nacional, com alguns caracterizados, com destaque para a enfermeira brit\u00e2nica Florence Nightingale, a fundadora da enfermagem moderna.\u00a0 Foram lembradas Anna Nery, Wanda Aguiar Horta e Maria Ivete Ribeiro de Oliveira. Entre os \u00edcones, a enfermeira Maria Am\u00e9lia Santos Farias, que foi professora das disciplinas Sa\u00fade do Idoso e Sa\u00fade Coletiva da UESC e da Faculdade de Ilh\u00e9us, atualmente aposentada e residente na cidade de Teixeira de Freitas.<\/p>\n<p style=\"font-weight: 400;\">O professor e coordenado do curso de Enfermagem, Robson Vidal de Andrade, falou sobre as primeiras reuni\u00f5es para autoriza\u00e7\u00e3o do curso com o MEC, confec\u00e7\u00f5es de hor\u00e1rios, contrata\u00e7\u00e3o de professores, eventos de extens\u00e3o e atividades diversas do curso. Enfatizou o reconhecimento do curso antes de formar a primeira turma com conceito 4, e demais renova\u00e7\u00f5es de reconhecimento. Ele informou que foram graduados 445, no per\u00edodo de 2012.2 at\u00e9 2022.2.<\/p>\n<p style=\"font-weight: 400;\">Robson destacou que atualmente o curso possui 244 alunos matriculados e que 82% s\u00e3o do sexo feminino e 88% com idade superior a 31 anos. E parabenizou aos alunos que atuaram voluntariamente na campanha de vacina\u00e7\u00e3o da covid-19. Foi aberto um par\u00eantese para homenagear com a lembran\u00e7a \u00e0queles que fizeram parte da hist\u00f3ria do curso e partiram para o outro plano. Ao final, os acad\u00eamicos do d\u00e9cimo semestre que fizeram parte da organiza\u00e7\u00e3o do evento, homenagearam os professores do curso que estavam presentes no audit\u00f3rio.<\/p>\n<p style=\"font-weight: 400;\">Foram mostrados dois v\u00eddeos com depoimentos de egressos. O primeiro referia-se ao colaborador de servi\u00e7os gerais, Tony, que aproveitou o incentivo da Faculdade de Ilh\u00e9us e cursou Enfermagem, especializou-se em Urg\u00eancia e Emerg\u00eancia e foi tentar a vida em S\u00e3o Paulo, onde passou num processo seletivo em uma empresa de ambul\u00e2ncia que faz servi\u00e7o pr\u00e9-hospitalar. Atualmente, ele trabalha em um pronto socorro do munic\u00edpio de S\u00e3o Paulo, na \u00e1rea de urg\u00eancia e emerg\u00eancia.<\/p>\n<p style=\"font-weight: 400;\">A egressa Luana Monstans agradeceu ao professor Robson por ter sido muito importante no seu processo burocr\u00e1tico de equival\u00eancia em uma faculdade p\u00fablica na Europa, em Portugal. \u201cMoro em Portugal h\u00e1 cerca de 10 anos, e o curso da Faculdade de Ilh\u00e9us permitiu que eu entrasse em uma Faculdade p\u00fablica, concretizasse o processo de equival\u00eancia, sob a orienta\u00e7\u00e3o de professores renomados aqui do pa\u00eds, a n\u00edvel nacional e internacional, como o senhor professor doutor Sampaio da Nova, a professora Idalina Gomes, important\u00edssimos no processo de equival\u00eancia. A base do curso da Faculdade de Ilh\u00e9us fez com que eu tivesse a equival\u00eancia, permitiu que eu atuasse em grandes hospitais daqui na Europa, como o IPO &#8211; Instituto de Oncologia de Portugal, trabalhei na oncologia pedi\u00e1trica, trabalhei em algumas institui\u00e7\u00f5es privadas, em algumas farmac\u00eauticas, como Italfarmaco (italiana), como a Expanscience (francesa), e atualmente trabalho como enfermeira para o Alchemlife, um laborat\u00f3rio indiano com sede aqui, em Portugal\u201d, afirmou.<\/p>\n","protected":false},"excerpt":{"rendered":"<p>O professor doutor Almir Milanesi, diretor da Faculdade de Ilheus A Faculdade de Ilh\u00e9us celebrou a hist\u00f3ria de 15 anos do curso de Enfermagem com a realiza\u00e7\u00e3o da Semana de Enfermagem, nos dias 15 e 16 de maio, com a tem\u00e1tica central \u201cValoriza\u00e7\u00e3o do trabalho em Enfermagem com desenvolvimento sustent\u00e1vel e bem-viver\u201d. Foram realizados minicursos [&hellip;]<\/p>\n","protected":false},"author":2,"featured_media":0,"comment_status":"open","ping_status":"open","sticky":false,"template":"","format":"standard","meta":{"_links_to":"","_links_to_target":""},"categories":[1],"tags":[],"_links":{"self":[{"href":"https:\/\/www.ilheusnoticias.net.br\/v1\/wp-json\/wp\/v2\/posts\/31989"}],"collection":[{"href":"https:\/\/www.ilheusnoticias.net.br\/v1\/wp-json\/wp\/v2\/posts"}],"about":[{"href":"https:\/\/www.ilheusnoticias.net.br\/v1\/wp-json\/wp\/v2\/types\/post"}],"author":[{"embeddable":true,"href":"https:\/\/www.ilheusnoticias.net.br\/v1\/wp-json\/wp\/v2\/users\/2"}],"replies":[{"embeddable":true,"href":"https:\/\/www.ilheusnoticias.net.br\/v1\/wp-json\/wp\/v2\/comments?post=31989"}],"version-history":[{"count":1,"href":"https:\/\/www.ilheusnoticias.net.br\/v1\/wp-json\/wp\/v2\/posts\/31989\/revisions"}],"predecessor-version":[{"id":31991,"href":"https:\/\/www.ilheusnoticias.net.br\/v1\/wp-json\/wp\/v2\/posts\/31989\/revisions\/31991"}],"wp:attachment":[{"href":"https:\/\/www.ilheusnoticias.net.br\/v1\/wp-json\/wp\/v2\/media?parent=31989"}],"wp:term":[{"taxonomy":"category","embeddable":true,"href":"https:\/\/www.ilheusnoticias.net.br\/v1\/wp-json\/wp\/v2\/categories?post=31989"},{"taxonomy":"post_tag","embeddable":true,"href":"https:\/\/www.ilheusnoticias.net.br\/v1\/wp-json\/wp\/v2\/tags?post=31989"}],"curies":[{"name":"wp","href":"https:\/\/api.w.org\/{rel}","templated":true}]}}