{"id":31985,"date":"2023-05-20T10:07:34","date_gmt":"2023-05-20T13:07:34","guid":{"rendered":"https:\/\/www.ilheusnoticias.net.br\/v1\/?p=31985"},"modified":"2023-05-20T10:07:34","modified_gmt":"2023-05-20T13:07:34","slug":"estudante-baiana-e-aceita-em-17-universidades-internacionais-nunca-imaginei-que-daria-certo","status":"publish","type":"post","link":"https:\/\/www.ilheusnoticias.net.br\/v1\/2023\/05\/20\/estudante-baiana-e-aceita-em-17-universidades-internacionais-nunca-imaginei-que-daria-certo\/","title":{"rendered":"Estudante baiana \u00e9 aceita em 17 universidades internacionais: &#8216;nunca imaginei que daria certo&#8217;"},"content":{"rendered":"<div class=\"row content-head non-featured \">\n<div class=\"title\" data-block-type=\"title\" data-block-id=\"0\"><\/div>\n<div class=\"medium-centered subtitle\"><\/div>\n<\/div>\n<div class=\"mc-article-body\">\n<article>\n<div id=\"chunk-e1nph\">\n<div class=\"row medium-uncollapsed content-media content-photo\" data-block-type=\"backstage-photo\" data-block-id=\"1\">\n<div class=\"column medium-22 large-20 medium-centered   content-media__container\">\n<div class=\"content-media-container glb-skeleton-box\">\n<figure class=\"content-media-figure\"><img class=\"i-amphtml-fill-content i-amphtml-replaced-content\" src=\"https:\/\/s2-g1.glbimg.com\/5-1iVe9Bv2i3JeOfF05rc7bWcgw=\/0x0:1700x1065\/1008x0\/smart\/filters:strip_icc()\/i.s3.glbimg.com\/v1\/AUTH_59edd422c0c84a879bd37670ae4f538a\/internal_photos\/bs\/2023\/m\/n\/CAew61ReSOcBeKNXJLrw\/design-sem-nome-15-.png\" srcset=\"\" alt=\"Baiana foi aceita em 17 universidades estrangeiras e escolheu uma nos EUA para estudar  \u2014 Foto: Arquivo pessoal\" \/><\/figure>\n<\/div>\n<p class=\"content-media__description  \">Baiana foi aceita em 17 universidades estrangeiras e escolheu uma nos EUA para estudar \u2014 Foto: Arquivo pessoal<\/p>\n<\/div>\n<\/div>\n<\/div>\n<div id=\"chunk-1r8i1\">\n<div class=\"mc-column content-text active-extra-styles \" data-block-type=\"unstyled\" data-block-weight=\"64\" data-block-id=\"3\">\n<p class=\"content-text__container \" data-track-category=\"Link no Texto\" data-track-links=\"\">A estudante baiana Anna Carolina Stein, de 18 anos, est\u00e1 prestes a realizar um sonho. Moradora de\u00a0<a class=\"\" href=\"https:\/\/g1.globo.com\/ba\/bahia\/cidade\/serrinha-ba\/\">Serrinha<\/a>, cidade que fica a cerca de 180 km de\u00a0<a class=\"\" href=\"https:\/\/g1.globo.com\/ba\/bahia\/cidade\/salvador\/\">Salvador<\/a>, ela alcan\u00e7ou um feito impressionante ao ser aceita para estudar em 17 institui\u00e7\u00f5es de ensino superior fora do pa\u00eds. Agora, a jovem se prepara para embarcar para Fl\u00f3rida, nos\u00a0<a class=\"\" href=\"https:\/\/g1.globo.com\/tudo-sobre\/estados-unidos\/\">Estados Unidos<\/a>, em agosto deste ano.<\/p>\n<\/div>\n<\/div>\n<div class=\"wall protected-content\">\n<div id=\"chunk-e4neb\">\n<div class=\"mc-column content-text active-extra-styles \" data-block-type=\"unstyled\" data-block-weight=\"54\" data-block-id=\"4\">\n<p class=\"content-text__container \" data-track-category=\"Link no Texto\" data-track-links=\"\">As universidades estrangeiras matriculam alunos sem aplicar os tradicionais vestibulares conhecidos no Brasil. O processo de escolha envolve an\u00e1lise curricular e de m\u00e9ritos, al\u00e9m de cartas de indica\u00e7\u00f5es emitidas por professores. Quem atender aos requisitos passa por uma prova, chamada por brasileiros de &#8220;Enem americano&#8221;, que abrange disciplinas b\u00e1sicas, como ingl\u00eas e matem\u00e1tica.<\/p>\n<\/div>\n<\/div>\n<div id=\"chunk-anbr4\">\n<div class=\"mc-column content-text active-extra-styles \" data-block-type=\"unstyled\" data-block-weight=\"50\" data-block-id=\"6\">\n<p class=\"content-text__container \" data-track-category=\"Link no Texto\" data-track-links=\"\">Dentre as institui\u00e7\u00f5es em que Anna Carolina teve notas e curr\u00edculos aceitos, 15 s\u00e3o dos Estados Unidos, uma \u00e9 da\u00a0<a class=\"\" href=\"https:\/\/g1.globo.com\/tudo-sobre\/irlanda\/\">Irlanda<\/a>\u00a0e outra, dos Emirados \u00c1rabes Unidos. Em entrevista ao\u00a0<a class=\"\" href=\"https:\/\/g1.globo.com\/ba\/bahia\/\">g1<\/a>, ela lembrou a trajet\u00f3ria para conseguir as aprova\u00e7\u00f5es, que incluiu trabalhos volunt\u00e1rios, al\u00e9m de uma jornada intensa de estudos.<\/p>\n<\/div>\n<\/div>\n<div id=\"chunk-62m90\">\n<div class=\"mc-column content-text active-extra-styles \" data-block-type=\"unstyled\" data-block-weight=\"36\" data-block-id=\"7\">\n<p class=\"content-text__container \" data-track-category=\"Link no Texto\" data-track-links=\"\">A baiana contou que sentiu vontade de estudar fora do pa\u00eds aos 10 anos de idade. No entanto, a serrinhense se deparou com desafios, para al\u00e9m do preparo intelectual. O principal deles era o dinheiro.<\/p>\n<\/div>\n<\/div>\n<div id=\"chunk-79dt2\">\n<div class=\"mc-column content-text active-extra-styles \" data-block-type=\"unstyled\" data-block-weight=\"34\" data-block-id=\"8\">\n<p class=\"content-text__container \" data-track-category=\"Link no Texto\" data-track-links=\"\">Segundo ela, as ag\u00eancias de interc\u00e2mbio que prestam esse tipo de servi\u00e7o cobravam valores excessivos, chegando a quase R$ 100 mil por ano, o que estava distante da realidade financeira da fam\u00edlia dela.<\/p>\n<\/div>\n<\/div>\n<div class=\"mc-column content-text active-extra-styles\" data-block-type=\"raw\" data-block-weight=\"26\" data-block-id=\"9\">\n<p class=\"content-text__container\">\n<blockquote class=\"content-blockquote theme-border-color-primary-before\"><p>&#8220;Foi um sonho que por muito tempo ficou em segundo plano, sabe? Porque nunca imaginei que pudesse realmente fazer isso sozinha, que pudesse dar certo&#8221;, disse.<\/p><\/blockquote>\n<p>&nbsp;<\/p>\n<\/div>\n<div id=\"chunk-8k4ma\">\n<div class=\"row medium-uncollapsed content-media content-photo\" data-block-type=\"backstage-photo\" data-block-id=\"10\">\n<div class=\" mc-column  content-media__container\">\n<div class=\"content-media-container glb-skeleton-box\">\n<figure class=\"content-media-figure\"><img class=\"i-amphtml-fill-content i-amphtml-replaced-content\" src=\"https:\/\/s2-g1.glbimg.com\/nFaX4NeikrFC2Ix4J5TR3KJBMH0=\/0x0:1700x1065\/984x0\/smart\/filters:strip_icc()\/i.s3.glbimg.com\/v1\/AUTH_59edd422c0c84a879bd37670ae4f538a\/internal_photos\/bs\/2023\/J\/m\/WK9Q3HQQ6qmTFCSAX6bQ\/design-sem-nome-16-.png\" sizes=\"(max-width: 1707px) 648px, 100vw\" srcset=\"https:\/\/s2-g1.glbimg.com\/l3p7r0vkFnuNcQ2w7DhDLvC0xV0=\/0x0:1700x1065\/1000x0\/smart\/filters:strip_icc()\/i.s3.glbimg.com\/v1\/AUTH_59edd422c0c84a879bd37670ae4f538a\/internal_photos\/bs\/2023\/J\/m\/WK9Q3HQQ6qmTFCSAX6bQ\/design-sem-nome-16-.png 1000w, https:\/\/s2-g1.glbimg.com\/nFaX4NeikrFC2Ix4J5TR3KJBMH0=\/0x0:1700x1065\/984x0\/smart\/filters:strip_icc()\/i.s3.glbimg.com\/v1\/AUTH_59edd422c0c84a879bd37670ae4f538a\/internal_photos\/bs\/2023\/J\/m\/WK9Q3HQQ6qmTFCSAX6bQ\/design-sem-nome-16-.png 984w, https:\/\/s2-g1.glbimg.com\/IIZRLtteWh1ormKK65ekSw85buw=\/0x0:1700x1065\/640x0\/smart\/filters:strip_icc()\/i.s3.glbimg.com\/v1\/AUTH_59edd422c0c84a879bd37670ae4f538a\/internal_photos\/bs\/2023\/J\/m\/WK9Q3HQQ6qmTFCSAX6bQ\/design-sem-nome-16-.png 640w, https:\/\/s2-g1.glbimg.com\/TViN8USyssqbGhQAhsE0Y7IDsGk=\/0x0:1700x1065\/600x0\/smart\/filters:strip_icc()\/i.s3.glbimg.com\/v1\/AUTH_59edd422c0c84a879bd37670ae4f538a\/internal_photos\/bs\/2023\/J\/m\/WK9Q3HQQ6qmTFCSAX6bQ\/design-sem-nome-16-.png 600w\" alt=\"Baiana foi aceita em 17 universidades internacionais, gra\u00e7as a boas notas e trabalhos volunt\u00e1rios \u2014 Foto: Arquivo pessoal\" \/><\/figure>\n<\/div>\n<p class=\"content-media__description  \">Baiana foi aceita em 17 universidades internacionais, gra\u00e7as a boas notas e trabalhos volunt\u00e1rios \u2014 Foto: Arquivo pessoal<\/p>\n<\/div>\n<\/div>\n<\/div>\n<div id=\"chunk-htuj\">\n<div class=\"mc-column content-text active-extra-styles \" data-block-type=\"unstyled\" data-block-weight=\"43\" data-block-id=\"12\">\n<p class=\"content-text__container \" data-track-category=\"Link no Texto\" data-track-links=\"\">Em 2020, Anna Carolina decidiu buscar op\u00e7\u00f5es mais acess\u00edveis e ingressou em uma escola preparat\u00f3ria online, criada para auxiliar quem deseja estudar fora do pa\u00eds. O servi\u00e7o re\u00fane pessoas que passaram pelo mesmo processo e ensina outros estudantes a trilhar o melhor caminho.<\/p>\n<\/div>\n<\/div>\n<div id=\"chunk-8taso\">\n<div class=\"mc-column content-text active-extra-styles \" data-block-type=\"unstyled\" data-block-weight=\"54\" data-block-id=\"13\">\n<p class=\"content-text__container \" data-track-category=\"Link no Texto\" data-track-links=\"\">Nesse momento, Anna descobriu que para ser aceita, n\u00e3o bastava tirar notas altas e conseguir cartas de indica\u00e7\u00f5es, mas tamb\u00e9m era necess\u00e1rio realizar atividades extracurriculares. &#8220;Como aqui na minha cidade n\u00e3o tinha tanas op\u00e7\u00f5es, precisei buscar em outros lugares, contei muito com a ajuda da internet. Todas foram feitas de modo virtual&#8221;, explicou.<\/p>\n<\/div>\n<\/div>\n<div id=\"chunk-aorf\">\n<div class=\"mc-column content-text active-extra-styles \" data-block-type=\"unstyled\" data-block-weight=\"30\" data-block-id=\"14\">\n<p class=\"content-text__container \" data-track-category=\"Link no Texto\" data-track-links=\"\">A jovem participou de v\u00e1rios cursos oferecidos pela escola preparat\u00f3ria, inclusive no per\u00edodo das f\u00e9rias do col\u00e9gio onde estudava, al\u00e9m de realizar trabalhos volunt\u00e1rios, que lhe &#8220;enchem de orgulho&#8221;.<\/p>\n<\/div>\n<\/div>\n<div class=\"mc-column content-text active-extra-styles\" data-block-type=\"raw\" data-block-weight=\"36\" data-block-id=\"15\">\n<p class=\"content-text__container\">\n<blockquote class=\"content-blockquote theme-border-color-primary-before\"><p>&#8220;Foi o voluntariado que me permitiu obter a bolsa, que fez toda diferen\u00e7a para que eu pudesse ir para a faculdade nos Estados Unidos. Essa oportunidade foi concedida com base no meu impacto na comunidade&#8221;, afirmou.<\/p><\/blockquote>\n<p>&nbsp;<\/p>\n<\/div>\n<div id=\"chunk-8gbbr\">\n<div class=\"mc-column content-text active-extra-styles \" data-block-type=\"unstyled\" data-block-weight=\"55\" data-block-id=\"16\">\n<p class=\"content-text__container \" data-track-category=\"Link no Texto\" data-track-links=\"\">Anna fundou o projeto &#8220;Relendo Sonhos&#8221;, que arrecadou e doou 130 livros para estudantes carentes de tr\u00eas cidades do interior baiano. Segundo ela, mais de 300 crian\u00e7as e adolescentes foram beneficiados pela iniciativa. Al\u00e9m disso, a serrinhense fez parte da organiza\u00e7\u00e3o C\u00e1ritas Brasil e ajudou a arrecadar alimentos, roupas e livros para comunidades rurais.<\/p>\n<\/div>\n<\/div>\n<div id=\"chunk-81m8v\">\n<div class=\"content-ads content-ads--reveal\" data-block-type=\"ads\" data-block-id=\"17\">\n<div id=\"banner_materia__7fcf5ed2-e38b-4004-9c20-c1350f7f9523\" class=\"tag-manager-publicidade-container mc-has-reveal mc-has-ad-lazyload tag-manager-publicidade-banner_materia__7fcf5ed2-e38b-4004-9c20-c1350f7f9523 tag-manager-publicidade-container--carregado tag-manager-publicidade-container--visivel\" data-id=\"banner_materia__7fcf5ed2-e38b-4004-9c20-c1350f7f9523\" data-google-query-id=\"CN-rnPH6g_8CFdIjuQYdPMQFOw\">\n<div id=\"google_ads_iframe_\/95377733\/tvg_G1\/Sua_Regiao&gt;Nordeste&gt;Bahia_5__container__\" style=\"box-sizing: inherit; margin: auto; padding: 0px; border: 0pt none; font: inherit; vertical-align: initial; max-width: 100%; text-align: center; width: 970px; height: 250px;\">Desde 2021, Anna tamb\u00e9m atua como mentora na escola preparat\u00f3ria &#8220;The Dream School&#8221;. At\u00e9 o momento, ela j\u00e1 orientou cerca de 500 alunos, ajudados em revis\u00f5es de reda\u00e7\u00f5es e aulas gratuitas de ingl\u00eas, entre outras atividade\u00a0 Apesar de todos os esfor\u00e7os, Anna ainda acreditava ser dif\u00edcil conseguir realizar o sonho de estudar fora do Brasil. Segundo ela, trata-se de &#8220;uma verdadeira competi\u00e7\u00e3o&#8221;, onde perfis de candidatos do mundo inteiro s\u00e3o avaliados e disputam um n\u00famero reduzido de vagas. Entre as &#8220;desvantagens&#8221; citadas est\u00e1 o fato de concorrer com canadenses, norte- americanos e outros cidad\u00e3os que t\u00eam o ingl\u00eas como l\u00edngua materna, portanto, s\u00e3o fluentes, enquanto ela precisou aprender o idioma do zero.<\/div>\n<div style=\"box-sizing: inherit; margin: auto; padding: 0px; border: 0pt none; font: inherit; vertical-align: initial; max-width: 100%; text-align: center; width: 970px; height: 250px;\">Decis\u00e3o<img class=\"i-amphtml-fill-content i-amphtml-replaced-content\" src=\"https:\/\/s2-g1.glbimg.com\/2n3jqsMISOtg1ALDu2bYPfQtpfU=\/0x0:1700x1065\/1008x0\/smart\/filters:strip_icc()\/i.s3.glbimg.com\/v1\/AUTH_59edd422c0c84a879bd37670ae4f538a\/internal_photos\/bs\/2023\/X\/U\/nmtch7Tty5CnKc8pAzQQ\/design-sem-nome-17-.png\" srcset=\"\" alt=\"De Serrinha para Fl\u00f3rida: Anna Carolina vai estudar na Stetson University  \u2014 Foto: Arquivo pessoal\" \/><\/div>\n<\/div>\n<\/div>\n<\/div>\n<div id=\"chunk-90nf3\">\n<div class=\"row medium-uncollapsed content-media content-photo\" data-block-type=\"backstage-photo\" data-block-id=\"22\">\n<div class=\"column medium-22 large-20 medium-centered   content-media__container\">\n<p class=\"content-media__description  \">De Serrinha para Fl\u00f3rida: Anna Carolina vai estudar na Stetson University \u2014 Foto: Arquivo pessoal<\/p>\n<\/div>\n<\/div>\n<\/div>\n<div id=\"chunk-7iubm\">\n<div class=\"content-ads content-ads--reveal\" data-block-type=\"ads\" data-block-id=\"23\">\n<div id=\"banner_materia__9697e46f-1b60-4641-a479-30448d9d6959\" class=\"tag-manager-publicidade-container mc-has-reveal mc-has-ad-lazyload tag-manager-publicidade-banner_materia__9697e46f-1b60-4641-a479-30448d9d6959 tag-manager-publicidade-container--carregado tag-manager-publicidade-container--visivel\" data-id=\"banner_materia__9697e46f-1b60-4641-a479-30448d9d6959\" data-google-query-id=\"CMnLgPL6g_8CFYIC1AodtMAIIw\">\n<div id=\"google_ads_iframe_\/95377733\/tvg_G1\/Sua_Regiao&gt;Nordeste&gt;Bahia_6__container__\" style=\"box-sizing: inherit; margin: auto; padding: 0px; border: 0pt none; font: inherit; vertical-align: initial; max-width: 100%; text-align: center; width: 970px; height: 250px;\"><iframe loading=\"lazy\" id=\"google_ads_iframe_\/95377733\/tvg_G1\/Sua_Regiao&gt;Nordeste&gt;Bahia_6\" style=\"box-sizing: inherit; margin: 0px; padding: 0px; border: 0px; font: inherit; vertical-align: bottom; width: 970px; height: 250px;\" tabindex=\"0\" title=\"3rd party ad content\" role=\"region\" src=\"https:\/\/decc81f6879b8bbebca731e8ce7d978c.safeframe.googlesyndication.com\/safeframe\/1-0-40\/html\/container.html\" name=\"\" width=\"1\" height=\"1\" frameborder=\"0\" marginwidth=\"0\" marginheight=\"0\" scrolling=\"no\" sandbox=\"allow-forms allow-popups allow-popups-to-escape-sandbox allow-same-origin allow-scripts allow-top-navigation-by-user-activation\" data-is-safeframe=\"true\" aria-label=\"Advertisement\" data-google-container-id=\"8\" data-load-complete=\"true\" data-mce-fragment=\"1\"><\/iframe><\/div>\n<\/div>\n<\/div>\n<\/div>\n<div id=\"chunk-chtr3\">\n<div class=\"mc-column content-text active-extra-styles \" data-block-type=\"unstyled\" data-block-weight=\"41\" data-block-id=\"24\">\n<p class=\"content-text__container \" data-track-category=\"Link no Texto\" data-track-links=\"\">Dentre as 17 universidades em que foi aceita, Anna decidiu se matricular na Stetson University, localizada na Fl\u00f3rida, nos Estados Unidos. A escolha foi motivada, entre outros fatores, pelo clima, semelhante ao de Serrinha, em grande parte do ano.<\/p>\n<\/div>\n<\/div>\n<div id=\"chunk-41tbd\">\n<div class=\"mc-column content-text active-extra-styles \" data-block-type=\"unstyled\" data-block-weight=\"48\" data-block-id=\"25\">\n<p class=\"content-text__container \" data-track-category=\"Link no Texto\" data-track-links=\"\">Al\u00e9m disso, a Stetson foi a institui\u00e7\u00e3o que ofereceu a ela a duas bolsas de estudo, o que proporcionou uma forma\u00e7\u00e3o com custo quase zero na anuidade da faculdade, alimenta\u00e7\u00e3o e acomoda\u00e7\u00e3o, j\u00e1 que os alunos s\u00e3o exigidos a morar no alojamento do campus nos tr\u00eas primeiros anos.<\/p>\n<\/div>\n<\/div>\n<div id=\"chunk-eoctv\">\n<div class=\"mc-column content-text active-extra-styles \" data-block-type=\"unstyled\" data-block-weight=\"36\" data-block-id=\"26\">\n<p class=\"content-text__container \" data-track-category=\"Link no Texto\" data-track-links=\"\">As bolsas concedidas para a serrinhense foram as de m\u00e9rito, baseada no desempenho acad\u00eamico e nas cartas de recomenda\u00e7\u00e3o feitas pelos professores, al\u00e9m da &#8220;Bonner Foundation&#8221;, que abrange quem se dedica a trabalhos volunt\u00e1rios.<\/p>\n<\/div>\n<\/div>\n<div id=\"chunk-eunfv\">\n<div class=\"mc-column content-text active-extra-styles \" data-block-type=\"unstyled\" data-block-weight=\"56\" data-block-id=\"27\">\n<p class=\"content-text__container \" data-track-category=\"Link no Texto\" data-track-links=\"\">A futura universit\u00e1ria j\u00e1 garantiu vaga com a matr\u00edcula, contudo, ainda n\u00e3o definiu qual profiss\u00e3o pretende seguir. &#8220;Nessas universidades, n\u00e3o \u00e9 poss\u00edvel escolher um curso espec\u00edfico de imediato. A admiss\u00e3o \u00e9 concedida para a faculdade como um todo, ent\u00e3o posso conhecer as op\u00e7\u00f5es, \u00e1reas de afinidade, o que proporciona maior liberdade na escolha da minha profiss\u00e3o&#8221;.<\/p>\n<\/div>\n<\/div>\n<div id=\"chunk-4ue83\">\n<div class=\"mc-column content-text active-extra-styles \" data-block-type=\"unstyled\" data-block-weight=\"57\" data-block-id=\"28\">\n<p class=\"content-text__container \" data-track-category=\"Link no Texto\" data-track-links=\"\">Uma coisa \u00e9 certa: Anna Carolina pretende continuar com trabalhos volunt\u00e1rios, voltados para a \u00e1rea de educa\u00e7\u00e3o, e ajudar outros jovens que t\u00eam o mesmo sonho. &#8220;Meu objetivo principal \u00e9 realmente democratizar o ensino, essas oportunidades, que por muito tempo foram super elitizadas e que at\u00e9 pra mim eram imposs\u00edveis, mas agora vejo que n\u00e3o s\u00e3o&#8221;.<\/p>\n<\/div>\n<\/div>\n<\/div>\n<\/article>\n<\/div>\n","protected":false},"excerpt":{"rendered":"<p>Baiana foi aceita em 17 universidades estrangeiras e escolheu uma nos EUA para estudar \u2014 Foto: Arquivo pessoal A estudante baiana Anna Carolina Stein, de 18 anos, est\u00e1 prestes a realizar um sonho. Moradora de\u00a0Serrinha, cidade que fica a cerca de 180 km de\u00a0Salvador, ela alcan\u00e7ou um feito impressionante ao ser aceita para estudar em [&hellip;]<\/p>\n","protected":false},"author":2,"featured_media":0,"comment_status":"open","ping_status":"open","sticky":false,"template":"","format":"standard","meta":{"_links_to":"","_links_to_target":""},"categories":[1],"tags":[],"_links":{"self":[{"href":"https:\/\/www.ilheusnoticias.net.br\/v1\/wp-json\/wp\/v2\/posts\/31985"}],"collection":[{"href":"https:\/\/www.ilheusnoticias.net.br\/v1\/wp-json\/wp\/v2\/posts"}],"about":[{"href":"https:\/\/www.ilheusnoticias.net.br\/v1\/wp-json\/wp\/v2\/types\/post"}],"author":[{"embeddable":true,"href":"https:\/\/www.ilheusnoticias.net.br\/v1\/wp-json\/wp\/v2\/users\/2"}],"replies":[{"embeddable":true,"href":"https:\/\/www.ilheusnoticias.net.br\/v1\/wp-json\/wp\/v2\/comments?post=31985"}],"version-history":[{"count":1,"href":"https:\/\/www.ilheusnoticias.net.br\/v1\/wp-json\/wp\/v2\/posts\/31985\/revisions"}],"predecessor-version":[{"id":31986,"href":"https:\/\/www.ilheusnoticias.net.br\/v1\/wp-json\/wp\/v2\/posts\/31985\/revisions\/31986"}],"wp:attachment":[{"href":"https:\/\/www.ilheusnoticias.net.br\/v1\/wp-json\/wp\/v2\/media?parent=31985"}],"wp:term":[{"taxonomy":"category","embeddable":true,"href":"https:\/\/www.ilheusnoticias.net.br\/v1\/wp-json\/wp\/v2\/categories?post=31985"},{"taxonomy":"post_tag","embeddable":true,"href":"https:\/\/www.ilheusnoticias.net.br\/v1\/wp-json\/wp\/v2\/tags?post=31985"}],"curies":[{"name":"wp","href":"https:\/\/api.w.org\/{rel}","templated":true}]}}