{"id":31983,"date":"2023-05-20T10:03:23","date_gmt":"2023-05-20T13:03:23","guid":{"rendered":"https:\/\/www.ilheusnoticias.net.br\/v1\/?p=31983"},"modified":"2023-05-20T10:03:23","modified_gmt":"2023-05-20T13:03:23","slug":"governo-quer-anunciar-no-dia-25-medida-para-baratear-carro-popular-veja-planos-em-estudo","status":"publish","type":"post","link":"https:\/\/www.ilheusnoticias.net.br\/v1\/2023\/05\/20\/governo-quer-anunciar-no-dia-25-medida-para-baratear-carro-popular-veja-planos-em-estudo\/","title":{"rendered":"Governo quer anunciar no dia 25 medida para baratear carro popular; veja planos em estudo"},"content":{"rendered":"<div class=\"row content-head non-featured \">\n<div class=\"title\" data-block-type=\"title\" data-block-id=\"0\">\n<h1 class=\"content-head__title\"><span style=\"font-size: 16px;\">O governo federal quer anunciar no dia 25 de maio, Dia da Ind\u00fastria, uma medida para baratear os carros populares. Nos \u00faltimos dias, representantes de minist\u00e9rios e do setor discutiram poss\u00edveis alternativas para reduzir os pre\u00e7os.<\/span><\/h1>\n<\/div>\n<\/div>\n<div class=\"mc-article-body\">\n<article>\n<div class=\"wall protected-content\">\n<div id=\"chunk-44h62\">\n<div class=\"mc-column content-text active-extra-styles \" data-block-type=\"unstyled\" data-block-weight=\"24\" data-block-id=\"3\">\n<p class=\"content-text__container \" data-track-category=\"Link no Texto\" data-track-links=\"\">A inten\u00e7\u00e3o de baratear carros populares foi manifestada publicamente pelo presidente Luiz In\u00e1cio Lula da Silva durante discurso no dia 4 de maio.<\/p>\n<\/div>\n<\/div>\n<div id=\"chunk-9jr89\">\n<div class=\"mc-column content-text active-extra-styles \" data-block-type=\"unstyled\" data-block-weight=\"11\" data-block-id=\"4\">\n<p class=\"content-text__container \" data-track-category=\"Link no Texto\" data-track-links=\"\">Na ocasi\u00e3o,\u00a0<a class=\"\" href=\"https:\/\/g1.globo.com\/politica\/noticia\/2023\/05\/04\/lula-estuda-como-baratear-carros-r-90-mil-nao-e-popular.ghtml\">Lula disse que &#8220;R$ 90 mil n\u00e3o \u00e9 popular&#8221;<\/a>.<\/p>\n<\/div>\n<\/div>\n<div id=\"chunk-fpot2\">\n<div class=\"mc-column content-text active-extra-styles \" data-block-type=\"unstyled\" data-block-weight=\"19\" data-block-id=\"5\">\n<p class=\"content-text__container \" data-track-category=\"Link no Texto\" data-track-links=\"\">No in\u00edcio da semana, representantes das montadoras se reuniram com o vice-presidente e ministro da Ind\u00fastria, Geraldo Alckmin.<\/p>\n<\/div>\n<\/div>\n<div id=\"chunk-8r5t9\">\n<div class=\"mc-column content-text active-extra-styles \" data-block-type=\"unstyled\" data-block-weight=\"14\" data-block-id=\"6\">\n<p class=\"content-text__container \" data-track-category=\"Link no Texto\" data-track-links=\"\">Governo e empresas discutiram algumas op\u00e7\u00f5es, ainda sem chegar a um formato final.<\/p>\n<\/div>\n<\/div>\n<div id=\"chunk-f4ipi\">\n<div class=\"mc-column content-text active-extra-styles \" data-block-type=\"unstyled\" data-block-weight=\"42\" data-block-id=\"7\">\n<p class=\"content-text__container \" data-track-category=\"Link no Texto\" data-track-links=\"\">Os executivos frisaram para o governo que as montadoras j\u00e1 t\u00eam muita pouca margem de lucro nos carros populares e que, por isso, seria dif\u00edcil reduzir os pre\u00e7os nas f\u00e1bricas. A margem, segundo as empresas, s\u00e3o maiores no carros mais caros.<\/p>\n<\/div>\n<\/div>\n<div id=\"chunk-de7lm\">\n<div class=\"mc-column content-text active-extra-styles \" data-block-type=\"unstyled\" data-block-weight=\"16\" data-block-id=\"8\">\n<p class=\"content-text__container \" data-track-category=\"Link no Texto\" data-track-links=\"\">Alckmin j\u00e1 sinalizou que o pacote tamb\u00e9m deve incluir medidas de apoio \u00e0 ind\u00fastria de caminh\u00f5es.<\/p>\n<\/div>\n<\/div>\n<div id=\"chunk-5rcup\">\n<div class=\"bs-video-block mc-column  content-media content-video\" data-block-type=\"backstage-video\" data-block-id=\"9\">\n<div class=\"content-media__container\">\n<div class=\"content-video__bigger-player-description-fixer\">\n<article class=\"content-video\">\n<section class=\"content-video__video-container\">\n<div class=\"content-video__video\">\n<div class=\"content-video__placeholder\" data-video-id=\"11590410\" data-video-has-viewport-play=\"True\"><img class=\"content-video__placeholder__thumb\" title=\"'Carro de R$ 90 mil n\u00e3o \u00e9 popular, \u00e9 para classe m\u00e9dia', diz Lula\" src=\"https:\/\/s03.video.glbimg.com\/x240\/11590410.jpg\" alt=\"'Carro de R$ 90 mil n\u00e3o \u00e9 popular, \u00e9 para classe m\u00e9dia', diz Lula\" \/><\/div>\n<\/div>\n<\/section>\n<\/article>\n<\/div>\n<p class=\"content-media__description\">&#8216;Carro de R$ 90 mil n\u00e3o \u00e9 popular, \u00e9 para classe m\u00e9dia&#8217;, diz Lula<\/p>\n<\/div>\n<\/div>\n<\/div>\n<div class=\"mc-column content-text active-extra-styles\" data-block-type=\"raw\" data-block-weight=\"3\" data-block-id=\"11\">\n<div class=\"content-intertitle\">\n<h2>Saque do FGTS<\/h2>\n<\/div>\n<\/div>\n<div id=\"chunk-f4kkh\">\n<div class=\"mc-column content-text active-extra-styles \" data-block-type=\"unstyled\" data-block-weight=\"43\" data-block-id=\"12\">\n<p class=\"content-text__container \" data-track-category=\"Link no Texto\" data-track-links=\"\">O caminho defendido pela ind\u00fastria \u00e9 a possibilidade de os trabalhadores poderem sacar uma parte do Fundo de Garantia por Tempo de Servi\u00e7o (FGTS) &#8212; 10% ou 15%, por exemplo. E usar esse valor para trocar o carro usado por um novo.<\/p>\n<\/div>\n<\/div>\n<div id=\"chunk-dgi0n\">\n<div class=\"mc-column content-text active-extra-styles \" data-block-type=\"unstyled\" data-block-weight=\"14\" data-block-id=\"13\">\n<p class=\"content-text__container \" data-track-category=\"Link no Texto\" data-track-links=\"\">Isso poderia ser feito via medida provis\u00f3ria, caso haja consenso dentro do governo.<\/p>\n<\/div>\n<\/div>\n<div id=\"chunk-d3n62\">\n<div class=\"mc-column content-text active-extra-styles \" data-block-type=\"unstyled\" data-block-weight=\"20\" data-block-id=\"14\">\n<p class=\"content-text__container \" data-track-category=\"Link no Texto\" data-track-links=\"\">O\u00a0<a class=\"\" href=\"https:\/\/g1.globo.com\/politica\/noticia\/2023\/04\/12\/ministro-do-trabalho-diz-ser-radicalmente-contra-uso-de-fgts-para-compra-de-carro.ghtml\">ministro do Trabalho, Luiz Marinho, por\u00e9m, j\u00e1 disse ser &#8220;radicalmente contra&#8221;<\/a> o uso do FGTS para esse objetivo.<\/p>\n<\/div>\n<\/div>\n<div class=\"mc-column content-text active-extra-styles\" data-block-type=\"raw\" data-block-weight=\"1\" data-block-id=\"15\">\n<div class=\"content-intertitle\">\n<h2>Tributos<\/h2>\n<\/div>\n<p>Tamb\u00e9m foi discutida uma eventual redu\u00e7\u00e3o de tributos.<\/p>\n<\/div>\n<div id=\"chunk-2mfc0\">\n<div class=\"mc-column content-text active-extra-styles \" data-block-type=\"unstyled\" data-block-weight=\"27\" data-block-id=\"17\">\n<p class=\"content-text__container \" data-track-category=\"Link no Texto\" data-track-links=\"\">Na reuni\u00e3o entre governo e montadoras, foi ressaltado que o Imposto sobre Produto Industrializado (IPI) &#8212; um tributo federal &#8212; j\u00e1 \u00e9 reduzido para carros populares.<\/p>\n<\/div>\n<\/div>\n<div id=\"chunk-7tb7h\">\n<div class=\"mc-column content-text active-extra-styles \" data-block-type=\"unstyled\" data-block-weight=\"19\" data-block-id=\"18\">\n<p class=\"content-text__container \" data-track-category=\"Link no Texto\" data-track-links=\"\">Para ser efetiva uma queda de impostos, as medidas precisariam envolver tributos recolhidos pelos estados, como o ICMS.<\/p>\n<\/div>\n<\/div>\n<div id=\"chunk-55c4a\">\n<div class=\"mc-column content-text active-extra-styles \" data-block-type=\"unstyled\" data-block-weight=\"40\" data-block-id=\"19\">\n<p class=\"content-text__container \" data-track-category=\"Link no Texto\" data-track-links=\"\">A al\u00edquota de ICMS, por\u00e9m, tamb\u00e9m j\u00e1 \u00e9 reduzida para carros de passeio e qualquer queda de arrecada\u00e7\u00e3o precisaria ser compensada pela Uni\u00e3o, dizem fontes ligadas aos governadores. Isso passaria, portanto, por uma negocia\u00e7\u00e3o com as secretarias estaduais de Fazenda.<\/p>\n<\/div>\n<\/div>\n<\/div>\n<\/article>\n<\/div>\n","protected":false},"excerpt":{"rendered":"<p>O governo federal quer anunciar no dia 25 de maio, Dia da Ind\u00fastria, uma medida para baratear os carros populares. Nos \u00faltimos dias, representantes de minist\u00e9rios e do setor discutiram poss\u00edveis alternativas para reduzir os pre\u00e7os. A inten\u00e7\u00e3o de baratear carros populares foi manifestada publicamente pelo presidente Luiz In\u00e1cio Lula da Silva durante discurso no [&hellip;]<\/p>\n","protected":false},"author":2,"featured_media":0,"comment_status":"open","ping_status":"open","sticky":false,"template":"","format":"standard","meta":{"_links_to":"","_links_to_target":""},"categories":[1],"tags":[],"_links":{"self":[{"href":"https:\/\/www.ilheusnoticias.net.br\/v1\/wp-json\/wp\/v2\/posts\/31983"}],"collection":[{"href":"https:\/\/www.ilheusnoticias.net.br\/v1\/wp-json\/wp\/v2\/posts"}],"about":[{"href":"https:\/\/www.ilheusnoticias.net.br\/v1\/wp-json\/wp\/v2\/types\/post"}],"author":[{"embeddable":true,"href":"https:\/\/www.ilheusnoticias.net.br\/v1\/wp-json\/wp\/v2\/users\/2"}],"replies":[{"embeddable":true,"href":"https:\/\/www.ilheusnoticias.net.br\/v1\/wp-json\/wp\/v2\/comments?post=31983"}],"version-history":[{"count":1,"href":"https:\/\/www.ilheusnoticias.net.br\/v1\/wp-json\/wp\/v2\/posts\/31983\/revisions"}],"predecessor-version":[{"id":31984,"href":"https:\/\/www.ilheusnoticias.net.br\/v1\/wp-json\/wp\/v2\/posts\/31983\/revisions\/31984"}],"wp:attachment":[{"href":"https:\/\/www.ilheusnoticias.net.br\/v1\/wp-json\/wp\/v2\/media?parent=31983"}],"wp:term":[{"taxonomy":"category","embeddable":true,"href":"https:\/\/www.ilheusnoticias.net.br\/v1\/wp-json\/wp\/v2\/categories?post=31983"},{"taxonomy":"post_tag","embeddable":true,"href":"https:\/\/www.ilheusnoticias.net.br\/v1\/wp-json\/wp\/v2\/tags?post=31983"}],"curies":[{"name":"wp","href":"https:\/\/api.w.org\/{rel}","templated":true}]}}