{"id":31981,"date":"2023-05-20T10:00:47","date_gmt":"2023-05-20T13:00:47","guid":{"rendered":"https:\/\/www.ilheusnoticias.net.br\/v1\/?p=31981"},"modified":"2023-05-20T10:00:47","modified_gmt":"2023-05-20T13:00:47","slug":"agentes-de-nutricao-participam-de-capacitacao-sobre-boas-praticas-de-alimentacao-no-ambiente-escolar","status":"publish","type":"post","link":"https:\/\/www.ilheusnoticias.net.br\/v1\/2023\/05\/20\/agentes-de-nutricao-participam-de-capacitacao-sobre-boas-praticas-de-alimentacao-no-ambiente-escolar\/","title":{"rendered":"Agentes de Nutri\u00e7\u00e3o participam de capacita\u00e7\u00e3o sobre boas pr\u00e1ticas de alimenta\u00e7\u00e3o no ambiente escolar"},"content":{"rendered":"<div class=\"imagem thumbnail col-xs-12 col-sm-8 col-md-6 col-lg-6 imagem-materia\"><a class=\"fresco\" title=\"\" href=\"https:\/\/portalfacilarquivos.blob.core.windows.net\/uploads\/ILHEUS\/imgOrig\/%7BD6BB2BEE-E3A6-BAE7-EDEB-EA72E00AEDBA%7D.jpg\" data-fresco-caption=\"\"><img loading=\"lazy\" title=\"\" src=\"https:\/\/portalfacilarquivos.blob.core.windows.net\/uploads\/ILHEUS\/img\/%7BD6BB2BEE-E3A6-BAE7-EDEB-EA72E00AEDBA%7D\/%7BD6BB2BEE-E3A6-BAE7-EDEB-EA72E00AEDBA%7D_650X450.jpg\" alt=\"capacita\u00e7\u00e3o; merendeiras; seduc\" width=\"650\" height=\"450\" \/><\/a><\/div>\n<p>&#8220;Forma\u00e7\u00e3o na pr\u00e1tica: novas prepara\u00e7\u00f5es nos card\u00e1pios escolares&#8221;. Esse foi o tema abordado na capacita\u00e7\u00e3o dos\u00a0agentes de Nutri\u00e7\u00e3o,\u00a0conhecidos popularmente como merendeiros,\u00a0que atuam na rede municipal de ensino de Ilh\u00e9us. Na \u00faltima sexta-feira (19), a Secretaria de Educa\u00e7\u00e3o (Seduc) promoveu o curso, que objetiva qualificar os\u00a0servidores envolvidos diretamente na prepara\u00e7\u00e3o da merenda escolar servida nos estabelecimentos de ensino.<\/p>\n<p>O encontro aconteceu na Faculdade de Ilh\u00e9us, parceira da Prefeitura. As aulas foram ministradas pelas equipes de Alimenta\u00e7\u00e3o Escolar e de Forma\u00e7\u00e3o e conduzidas por Andr\u00e9 Cabral, coordenador do curso de Gastronomia da institui\u00e7\u00e3o de ensino superior.<\/p>\n<div class=\"imagem thumbnail col-xs-12 col-sm-8 col-md-6 col-lg-6 imagem-materia\"><a class=\"fresco\" title=\"\" href=\"https:\/\/portalfacilarquivos.blob.core.windows.net\/uploads\/ILHEUS\/imgOrig\/%7B10ECAED0-DBCE-3C7A-ACE2-32A7EB0A0A76%7D.jpg\" data-fresco-caption=\"\"><img loading=\"lazy\" title=\"\" src=\"https:\/\/portalfacilarquivos.blob.core.windows.net\/uploads\/ILHEUS\/img\/%7B10ECAED0-DBCE-3C7A-ACE2-32A7EB0A0A76%7D\/%7B10ECAED0-DBCE-3C7A-ACE2-32A7EB0A0A76%7D_650X450.jpg\" alt=\"capacita\u00e7\u00e3o; merendeiras; seduc\" width=\"650\" height=\"450\" \/><\/a><\/div>\n<p>De acordo com a Seduc, a capacita\u00e7\u00e3o atende ao recomendado pelo\u00a0Programa Nacional de Alimenta\u00e7\u00e3o Escolar (PNAE), que incentiva a dissemina\u00e7\u00e3o de escolhas alimentares mais saud\u00e1veis aos estudantes de todas as etapas da Educa\u00e7\u00e3o B\u00e1sica.<\/p>\n<p>\u201cUma capacita\u00e7\u00e3o importante para que possamos incentivar as boas pr\u00e1ticas e assegurar o manuseio correto dos alimentos. O momento traz sa\u00fade e bem-estar aos nossos alunos, al\u00e9m de humanizar o trabalho realizado em equipe\u201d, destacou a professora Eliane Oliveira, titular da Seduc.<\/p>\n<div class=\"imagem thumbnail col-xs-12 col-sm-8 col-md-6 col-lg-6 imagem-materia\"><a class=\"fresco\" title=\"\" href=\"https:\/\/portalfacilarquivos.blob.core.windows.net\/uploads\/ILHEUS\/imgOrig\/%7BE0B1E51B-1EB7-DB38-B5D1-E807652EAD6E%7D.jpg\" data-fresco-caption=\"\"><img loading=\"lazy\" title=\"\" src=\"https:\/\/portalfacilarquivos.blob.core.windows.net\/uploads\/ILHEUS\/img\/%7BE0B1E51B-1EB7-DB38-B5D1-E807652EAD6E%7D\/%7BE0B1E51B-1EB7-DB38-B5D1-E807652EAD6E%7D_650X450.jpg\" alt=\"capacita\u00e7\u00e3o; merendeiras; seduc\" width=\"650\" height=\"450\" \/><\/a><\/p>\n<p class=\"bg-primary\">A merenda escolar representa um dos pilares do processo de ensino-aprendizagem, garantindo subs\u00eddios nutricionais necess\u00e1rios para que o estudante alcance melhor rendimento em sala de aula. O curso de capacita\u00e7\u00e3o oportunizou tamb\u00e9m a troca de informa\u00e7\u00f5es, conhecimentos e viv\u00eancias na pr\u00e1tica.<\/p>\n<\/div>\n<p>A Seduc ressalta que o card\u00e1pio servido diariamente \u00e0s crian\u00e7as consta no rol de alimentos b\u00e1sicos, sempre respeitando o conte\u00fado nutricional, os aspectos culturais e a tradi\u00e7\u00e3o local, bem como as condutas higi\u00eanico-sanit\u00e1rias estabelecidas na legisla\u00e7\u00e3o.<\/p>\n","protected":false},"excerpt":{"rendered":"<p>&#8220;Forma\u00e7\u00e3o na pr\u00e1tica: novas prepara\u00e7\u00f5es nos card\u00e1pios escolares&#8221;. Esse foi o tema abordado na capacita\u00e7\u00e3o dos\u00a0agentes de Nutri\u00e7\u00e3o,\u00a0conhecidos popularmente como merendeiros,\u00a0que atuam na rede municipal de ensino de Ilh\u00e9us. Na \u00faltima sexta-feira (19), a Secretaria de Educa\u00e7\u00e3o (Seduc) promoveu o curso, que objetiva qualificar os\u00a0servidores envolvidos diretamente na prepara\u00e7\u00e3o da merenda escolar servida nos estabelecimentos [&hellip;]<\/p>\n","protected":false},"author":2,"featured_media":0,"comment_status":"open","ping_status":"open","sticky":false,"template":"","format":"standard","meta":{"_links_to":"","_links_to_target":""},"categories":[1],"tags":[],"_links":{"self":[{"href":"https:\/\/www.ilheusnoticias.net.br\/v1\/wp-json\/wp\/v2\/posts\/31981"}],"collection":[{"href":"https:\/\/www.ilheusnoticias.net.br\/v1\/wp-json\/wp\/v2\/posts"}],"about":[{"href":"https:\/\/www.ilheusnoticias.net.br\/v1\/wp-json\/wp\/v2\/types\/post"}],"author":[{"embeddable":true,"href":"https:\/\/www.ilheusnoticias.net.br\/v1\/wp-json\/wp\/v2\/users\/2"}],"replies":[{"embeddable":true,"href":"https:\/\/www.ilheusnoticias.net.br\/v1\/wp-json\/wp\/v2\/comments?post=31981"}],"version-history":[{"count":1,"href":"https:\/\/www.ilheusnoticias.net.br\/v1\/wp-json\/wp\/v2\/posts\/31981\/revisions"}],"predecessor-version":[{"id":31982,"href":"https:\/\/www.ilheusnoticias.net.br\/v1\/wp-json\/wp\/v2\/posts\/31981\/revisions\/31982"}],"wp:attachment":[{"href":"https:\/\/www.ilheusnoticias.net.br\/v1\/wp-json\/wp\/v2\/media?parent=31981"}],"wp:term":[{"taxonomy":"category","embeddable":true,"href":"https:\/\/www.ilheusnoticias.net.br\/v1\/wp-json\/wp\/v2\/categories?post=31981"},{"taxonomy":"post_tag","embeddable":true,"href":"https:\/\/www.ilheusnoticias.net.br\/v1\/wp-json\/wp\/v2\/tags?post=31981"}],"curies":[{"name":"wp","href":"https:\/\/api.w.org\/{rel}","templated":true}]}}