{"id":31978,"date":"2023-05-20T09:59:04","date_gmt":"2023-05-20T12:59:04","guid":{"rendered":"https:\/\/www.ilheusnoticias.net.br\/v1\/?p=31978"},"modified":"2023-05-20T09:59:38","modified_gmt":"2023-05-20T12:59:38","slug":"prefeito-mario-alexandre-assina-protocolo-de-intencoes-para-criacao-de-consorcio-publico-de-saude","status":"publish","type":"post","link":"https:\/\/www.ilheusnoticias.net.br\/v1\/2023\/05\/20\/prefeito-mario-alexandre-assina-protocolo-de-intencoes-para-criacao-de-consorcio-publico-de-saude\/","title":{"rendered":"Prefeito M\u00e1rio Alexandre assina protocolo de inten\u00e7\u00f5es para cria\u00e7\u00e3o de Cons\u00f3rcio P\u00fablico de Sa\u00fade"},"content":{"rendered":"<div class=\"imagem thumbnail col-xs-12 col-sm-8 col-md-6 col-lg-6 imagem-materia\"><a class=\"fresco\" title=\"\" href=\"https:\/\/portalfacilarquivos.blob.core.windows.net\/uploads\/ILHEUS\/imgOrig\/%7BEB77D4EA-4E64-7DCD-C1E4-A8A1BA5C7EBC%7D.jpeg\" data-fresco-caption=\"\"><img loading=\"lazy\" title=\"\" src=\"https:\/\/portalfacilarquivos.blob.core.windows.net\/uploads\/ILHEUS\/img\/%7BEB77D4EA-4E64-7DCD-C1E4-A8A1BA5C7EBC%7D\/%7BEB77D4EA-4E64-7DCD-C1E4-A8A1BA5C7EBC%7D_650X450.jpeg\" alt=\"assinatura, saude\" width=\"650\" height=\"450\" \/><\/a>Ao lado da Ministra da Sa\u00fade, N\u00edsia Trindade, e do governador Jer\u00f4nimo Rodrigues, o prefeito M\u00e1rio Alexandre assinou nesta sexta-feira (19) o Protocolo de Inten\u00e7\u00f5es para Constitui\u00e7\u00e3o do Cons\u00f3rcio P\u00fablico de Sa\u00fade da Regi\u00e3o de Ilh\u00e9us. O ato aconteceu no audit\u00f3rio da Secretaria da Sa\u00fade do Estado da Bahia (Sesab), em Salvador, e contou com a presen\u00e7a de autoridades, lideran\u00e7as pol\u00edticas e prefeitos dos munic\u00edpios que integram o cons\u00f3rcio.<\/div>\n<p>A assinatura formaliza a instala\u00e7\u00e3o da Policl\u00ednica Regional de Sa\u00fade, constru\u00edda pr\u00f3ximo ao Hospital Costa do Cacau e cujas obras est\u00e3o avan\u00e7adas. Or\u00e7ada em R$ 19 milh\u00f5es, a unidade vai ampliar a assist\u00eancia e assegurar diversos servi\u00e7os para aproximadamente 400 mil habitantes do sul da Bahia.<\/p>\n<div class=\"imagem thumbnail col-xs-12 col-sm-8 col-md-6 col-lg-6 imagem-materia\"><a class=\"fresco\" title=\"\" href=\"https:\/\/portalfacilarquivos.blob.core.windows.net\/uploads\/ILHEUS\/imgOrig\/%7B5C5437E5-E5AA-50ED-D1AB-CEED3D0DA26E%7D.jpeg\" data-fresco-caption=\"\"><img loading=\"lazy\" title=\"\" src=\"https:\/\/portalfacilarquivos.blob.core.windows.net\/uploads\/ILHEUS\/img\/%7B5C5437E5-E5AA-50ED-D1AB-CEED3D0DA26E%7D\/%7B5C5437E5-E5AA-50ED-D1AB-CEED3D0DA26E%7D_650X450.jpeg\" alt=\"assinatura saude\" width=\"650\" height=\"450\" \/><\/a><\/div>\n<p>\u201cUm momento muito importante. Assinei o protocolo de inten\u00e7\u00f5es para dar continuidade ao trabalho de desenvolvimento da nossa regi\u00e3o. No segundo semestre vamos inaugurar a Policl\u00ednica Regional de Ilh\u00e9us e ampliar a oferta de servi\u00e7os especializados de m\u00e9dia e alta complexidade. Agrade\u00e7o \u00e0 equipe do Governo do Estado e ao governador Jer\u00f4nimo Rodrigues por mais esse presente para nosso povo. Tudo come\u00e7ou com o nosso atual ministro da Casa Civil, Rui Costa, que devolveu dignidade aos baianos. Vamos continuar unidos em prol da nossa gente\u201d, ressaltou M\u00e1rio Alexandre.<\/p>\n<p><strong>Estrutura \u2013<\/strong>\u00a0A Policl\u00ednica contar\u00e1 com diversas especialidades, entre elas: anestesiologia, cardiologia Cl\u00ednica, cirurgia geral, dermatologia, ginecologia e obstetr\u00edcia, mastologia, neurologia, neuropediatria, oftalmologia, ortopedia e traumatologia, otorrinolaringologia, pediatria e urologia.<\/p>\n<p>&nbsp;<\/p>\n<div class=\"imagem thumbnail col-xs-12 col-sm-8 col-md-6 col-lg-6 imagem-materia\">\n<p><a class=\"fresco\" title=\"\" href=\"https:\/\/portalfacilarquivos.blob.core.windows.net\/uploads\/ILHEUS\/imgOrig\/%7B3EE8EDA5-47E3-71CB-BDBA-ADE3C0AEDBD7%7D.jpeg\" data-fresco-caption=\"\"><img loading=\"lazy\" title=\"\" src=\"https:\/\/portalfacilarquivos.blob.core.windows.net\/uploads\/ILHEUS\/img\/%7B3EE8EDA5-47E3-71CB-BDBA-ADE3C0AEDBD7%7D\/%7B3EE8EDA5-47E3-71CB-BDBA-ADE3C0AEDBD7%7D_650X450.jpeg\" alt=\"assinatura saude\" width=\"650\" height=\"450\" \/><\/a><\/p>\n<p class=\"bg-primary\">Tamb\u00e9m ser\u00e3o realizados exames de resson\u00e2ncia magn\u00e9tica (com e sem contraste), tomografia (com e sem contraste), mamografia, ultrassonografia com doppler, ecocardiografia, ergometria, mapa, holter, eletroencefalograma, raio-X, eletrocardiograma, endoscopia, colonoscopia, nasolaringoscopia, colposcopia, histeroscopia, cistoscopia, entre outros.<\/p>\n<\/div>\n<p>Al\u00e9m de descentralizar os servi\u00e7os, a amplia\u00e7\u00e3o da estrutura f\u00edsica dos estabelecimentos de sa\u00fade diminui os custos com atendimento e deslocamento dos mun\u00edcipes para outras regi\u00f5es. O governador destacou a import\u00e2ncia dos recursos federais e da cria\u00e7\u00e3o de cons\u00f3rcios para o fortalecimento da parceria entre o Estado e munic\u00edpios no cuidado \u00e0 sa\u00fade dos baianos.<\/p>\n","protected":false},"excerpt":{"rendered":"<p>Ao lado da Ministra da Sa\u00fade, N\u00edsia Trindade, e do governador Jer\u00f4nimo Rodrigues, o prefeito M\u00e1rio Alexandre assinou nesta sexta-feira (19) o Protocolo de Inten\u00e7\u00f5es para Constitui\u00e7\u00e3o do Cons\u00f3rcio P\u00fablico de Sa\u00fade da Regi\u00e3o de Ilh\u00e9us. O ato aconteceu no audit\u00f3rio da Secretaria da Sa\u00fade do Estado da Bahia (Sesab), em Salvador, e contou com [&hellip;]<\/p>\n","protected":false},"author":2,"featured_media":0,"comment_status":"open","ping_status":"open","sticky":false,"template":"","format":"standard","meta":{"_links_to":"","_links_to_target":""},"categories":[1],"tags":[],"_links":{"self":[{"href":"https:\/\/www.ilheusnoticias.net.br\/v1\/wp-json\/wp\/v2\/posts\/31978"}],"collection":[{"href":"https:\/\/www.ilheusnoticias.net.br\/v1\/wp-json\/wp\/v2\/posts"}],"about":[{"href":"https:\/\/www.ilheusnoticias.net.br\/v1\/wp-json\/wp\/v2\/types\/post"}],"author":[{"embeddable":true,"href":"https:\/\/www.ilheusnoticias.net.br\/v1\/wp-json\/wp\/v2\/users\/2"}],"replies":[{"embeddable":true,"href":"https:\/\/www.ilheusnoticias.net.br\/v1\/wp-json\/wp\/v2\/comments?post=31978"}],"version-history":[{"count":2,"href":"https:\/\/www.ilheusnoticias.net.br\/v1\/wp-json\/wp\/v2\/posts\/31978\/revisions"}],"predecessor-version":[{"id":31980,"href":"https:\/\/www.ilheusnoticias.net.br\/v1\/wp-json\/wp\/v2\/posts\/31978\/revisions\/31980"}],"wp:attachment":[{"href":"https:\/\/www.ilheusnoticias.net.br\/v1\/wp-json\/wp\/v2\/media?parent=31978"}],"wp:term":[{"taxonomy":"category","embeddable":true,"href":"https:\/\/www.ilheusnoticias.net.br\/v1\/wp-json\/wp\/v2\/categories?post=31978"},{"taxonomy":"post_tag","embeddable":true,"href":"https:\/\/www.ilheusnoticias.net.br\/v1\/wp-json\/wp\/v2\/tags?post=31978"}],"curies":[{"name":"wp","href":"https:\/\/api.w.org\/{rel}","templated":true}]}}