{"id":31968,"date":"2023-05-19T11:25:20","date_gmt":"2023-05-19T14:25:20","guid":{"rendered":"https:\/\/www.ilheusnoticias.net.br\/v1\/?p=31968"},"modified":"2023-05-19T11:25:20","modified_gmt":"2023-05-19T14:25:20","slug":"nova-carteira-de-identidade-nao-tera-campo-sexo-nem-distincao-entre-nome-e-nome-social-diz-governo","status":"publish","type":"post","link":"https:\/\/www.ilheusnoticias.net.br\/v1\/2023\/05\/19\/nova-carteira-de-identidade-nao-tera-campo-sexo-nem-distincao-entre-nome-e-nome-social-diz-governo\/","title":{"rendered":"Nova carteira de identidade n\u00e3o ter\u00e1 campo &#8216;sexo&#8217; nem distin\u00e7\u00e3o entre &#8216;nome&#8217; e &#8216;nome social&#8217;, diz governo"},"content":{"rendered":"<div class=\"row content-head non-featured \">\n<div class=\"title\" data-block-type=\"title\" data-block-id=\"0\"><\/div>\n<div class=\"medium-centered subtitle\"><\/div>\n<\/div>\n<div class=\"mc-article-body\">\n<article>\n<div id=\"chunk-fsenb\">\n<div class=\"glb-image-after-before content-media\" data-block-type=\"imagem-antes-depois\" data-block-id=\"1\">\n<figure class=\"mc-column\">\n<div class=\"glb-image-after-before__container glb-skeleton-box\">\n<div class=\"glb-image-after-before__dragButton\"><img class=\"glb-image-after-before__image glb-image-after-before__image--before\" src=\"https:\/\/s2-g1.glbimg.com\/zZUrWN1eO6Z5la5NMPWB1qUrRtQ=\/984x0\/smart\/filters:strip_icc()\/i.s3.glbimg.com\/v1\/AUTH_59edd422c0c84a879bd37670ae4f538a\/internal_photos\/bs\/2023\/L\/3\/l0vnLdSACrUkOefXaezQ\/carteira-antiga.jpg\" srcset=\"https:\/\/s2-g1.glbimg.com\/I-18hWxzgdAdIW3lebcy9DkO2Es=\/1000x0\/smart\/filters:strip_icc()\/i.s3.glbimg.com\/v1\/AUTH_59edd422c0c84a879bd37670ae4f538a\/internal_photos\/bs\/2023\/L\/3\/l0vnLdSACrUkOefXaezQ\/carteira-antiga.jpg 1000w, https:\/\/s2-g1.glbimg.com\/zZUrWN1eO6Z5la5NMPWB1qUrRtQ=\/984x0\/smart\/filters:strip_icc()\/i.s3.glbimg.com\/v1\/AUTH_59edd422c0c84a879bd37670ae4f538a\/internal_photos\/bs\/2023\/L\/3\/l0vnLdSACrUkOefXaezQ\/carteira-antiga.jpg 984w, https:\/\/s2-g1.glbimg.com\/vuDXZHYApYozLwk9WsSNsD7MAG8=\/600x0\/smart\/filters:strip_icc()\/i.s3.glbimg.com\/v1\/AUTH_59edd422c0c84a879bd37670ae4f538a\/internal_photos\/bs\/2023\/L\/3\/l0vnLdSACrUkOefXaezQ\/carteira-antiga.jpg 600w\" alt=\"Imagem Reprodu\u00e7\u00e3o\" \/><img class=\"glb-image-after-before__image glb-image-after-before__image--after\" src=\"https:\/\/s2-g1.glbimg.com\/ISwqt4rwKPBVrDE0Uf-BJrKjitQ=\/984x0\/smart\/filters:strip_icc()\/i.s3.glbimg.com\/v1\/AUTH_59edd422c0c84a879bd37670ae4f538a\/internal_photos\/bs\/2023\/o\/q\/IwzO8CQBmqFafGHb9tAQ\/carteira-nova.jpeg\" srcset=\"https:\/\/s2-g1.glbimg.com\/HPVmjQ5ziVbEhv1pN-l4yU5dgc4=\/1000x0\/smart\/filters:strip_icc()\/i.s3.glbimg.com\/v1\/AUTH_59edd422c0c84a879bd37670ae4f538a\/internal_photos\/bs\/2023\/o\/q\/IwzO8CQBmqFafGHb9tAQ\/carteira-nova.jpeg 1000w, https:\/\/s2-g1.glbimg.com\/ISwqt4rwKPBVrDE0Uf-BJrKjitQ=\/984x0\/smart\/filters:strip_icc()\/i.s3.glbimg.com\/v1\/AUTH_59edd422c0c84a879bd37670ae4f538a\/internal_photos\/bs\/2023\/o\/q\/IwzO8CQBmqFafGHb9tAQ\/carteira-nova.jpeg 984w, https:\/\/s2-g1.glbimg.com\/eAD7t5GcTGC3qRSm8w3JC2uIQl0=\/600x0\/smart\/filters:strip_icc()\/i.s3.glbimg.com\/v1\/AUTH_59edd422c0c84a879bd37670ae4f538a\/internal_photos\/bs\/2023\/o\/q\/IwzO8CQBmqFafGHb9tAQ\/carteira-nova.jpeg 600w\" alt=\"Imagem Minist\u00e9rio de Gest\u00e3o e Inova\u00e7\u00e3o\/Reprodu\u00e7\u00e3o\" \/><\/div>\n<\/div><figcaption class=\"content-media__description\">Carteira Nacional de Identidade nos modelos 2022 e 2023; nova regra retira campos &#8216;nome social&#8217; e &#8216;sexo&#8217; \u2014 Foto 1: Reprodu\u00e7\u00e3o \u2014 Foto 2: Minist\u00e9rio de Gest\u00e3o e Inova\u00e7\u00e3o\/Reprodu\u00e7\u00e3o<\/figcaption><\/figure>\n<\/div>\n<\/div>\n<div id=\"chunk-8vmvt\">\n<div class=\"mc-column content-text active-extra-styles \" data-block-type=\"unstyled\" data-block-weight=\"42\" data-block-id=\"3\">\n<p class=\"content-text__container \" data-track-category=\"Link no Texto\" data-track-links=\"\">O Minist\u00e9rio de Gest\u00e3o e Inova\u00e7\u00e3o anunciou nesta sexta-feira (19) que a nova carteira de identidade, que come\u00e7ou a ser implementada em 2022, passar\u00e1 a ser emitida com duas mudan\u00e7as em rela\u00e7\u00e3o \u00e0s normas definidas durante o governo do ex-presidente Jair Bolsonaro:<\/p>\n<\/div>\n<\/div>\n<div class=\"wall protected-content\">\n<div class=\"mc-column content-text active-extra-styles\" data-block-type=\"raw\" data-block-weight=\"22\" data-block-id=\"4\">\n<ul class=\"content-unordered-list\">\n<li>a unifica\u00e7\u00e3o do campo &#8220;nome&#8221;,\u00a0<strong><span class=\"highlight highlighted\">sem distin\u00e7\u00e3o entre o nome social e o nome de registro civil<\/span><\/strong>;<\/li>\n<li>a\u00a0<strong><span class=\"highlight highlighted\">extin\u00e7\u00e3o do campo &#8220;sexo&#8221;<\/span><\/strong>.<\/li>\n<\/ul>\n<\/div>\n<div id=\"chunk-d9r3l\">\n<div class=\"mc-column content-text active-extra-styles \" data-block-type=\"unstyled\" data-block-weight=\"30\" data-block-id=\"5\">\n<p class=\"content-text__container \" data-track-category=\"Link no Texto\" data-track-links=\"\">Os dois campos n\u00e3o existiam no modelo antigo de identidade, emitido nas \u00faltimas d\u00e9cadas em todo o pa\u00eds, mas foram estabelecidos ap\u00f3s mudan\u00e7as feitas na gest\u00e3o anterior do governo federal.<\/p>\n<\/div>\n<\/div>\n<div id=\"chunk-ekgmg\">\n<div class=\"mc-column content-text active-extra-styles \" data-block-type=\"unstyled\" data-block-weight=\"59\" data-block-id=\"6\">\n<p class=\"content-text__container \" data-track-category=\"Link no Texto\" data-track-links=\"\">A volta da aus\u00eancia dos dois campos na identidade atende a um pedido do Minist\u00e9rio dos Direitos Humanos e busca tornar o documento mais inclusivo. O governo do presidente Lula chegou a criar um\u00a0<a class=\"\" href=\"https:\/\/g1.globo.com\/politica\/noticia\/2023\/04\/10\/governo-cria-grupo-para-debater-mudancas-nos-campos-nome-social-e-sexo-da-nova-carteira-de-identidade.ghtml\">grupo de trabalho para discutir as altera\u00e7\u00f5es<\/a>. O modelo imposto por Bolsonaro recebeu cr\u00edticas do Minist\u00e9rio P\u00fablico Federal e de entidades LGBTQIA+ (<a class=\"\" href=\"https:\/\/g1.globo.com\/politica\/noticia\/2023\/05\/19\/nova-carteira-de-identidade-nao-tera-campo-sexo-nem-distincao-entre-nome-e-nome-social-diz-governo.ghtml#criticas\"><em>leia mais abaixo<\/em><\/a>).<\/p>\n<\/div>\n<\/div>\n<div id=\"chunk-b59dk\">\n<div class=\"mc-column content-text active-extra-styles \" data-block-type=\"unstyled\" data-block-weight=\"37\" data-block-id=\"8\">\n<p class=\"content-text__container \" data-track-category=\"Link no Texto\" data-track-links=\"\">Essas novas regras devem ser publicadas no &#8220;Di\u00e1rio Oficial da Uni\u00e3o&#8221; no fim de junho e, ent\u00e3o, passar\u00e3o a valer de modo imediato. Os\u00a0<a class=\"\" href=\"https:\/\/g1.globo.com\/politica\/noticia\/2023\/03\/04\/decreto-carteira-identidade-nacional-prazo.ghtml\">estados t\u00eam at\u00e9 23 de novembro para aderir \u00e0 emiss\u00e3o do novo documento<\/a>.<\/p>\n<\/div>\n<\/div>\n<div id=\"chunk-2orsb\">\n<div class=\"bs-video-block mc-column  content-media content-video\" data-block-type=\"backstage-video\" data-block-id=\"10\">\n<div class=\"content-media__container\">\n<div class=\"content-video__bigger-player-description-fixer\">\n<article class=\"content-video\">\n<section class=\"content-video__video-container\">\n<div class=\"content-video__video\">\n<div class=\"content-video__placeholder\" data-video-id=\"11419854\" data-video-has-viewport-play=\"True\"><img class=\"content-video__placeholder__thumb\" title=\"Estados t\u00eam at\u00e9 novembro para come\u00e7ar a emitir o nova carteira de identidade\" src=\"https:\/\/s03.video.glbimg.com\/x240\/11419854.jpg\" alt=\"Estados t\u00eam at\u00e9 novembro para come\u00e7ar a emitir o nova carteira de identidade\" \/><\/div>\n<div id=\"wp3-player-2\" class=\"clappr-player\" tabindex=\"9999\" data-player=\"\">\n<div class=\"dfp-ad-overlay dfp-ad-overlay--poster-mode\">\n<div>Estados t\u00eam at\u00e9 novembro para come\u00e7ar a emitir o nova carteira de identidade<\/div>\n<\/div>\n<\/div>\n<\/div>\n<\/section>\n<\/article>\n<\/div>\n<\/div>\n<\/div>\n<\/div>\n<div class=\"mc-column content-text active-extra-styles\" data-block-type=\"raw\" data-block-weight=\"4\" data-block-id=\"12\">\n<div class=\"content-intertitle\">\n<h2>Nova carteira de identidade<\/h2>\n<\/div>\n<p>O novo documento, que por enquanto \u00e9 emitido apenas em 12 estados, vai substituir gradualmente o RG. E, em vez de ter um n\u00famero pr\u00f3prio, vai usar o pr\u00f3prio CPF como identifica\u00e7\u00e3o.<\/p>\n<\/div>\n<div id=\"chunk-76u3k\">\n<div class=\"mc-column content-text active-extra-styles \" data-block-type=\"unstyled\" data-block-weight=\"32\" data-block-id=\"14\">\n<p class=\"content-text__container \" data-track-category=\"Link no Texto\" data-track-links=\"\">Hoje, cada cidad\u00e3o pode ter at\u00e9 27 RGs diferentes, um por unidade da Federa\u00e7\u00e3o. Com a implementa\u00e7\u00e3o da nova identidade, o brasileiro passa a adotar apenas o CPF como n\u00famero identificador.<\/p>\n<\/div>\n<\/div>\n<div id=\"chunk-epm1t\">\n<div class=\"mc-column content-text active-extra-styles \" data-block-type=\"unstyled\" data-block-weight=\"12\" data-block-id=\"15\">\n<p class=\"content-text__container \" data-track-category=\"Link no Texto\" data-track-links=\"\">O RG, segundo o governo, deve cair gradualmente em desuso nos cadastros.<\/p>\n<\/div>\n<\/div>\n<div id=\"chunk-16otp\">\n<div class=\"mc-column content-text active-extra-styles \" data-block-type=\"unstyled\" data-block-weight=\"33\" data-block-id=\"16\">\n<p class=\"content-text__container \" data-track-category=\"Link no Texto\" data-track-links=\"\">Segundo o Minist\u00e9rio de Gest\u00e3o, at\u00e9 abril, os estados tinham emitido mais de 460 mil Carteiras de Identidade Nacional f\u00edsicas e outras 330 mil tinham sido baixadas em formato digital no aplicativo &#8220;gov.br&#8221;.<\/p>\n<\/div>\n<\/div>\n<div id=\"chunk-20aiv\">\n<div id=\"criticas\" class=\"anchor-position\"><\/div>\n<\/div>\n<div id=\"chunk-9nm9v\">\n<div class=\"content-ads content-ads--reveal\" data-block-type=\"ads\" data-block-id=\"17\">\n<div id=\"banner_materia__d9cedcb1-f45d-4b79-a6e3-eafa80ac77bb\" class=\"tag-manager-publicidade-container mc-has-reveal mc-has-ad-lazyload tag-manager-publicidade-banner_materia__d9cedcb1-f45d-4b79-a6e3-eafa80ac77bb tag-manager-publicidade-container--carregado tag-manager-publicidade-container--visivel\" data-id=\"banner_materia__d9cedcb1-f45d-4b79-a6e3-eafa80ac77bb\" data-google-query-id=\"CNTV0dHKgf8CFUWvlQIdyooHqQ\">\n<div id=\"google_ads_iframe_\/95377733\/tvg_G1\/Politica_5__container__\"><iframe id=\"google_ads_iframe_\/95377733\/tvg_G1\/Politica_5\" tabindex=\"0\" title=\"3rd party ad content\" role=\"region\" name=\"google_ads_iframe_\/95377733\/tvg_G1\/Politica_5\" width=\"970\" height=\"150\" frameborder=\"0\" marginwidth=\"0\" marginheight=\"0\" scrolling=\"no\" aria-label=\"Advertisement\" data-load-complete=\"true\" data-google-container-id=\"7\" data-mce-fragment=\"1\"><\/iframe><\/div>\n<\/div>\n<\/div>\n<\/div>\n<div class=\"mc-column content-text active-extra-styles\" data-block-type=\"raw\" data-block-weight=\"7\" data-block-id=\"18\">\n<p class=\"content-text__container\">\n<div class=\"content-intertitle\">\n<h2>Cr\u00edticas aos campos sexo e nome social<\/h2>\n<\/div>\n<p>&nbsp;<\/p>\n<\/div>\n<div id=\"chunk-56c0c\">\n<div class=\"mc-column content-text active-extra-styles \" data-block-type=\"unstyled\" data-block-weight=\"51\" data-block-id=\"19\">\n<p class=\"content-text__container \" data-track-category=\"Link no Texto\" data-track-links=\"\">O modelo imposto no governo Bolsonaro com a inclus\u00e3o de sexo e distin\u00e7\u00e3o do nome social recebu cr\u00edticas do Minist\u00e9rio P\u00fablico Federal (MPF). A\u00a0<a class=\"\" href=\"https:\/\/g1.globo.com\/politica\/noticia\/2023\/04\/10\/governo-cria-grupo-para-debater-mudancas-nos-campos-nome-social-e-sexo-da-nova-carteira-de-identidade.ghtml\">Procuradoria Federal dos Direitos do Cidad\u00e3o do \u00f3rg\u00e3o havia alegado que o novo modelo de RG<\/a>, ao trazer crit\u00e9rios sobre sexo e nome social, pode ser inconstitucional.<\/p>\n<\/div>\n<\/div>\n<div id=\"chunk-ci683\">\n<div class=\"mc-column content-text active-extra-styles \" data-block-type=\"unstyled\" data-block-weight=\"43\" data-block-id=\"20\">\n<p class=\"content-text__container \" data-track-category=\"Link no Texto\" data-track-links=\"\">Para o \u00f3rg\u00e3o, a utiliza\u00e7\u00e3o do nome de registro antes do nome social &#8220;configura flagrante viola\u00e7\u00e3o do direito \u00e0 autoidentifica\u00e7\u00e3o da pessoa trans&#8221; e abre &#8220;perigoso precedente para a exposi\u00e7\u00e3o vexat\u00f3ria de um nome que n\u00e3o representa a pessoa que se deseja identificar&#8221;.<\/p>\n<\/div>\n<\/div>\n<div id=\"chunk-60he2\">\n<div class=\"mc-column content-text active-extra-styles \" data-block-type=\"unstyled\" data-block-weight=\"43\" data-block-id=\"21\">\n<p class=\"content-text__container \" data-track-category=\"Link no Texto\" data-track-links=\"\">Em rela\u00e7\u00e3o ao campo &#8220;sexo&#8221;, a procuradoria considerou n\u00e3o haver necessidade administrativa ou burocr\u00e1tica que justifique a inclus\u00e3o desta informa\u00e7\u00e3o. O MPF tamb\u00e9m levou em considera\u00e7\u00e3o as pessoas intersexo, que possuem alguma varia\u00e7\u00e3o natural nas caracter\u00edsticas do corpo em rela\u00e7\u00e3o ao sexo biol\u00f3gico.<\/p>\n<\/div>\n<\/div>\n<div id=\"chunk-bp2ve\">\n<div class=\"mc-column content-text active-extra-styles \" data-block-type=\"unstyled\" data-block-weight=\"37\" data-block-id=\"22\">\n<p class=\"content-text__container \" data-track-category=\"Link no Texto\" data-track-links=\"\">Entidades ligadas aos direitos LGBTQIA+ tamb\u00e9m questionaram a inclus\u00e3o do nome social em campo separado \u2013 j\u00e1 que, na pr\u00e1tica, travestis e transexuais continuariam tendo que exibir o nome de registro, com o qual n\u00e3o se identificam.<\/p>\n<\/div>\n<\/div>\n<div id=\"chunk-b6bfj\">\n<div class=\"mc-column content-text active-extra-styles \" data-block-type=\"unstyled\" data-block-weight=\"34\" data-block-id=\"23\">\n<p class=\"content-text__container \" data-track-category=\"Link no Texto\" data-track-links=\"\">Desde 2018, transexuais e travestis tamb\u00e9m podem adotar o nome social no t\u00edtulo de eleitor. Assim como a nova identidade, o nome social substitui o nome de registro, em um \u00fanico campo.<\/p>\n<\/div>\n<\/div>\n<\/div>\n<\/article>\n<\/div>\n","protected":false},"excerpt":{"rendered":"<p>Carteira Nacional de Identidade nos modelos 2022 e 2023; nova regra retira campos &#8216;nome social&#8217; e &#8216;sexo&#8217; \u2014 Foto 1: Reprodu\u00e7\u00e3o \u2014 Foto 2: Minist\u00e9rio de Gest\u00e3o e Inova\u00e7\u00e3o\/Reprodu\u00e7\u00e3o O Minist\u00e9rio de Gest\u00e3o e Inova\u00e7\u00e3o anunciou nesta sexta-feira (19) que a nova carteira de identidade, que come\u00e7ou a ser implementada em 2022, passar\u00e1 a ser [&hellip;]<\/p>\n","protected":false},"author":2,"featured_media":0,"comment_status":"open","ping_status":"open","sticky":false,"template":"","format":"standard","meta":{"_links_to":"","_links_to_target":""},"categories":[1],"tags":[],"_links":{"self":[{"href":"https:\/\/www.ilheusnoticias.net.br\/v1\/wp-json\/wp\/v2\/posts\/31968"}],"collection":[{"href":"https:\/\/www.ilheusnoticias.net.br\/v1\/wp-json\/wp\/v2\/posts"}],"about":[{"href":"https:\/\/www.ilheusnoticias.net.br\/v1\/wp-json\/wp\/v2\/types\/post"}],"author":[{"embeddable":true,"href":"https:\/\/www.ilheusnoticias.net.br\/v1\/wp-json\/wp\/v2\/users\/2"}],"replies":[{"embeddable":true,"href":"https:\/\/www.ilheusnoticias.net.br\/v1\/wp-json\/wp\/v2\/comments?post=31968"}],"version-history":[{"count":1,"href":"https:\/\/www.ilheusnoticias.net.br\/v1\/wp-json\/wp\/v2\/posts\/31968\/revisions"}],"predecessor-version":[{"id":31969,"href":"https:\/\/www.ilheusnoticias.net.br\/v1\/wp-json\/wp\/v2\/posts\/31968\/revisions\/31969"}],"wp:attachment":[{"href":"https:\/\/www.ilheusnoticias.net.br\/v1\/wp-json\/wp\/v2\/media?parent=31968"}],"wp:term":[{"taxonomy":"category","embeddable":true,"href":"https:\/\/www.ilheusnoticias.net.br\/v1\/wp-json\/wp\/v2\/categories?post=31968"},{"taxonomy":"post_tag","embeddable":true,"href":"https:\/\/www.ilheusnoticias.net.br\/v1\/wp-json\/wp\/v2\/tags?post=31968"}],"curies":[{"name":"wp","href":"https:\/\/api.w.org\/{rel}","templated":true}]}}