{"id":31966,"date":"2023-05-19T11:22:38","date_gmt":"2023-05-19T14:22:38","guid":{"rendered":"https:\/\/www.ilheusnoticias.net.br\/v1\/?p=31966"},"modified":"2023-05-19T11:22:38","modified_gmt":"2023-05-19T14:22:38","slug":"valor-medio-do-bolsa-familia-bate-recorde-e-chega-a-r-672","status":"publish","type":"post","link":"https:\/\/www.ilheusnoticias.net.br\/v1\/2023\/05\/19\/valor-medio-do-bolsa-familia-bate-recorde-e-chega-a-r-672\/","title":{"rendered":"Valor m\u00e9dio do Bolsa Fam\u00edlia bate recorde e chega a R$ 672"},"content":{"rendered":"<div class=\"col-lg-12 mb-3\">\n<div class=\"post-image\"><a href=\"https:\/\/agenciabrasil.ebc.com.br\/economia\/noticia\/2023-05\/valor-medio-do-bolsa-familia-bate-recorde-e-chega-r-672#\"><img id=\"media-325527\" class=\"rounded-lg shadow-sm w-100\" title=\"MDAS\/Divulga\u00e7\u00e3o\" src=\"https:\/\/imagens.ebc.com.br\/7m6chT9n61qy12RTlbmcVSKMtKI=\/1170x700\/smart\/https:\/\/agenciabrasil.ebc.com.br\/sites\/default\/files\/thumbnails\/image\/novo-cartao-bolsa-familia-2023.jpg?itok=04NTkefr\" alt=\"Bras\u00edlia (DF) -- Novo cart\u00e3o Bolsa Fam\u00edlia 2023. Foto: MDAS\/Divulga\u00e7\u00e3o\" \/>\u00a9 MDAS\/Divulga\u00e7\u00e3o<\/a><\/div>\n<\/div>\n<div class=\"col-lg-12 mb-3\">\n<div class=\"row\">\n<div class=\"col-10 offset-1 animated fadeInDown dealy-1100 alt-font text-center\"><a href=\"https:\/\/agenciabrasil.ebc.com.br\/economia\"><span class=\"badge badge-pill badge-primary\">Economia<\/span><\/a><\/div>\n<h3 class=\"col-10 offset-1 animated fadeInDown dealy-900 display-8 display-md-8 alt-font font-italic my-1 text-center\">Pagamentos come\u00e7am ontem, para quem tem NIS de final 1<\/h3>\n<\/div>\n<\/div>\n<div class=\"col-xl-7 offset-xl-1 col-lg-8 offset-lg-0 col-md-10 offset-md-1 mb-3\">\n<div class=\"post-item alt-font\">\n<div class=\"post-item-wrap\">\n<p>O valor m\u00e9dio pago pelo Bolsa Fam\u00edlia bateu recorde, chegando a R$ 672,45 no m\u00eas de maio. Al\u00e9m disso, 1 milh\u00e3o de pessoas foram inclu\u00eddas no programa, totalizando 21,2 milh\u00f5es de fam\u00edlias beneficiadas. Segundo o governo federal, o aux\u00edlio atingiu um \u201cpatamar in\u00e9dito de investimento\u201d de R$ 14,1 bilh\u00f5es.<\/p>\n<p>\u201c\u00c9 o mais alto de todos os tempos\u201d, comemorou o Planalto, em nota, ao lembrar que os pagamentos come\u00e7am nesta quinta-feira (18) para benefici\u00e1rios com N\u00famero de Inscri\u00e7\u00e3o Social (NIS) de final 1; e vai at\u00e9 o dia 31, data em que o pagamento ser\u00e1 feito aos benefici\u00e1rios com NIS de final zero.<\/p>\n<h2>Confira o calend\u00e1rio:<\/h2>\n<div class=\"dnd-widget-wrapper context-cheio_8colunas type-image\">\n<div class=\"dnd-atom-rendered\">\n<div class=\"shadow overflow-hidden rounded-lg d-block zoom-on-hover-sm shadow-hover w-100\"><img class=\"flex-fill img-cover\" title=\"SECOM\" src=\"https:\/\/imagens.ebc.com.br\/O6k6eKGt19PPW1BmXxezVg_smIc=\/754x0\/smart\/https:\/\/agenciabrasil.ebc.com.br\/sites\/default\/files\/thumbnails\/image\/image_17.jpg?itok=92mFPUNc\" alt=\"Bras\u00edlia (DF) - Bolsa Fam\u00edlia inclui um milh\u00e3o de fam\u00edlias e bate recorde de valor m\u00e9dio: R$ 672,45. - Arte: SECOM\" \/><\/div>\n<\/div>\n<div class=\"dnd-caption-wrapper\">\n<h6 class=\"meta\"><strong>Divulga\u00e7\u00e3o\/SECOM<\/strong><\/h6>\n<\/div>\n<\/div>\n<h2>Recorte regional<\/h2>\n<p>O programa de transfer\u00eancia de renda chega aos 5.570 munic\u00edpios do pa\u00eds. Por meio dele, as fam\u00edlias benefici\u00e1rias recebem um m\u00ednimo de R$ 600. Aquelas com crian\u00e7a na faixa et\u00e1ria at\u00e9 seis anos recebem um adicional de R$ 150 por crian\u00e7a. Em maio, esse benef\u00edcio adicional chegou a mais de 9 milh\u00f5es de crian\u00e7as.<\/p>\n<p>H\u00e1 a previs\u00e3o de outro adicional, de R$ 50, a ser pago a partir de junho para cada integrante da fam\u00edlia, com idade de 7 a 18 anos incompletos, bem como para gestantes.<\/p>\n<p>Segundo o Planalto, a regi\u00e3o com maior n\u00famero de integrantes do programa \u00e9 o Nordeste, com mais de 9,7 milh\u00f5es de fam\u00edlias nos nove estados, o que corresponde a um total de R$ 6,3 bilh\u00f5es em investimentos federais.<\/p>\n<p>Em segundo lugar est\u00e1 a Regi\u00e3o Sudeste, com 6,33 milh\u00f5es de fam\u00edlias benefici\u00e1rias e um total de repasses superior a R$ 4,25 bilh\u00f5es.<\/p>\n<p>Na Regi\u00e3o Norte, 2,59 milh\u00f5es de fam\u00edlias dos sete estados recebem o benef\u00edcio; e no Sul s\u00e3o 1,43 milh\u00e3o de fam\u00edlias. Nas quatro unidades federativas do Centro-Oeste, s\u00e3o beneficiadas 1,13 milh\u00e3o de fam\u00edlias.<\/p>\n<p>Em um recorte estadual, S\u00e3o Paulo lidera a lista de benefici\u00e1rios, com mais de 2,579 milh\u00f5es de fam\u00edlias recebendo benef\u00edcio m\u00e9dio de R$ 678 \u2013 o que corresponde a R$ 1,74 bilh\u00e3o em investimentos federais.<\/p>\n<p>\u201cNa sequ\u00eancia v\u00eam sete estados com mais de um milh\u00e3o de fam\u00edlias contempladas: Bahia (2,5 milh\u00f5es), Rio de Janeiro (1,82 milh\u00e3o), Pernambuco (1,67 milh\u00e3o), Minas Gerais (1,62 milh\u00e3o), Cear\u00e1 (1,49 milh\u00e3o), Par\u00e1 (1,35 milh\u00e3o) e Maranh\u00e3o (1,23 milh\u00e3o)\u201d, informou o Planalto.<\/p>\n<h2>Perfil e inscri\u00e7\u00e3o<\/h2>\n<p>Para receber o Bolsa Fam\u00edlia, a renda mensal da fam\u00edlia precisa ser de at\u00e9 R$ 218 por pessoa. \u201cIsso significa que toda a renda gerada pelas pessoas da fam\u00edlia, por m\u00eas, dividida pelo n\u00famero de pessoas da fam\u00edlia, deve ser de, no m\u00e1ximo, R$ 218\u201d, explica a Presid\u00eancia.<\/p>\n<p>Para receber o benef\u00edcio, a fam\u00edlia precisa estar inscrita no Cadastro \u00danico para Programas Sociais do Governo Federal (Cad\u00danico), \u201ccom os dados corretos e atualizados\u201d, al\u00e9m de atender os crit\u00e9rios j\u00e1 citados.<\/p>\n<p>A inscri\u00e7\u00e3o pode ser feita nos postos de cadastramentos ou no atendimento das assist\u00eancias sociais nos munic\u00edpios.<\/p>\n<p>Por meio do\u00a0<em>site<\/em>\u00a0do\u00a0<a href=\"http:\/\/www.mds.gov.br\/\"><em>site<\/em>\u00a0do Minist\u00e9rio do Desenvolvimento e Assist\u00eancia Social, Fam\u00edlia e Combate \u00e0 Fome<\/a>\u00a0(na aba Servi\u00e7os \u2013 Carta de Servi\u00e7os), \u00e9 poss\u00edvel encontrar o posto de atendimento mais pr\u00f3ximo, bem como saber as documenta\u00e7\u00f5es e informa\u00e7\u00f5es necess\u00e1rias.<\/p>\n<p>Outras d\u00favidas podem ser esclarecidas em um\u00a0<a href=\"https:\/\/www.gov.br\/planalto\/pt-br\/acompanhe-o-planalto\/noticias\/2023\/03\/tem-duvidas-sobre-o-bolsa-familia-confira-perguntas-e-respostas-sobre-o-programa\" target=\"_blank\" rel=\"noopener\"><em>site<\/em>\u00a0do Planalto<\/a>\u00a0com perguntas e respostas sobre o Programa Bolsa Fam\u00edlia.<\/p>\n<\/div>\n<\/div>\n<\/div>\n","protected":false},"excerpt":{"rendered":"<p>\u00a9 MDAS\/Divulga\u00e7\u00e3o Economia Pagamentos come\u00e7am ontem, para quem tem NIS de final 1 O valor m\u00e9dio pago pelo Bolsa Fam\u00edlia bateu recorde, chegando a R$ 672,45 no m\u00eas de maio. Al\u00e9m disso, 1 milh\u00e3o de pessoas foram inclu\u00eddas no programa, totalizando 21,2 milh\u00f5es de fam\u00edlias beneficiadas. Segundo o governo federal, o aux\u00edlio atingiu um \u201cpatamar [&hellip;]<\/p>\n","protected":false},"author":2,"featured_media":0,"comment_status":"open","ping_status":"open","sticky":false,"template":"","format":"standard","meta":{"_links_to":"","_links_to_target":""},"categories":[1],"tags":[],"_links":{"self":[{"href":"https:\/\/www.ilheusnoticias.net.br\/v1\/wp-json\/wp\/v2\/posts\/31966"}],"collection":[{"href":"https:\/\/www.ilheusnoticias.net.br\/v1\/wp-json\/wp\/v2\/posts"}],"about":[{"href":"https:\/\/www.ilheusnoticias.net.br\/v1\/wp-json\/wp\/v2\/types\/post"}],"author":[{"embeddable":true,"href":"https:\/\/www.ilheusnoticias.net.br\/v1\/wp-json\/wp\/v2\/users\/2"}],"replies":[{"embeddable":true,"href":"https:\/\/www.ilheusnoticias.net.br\/v1\/wp-json\/wp\/v2\/comments?post=31966"}],"version-history":[{"count":1,"href":"https:\/\/www.ilheusnoticias.net.br\/v1\/wp-json\/wp\/v2\/posts\/31966\/revisions"}],"predecessor-version":[{"id":31967,"href":"https:\/\/www.ilheusnoticias.net.br\/v1\/wp-json\/wp\/v2\/posts\/31966\/revisions\/31967"}],"wp:attachment":[{"href":"https:\/\/www.ilheusnoticias.net.br\/v1\/wp-json\/wp\/v2\/media?parent=31966"}],"wp:term":[{"taxonomy":"category","embeddable":true,"href":"https:\/\/www.ilheusnoticias.net.br\/v1\/wp-json\/wp\/v2\/categories?post=31966"},{"taxonomy":"post_tag","embeddable":true,"href":"https:\/\/www.ilheusnoticias.net.br\/v1\/wp-json\/wp\/v2\/tags?post=31966"}],"curies":[{"name":"wp","href":"https:\/\/api.w.org\/{rel}","templated":true}]}}