{"id":31964,"date":"2023-05-19T11:20:26","date_gmt":"2023-05-19T14:20:26","guid":{"rendered":"https:\/\/www.ilheusnoticias.net.br\/v1\/?p=31964"},"modified":"2023-05-19T11:20:26","modified_gmt":"2023-05-19T14:20:26","slug":"maioria-dos-ministros-do-stf-vota-pela-condenacao-de-collor","status":"publish","type":"post","link":"https:\/\/www.ilheusnoticias.net.br\/v1\/2023\/05\/19\/maioria-dos-ministros-do-stf-vota-pela-condenacao-de-collor\/","title":{"rendered":"Maioria dos ministros do STF vota pela condena\u00e7\u00e3o de Collor"},"content":{"rendered":"<div class=\"col-lg-12 mb-3\">\n<div class=\"post-image\"><a href=\"https:\/\/agenciabrasil.ebc.com.br\/justica\/noticia\/2023-05\/maioria-dos-ministros-do-stf-vota-pela-condenacao-de-collor#\"><img id=\"media-98071\" class=\"rounded-lg shadow-sm w-100\" title=\"ABR; Valter Campanato\/Ag\u00eancia Brasil\" src=\"https:\/\/imagens.ebc.com.br\/_-Tln8kGTkR_FSOopoLwqsRWLw0=\/1170x700\/smart\/https:\/\/agenciabrasil.ebc.com.br\/sites\/default\/files\/atoms\/image\/987758-aaa_dsc_7538-007.jpg?itok=shgV_SF9\" alt=\"Bras\u00edlia  - O senador Fernando Collor de Mello participa da sess\u00e3o do Senado destinada a analisar e votar projetos or\u00e7ament\u00e1rios. Entre os projetos o PLN 5\/15, que ajusta a meta fiscal (Valter Campanato\/Ag\u00eancia Brasil)\" \/>\u00a9 ABR; Valter Campanato\/Ag\u00eancia Brasil<\/a><\/div>\n<\/div>\n<div class=\"col-lg-12 mb-3\">\n<div class=\"row\">\n<div class=\"col-10 offset-1 animated fadeInDown dealy-1100 alt-font text-center\"><a href=\"https:\/\/agenciabrasil.ebc.com.br\/justica\"><span class=\"badge badge-pill badge-primary\">Justi\u00e7a<\/span><\/a><\/div>\n<div class=\"col-10 offset-1 animated fadeInDown dealy-1100 alt-font text-center\">Ex-senador \u00e9 acusado de corrup\u00e7\u00e3o passiva e lavagem de dinheiro<\/div>\n<div><\/div>\n<div class=\"col-10 offset-1 animated fadeInDown dealy-1100 alt-font text-center\">A maioria dos ministros do Supremo Tribunal Federal (STF) votou nesta quinta-feira (18) pela condena\u00e7\u00e3o do ex-senador e ex-presidente Fernando Collor por corrup\u00e7\u00e3o passiva e lavagem de dinheiro em um processo da Opera\u00e7\u00e3o Lava Jato. At\u00e9 o momento, o placar do julgamento \u00e9 de 6 votos a 1 pela condena\u00e7\u00e3o. Ap\u00f3s os votos, a sess\u00e3o foi suspensa e ser\u00e1 retomada na quarta-feira (24).<\/div>\n<\/div>\n<\/div>\n<div class=\"col-xl-7 offset-xl-1 col-lg-8 offset-lg-0 col-md-10 offset-md-1 mb-3\">\n<div class=\"post-item alt-font\">\n<div class=\"post-item-wrap\">\n<p>Os votos foram formados a partir do voto do relator, ministro Edson Fachin, que se manifestou na quarta-feira (17) pela condena\u00e7\u00e3o do ex-parlamentar a 33 anos e 10 meses de pris\u00e3o.\u00a0Dois ex-assessores tamb\u00e9m podem ser condenados no caso.<\/p>\n<p>Para Fachin,\u00a0Collor, como antigo dirigente do PTB, foi respons\u00e1vel por indica\u00e7\u00f5es pol\u00edticas para a BR Distribuidora, empresa subsidi\u00e1ria da Petrobras, e recebeu R$ 20 milh\u00f5es como contrapresta\u00e7\u00e3o \u00e0 facilita\u00e7\u00e3o da contrata\u00e7\u00e3o da UTC Engenharia.<\/p>\n<p>Al\u00e9m do relator, tamb\u00e9m votaram pela condena\u00e7\u00e3o os ministros Alexandre de Moraes, Andr\u00e9 Mendon\u00e7a, Lu\u00eds Roberto Barroso, Luiz Fux e C\u00e1rmen L\u00facia. A pena total de Collor ainda n\u00e3o foi definida.<\/p>\n<p>A Corte julga uma a\u00e7\u00e3o penal aberta em agosto de 2017. Segundo a Procuradoria-Geral da Rep\u00fablica (PGR), o ex-presidente da Rep\u00fablica teria recebido pelo menos R$ 20 milh\u00f5es de propina pela influ\u00eancia pol\u00edtica na BR Distribuidora. Os crimes teriam ocorrido entre 2010 e 2014.<\/p>\n<h2>Absolvi\u00e7\u00e3o<\/h2>\n<p>O ministro Nunes Marques votou pela absolvi\u00e7\u00e3o de Collor. Para o ministro, n\u00e3o ficou comprovado que ele tenha se beneficiado de desvios na BR Distribuidora.<\/p>\n<p>&#8220;Inexistindo nos autos elementos externos id\u00f4neos para corroborar as declara\u00e7\u00f5es prestadas pelos colaboradores, n\u00e3o h\u00e1 como considerar a tese acusat\u00f3ria de que teria havido a negocia\u00e7\u00e3o de venda de apoio pol\u00edtico para indica\u00e7\u00e3o e manuten\u00e7\u00e3o de dirigentes na BR Distribuidora&#8221;, afirmou.<\/p>\n<h2>Defesa<\/h2>\n<p>Durante o julgamento, o advogado Marcelo Bessa pediu a absolvi\u00e7\u00e3o de Collor. A defesa\u00a0alegou\u00a0que as acusa\u00e7\u00f5es da PGR est\u00e3o baseadas em depoimentos de dela\u00e7\u00e3o premiada e n\u00e3o foram apresentadas provas para incriminar o ex-senador.<\/p>\n<p>Bessa tamb\u00e9m negou que o ex-parlamentar tenha sido respons\u00e1vel pela indica\u00e7\u00e3o de diretores da empresa. Segundo ele, os delatores acusaram Collor com base em coment\u00e1rios de terceiros.<\/p>\n<p>&#8220;N\u00e3o h\u00e1 nenhuma prova id\u00f4nea que corrobore essa vers\u00e3o do Minist\u00e9rio P\u00fablico. Se tem aqui uma vers\u00e3o posta, \u00fanica e exclusivamente, por colaboradores premiados, que n\u00e3o dizem que a arrecada\u00e7\u00e3o desses valores teria rela\u00e7\u00e3o com Collor ou com suposta intermedia\u00e7\u00e3o desse contrato de embandeiramento&#8221;, completou.<\/p>\n<\/div>\n<\/div>\n<\/div>\n","protected":false},"excerpt":{"rendered":"<p>\u00a9 ABR; Valter Campanato\/Ag\u00eancia Brasil Justi\u00e7a Ex-senador \u00e9 acusado de corrup\u00e7\u00e3o passiva e lavagem de dinheiro A maioria dos ministros do Supremo Tribunal Federal (STF) votou nesta quinta-feira (18) pela condena\u00e7\u00e3o do ex-senador e ex-presidente Fernando Collor por corrup\u00e7\u00e3o passiva e lavagem de dinheiro em um processo da Opera\u00e7\u00e3o Lava Jato. At\u00e9 o momento, o [&hellip;]<\/p>\n","protected":false},"author":2,"featured_media":0,"comment_status":"open","ping_status":"open","sticky":false,"template":"","format":"standard","meta":{"_links_to":"","_links_to_target":""},"categories":[1],"tags":[],"_links":{"self":[{"href":"https:\/\/www.ilheusnoticias.net.br\/v1\/wp-json\/wp\/v2\/posts\/31964"}],"collection":[{"href":"https:\/\/www.ilheusnoticias.net.br\/v1\/wp-json\/wp\/v2\/posts"}],"about":[{"href":"https:\/\/www.ilheusnoticias.net.br\/v1\/wp-json\/wp\/v2\/types\/post"}],"author":[{"embeddable":true,"href":"https:\/\/www.ilheusnoticias.net.br\/v1\/wp-json\/wp\/v2\/users\/2"}],"replies":[{"embeddable":true,"href":"https:\/\/www.ilheusnoticias.net.br\/v1\/wp-json\/wp\/v2\/comments?post=31964"}],"version-history":[{"count":1,"href":"https:\/\/www.ilheusnoticias.net.br\/v1\/wp-json\/wp\/v2\/posts\/31964\/revisions"}],"predecessor-version":[{"id":31965,"href":"https:\/\/www.ilheusnoticias.net.br\/v1\/wp-json\/wp\/v2\/posts\/31964\/revisions\/31965"}],"wp:attachment":[{"href":"https:\/\/www.ilheusnoticias.net.br\/v1\/wp-json\/wp\/v2\/media?parent=31964"}],"wp:term":[{"taxonomy":"category","embeddable":true,"href":"https:\/\/www.ilheusnoticias.net.br\/v1\/wp-json\/wp\/v2\/categories?post=31964"},{"taxonomy":"post_tag","embeddable":true,"href":"https:\/\/www.ilheusnoticias.net.br\/v1\/wp-json\/wp\/v2\/tags?post=31964"}],"curies":[{"name":"wp","href":"https:\/\/api.w.org\/{rel}","templated":true}]}}