{"id":31958,"date":"2023-05-19T11:13:18","date_gmt":"2023-05-19T14:13:18","guid":{"rendered":"https:\/\/www.ilheusnoticias.net.br\/v1\/?p=31958"},"modified":"2023-05-19T11:13:18","modified_gmt":"2023-05-19T14:13:18","slug":"seminario-reune-especialistas-para-discutir-acoes-de-combate-a-violencia-sexual-infanto-juvenil","status":"publish","type":"post","link":"https:\/\/www.ilheusnoticias.net.br\/v1\/2023\/05\/19\/seminario-reune-especialistas-para-discutir-acoes-de-combate-a-violencia-sexual-infanto-juvenil\/","title":{"rendered":"Semin\u00e1rio re\u00fane especialistas para discutir a\u00e7\u00f5es de combate \u00e0 viol\u00eancia sexual infanto-juvenil"},"content":{"rendered":"<div class=\"imagem thumbnail col-xs-12 col-sm-8 col-md-6 col-lg-6 imagem-materia\"><a class=\"fresco\" title=\"\" href=\"https:\/\/portalfacilarquivos.blob.core.windows.net\/uploads\/ILHEUS\/imgOrig\/%7B8DDA862E-3A24-677A-C8C7-DABEDE7BCC6E%7D.jpg\" data-fresco-caption=\"\"><img loading=\"lazy\" title=\"\" src=\"https:\/\/portalfacilarquivos.blob.core.windows.net\/uploads\/ILHEUS\/img\/%7B8DDA862E-3A24-677A-C8C7-DABEDE7BCC6E%7D\/%7B8DDA862E-3A24-677A-C8C7-DABEDE7BCC6E%7D_650X450.jpg\" alt=\"semin\u00e1rio; 18 de maio; enfrentamento da viol\u00eancia sexual contra crian\u00e7as; sps\" width=\"650\" height=\"450\" \/><\/a><\/div>\n<p>Parte da campanha Maio Laranja em Ilh\u00e9us, o Semin\u00e1rio Municipal de Enfrentamento e Combate \u00e0 Explora\u00e7\u00e3o Sexual de Crian\u00e7as e Adolescentes reuniu especialistas para discutir medidas protetivas e ampliar o di\u00e1logo entre os diversos atores que lidam com o tema. O encontro aconteceu no Centro de Conven\u00e7\u00f5es, na \u00faltima quinta-feira (18), em alus\u00e3o ao Dia Nacional Combate ao Abuso e \u00e0 Explora\u00e7\u00e3o Sexual de Crian\u00e7as e Adolescentes.<\/p>\n<p>Representando o prefeito M\u00e1rio Alexandre,\u00a0o titular da Secretaria de Promo\u00e7\u00e3o Social e Combate \u00e0 Pobreza, Rubenilton Silva, destacou a import\u00e2ncia da intera\u00e7\u00e3o entre os\u00a0organismos sociais, respons\u00e1veis por garantir um servi\u00e7o mais acolhedor \u00e0s v\u00edtimas de viol\u00eancia sexual. O secret\u00e1rio ministrou a palestra \u201cPol\u00edticas P\u00fablicas voltadas para crian\u00e7as e adolescentes\u201d.<\/p>\n<p>Realizado com apoio da Prefeitura de Ilh\u00e9us, o semin\u00e1rio objetiva mobilizar, sensibilizar, informar e convocar a sociedade para fortalecer a rede de enfrentamento da viol\u00eancia sexual infanto-juvenil e auxiliar a constru\u00e7\u00e3o de pol\u00edticas p\u00fablicas em \u00e2mbito local.<\/p>\n<div class=\"imagem thumbnail col-xs-12 col-sm-8 col-md-6 col-lg-6 imagem-materia\"><a class=\"fresco\" title=\"\" href=\"https:\/\/portalfacilarquivos.blob.core.windows.net\/uploads\/ILHEUS\/imgOrig\/%7B4706D20D-4D7E-36EA-BAE7-EE4EA5C7EBBD%7D.jpg\" data-fresco-caption=\"\"><img loading=\"lazy\" title=\"\" src=\"https:\/\/portalfacilarquivos.blob.core.windows.net\/uploads\/ILHEUS\/img\/%7B4706D20D-4D7E-36EA-BAE7-EE4EA5C7EBBD%7D\/%7B4706D20D-4D7E-36EA-BAE7-EE4EA5C7EBBD%7D_650X450.jpg\" alt=\"semin\u00e1rio; 18 de maio; enfrentamento da viol\u00eancia sexual contra crian\u00e7as; sps\" width=\"650\" height=\"450\" \/><\/a><\/div>\n<p>\u201cNos dois \u00faltimos anos, intensificamos as a\u00e7\u00f5es com palestras nas escolas, atendendo aproximadamente 800 alunos. S\u00e3o crian\u00e7as e jovens que recebem as informa\u00e7\u00f5es e se tornam multiplicadores. A gest\u00e3o do prefeito M\u00e1rio Alexandre est\u00e1 empenhada, desenvolvendo um trabalho importante para proteger ainda mais esse p\u00fablico, porque o abuso sexual e a explora\u00e7\u00e3o afetam diretamente o aprendizado das nossas crian\u00e7as. Ent\u00e3o, promovemos a\u00e7\u00f5es a fim de reduzir os n\u00fameros de casos de abuso, melhorando a qualidade do ensino e assegurando que as nossas crian\u00e7as vivam mais felizes\u201d, explicou a professora Altem\u00edria Gr\u00e1cia F\u00e9lix, formadora e tutora dos cursos do FNDE na Secretaria Municipal de Educa\u00e7\u00e3o.<\/p>\n<p>As palestras tamb\u00e9m foram ministradas por representantes do Conselho Tutelar, CREAS PAEFI e o do Hospital Materno-Infantil. No per\u00edodo da tarde, a tem\u00e1tica foi abordada pela Dra. Elienete, da Ethus Humanos, que dialogou com os participantes sobre a &#8220;Legisla\u00e7\u00e3o e o Programa de Preven\u00e7\u00e3o \u00e0 Explora\u00e7\u00e3o Sexual &#8211; Porto Sul&#8221;.<\/p>\n<p>A delegada Katiana Amorim, coordenadora da 7\u00aa Coorpin, e o presidente da OAB &#8211; Ilh\u00e9us, Dr. Jackson Cupertino, apresentaram a tem\u00e1tica \u201cA import\u00e2ncia da delegacia especializada de crimes contra crian\u00e7as e adolescentes\u201d. O Dr. Greg\u00f3rio, delegado da Pol\u00edcia Federal, ministrou a palestra \u201cCrimes atrav\u00e9s da Internet\u201d.<\/p>\n<div class=\"imagem thumbnail col-xs-12 col-sm-8 col-md-6 col-lg-6 imagem-materia\"><a class=\"fresco\" title=\"\" href=\"https:\/\/portalfacilarquivos.blob.core.windows.net\/uploads\/ILHEUS\/imgOrig\/%7B8B0AACED-106C-100D-AACE-CAA75E6BCCCA%7D.jpg\" data-fresco-caption=\"\"><img loading=\"lazy\" title=\"\" src=\"https:\/\/portalfacilarquivos.blob.core.windows.net\/uploads\/ILHEUS\/img\/%7B8B0AACED-106C-100D-AACE-CAA75E6BCCCA%7D\/%7B8B0AACED-106C-100D-AACE-CAA75E6BCCCA%7D_650X450.jpg\" alt=\"semin\u00e1rio; 18 de maio; enfrentamento da viol\u00eancia sexual contra crian\u00e7as; sps\" width=\"650\" height=\"450\" \/><\/a><\/p>\n<p class=\"bg-primary\"><strong>Trabalho integrado &#8211;<\/strong>\u00a0As a\u00e7\u00f5es da campanha s\u00e3o realizadas pela Comiss\u00e3o de Direitos Humanos da C\u00e2mara de Vereadores, com apoio da Prefeitura de Ilh\u00e9us, por meio das secretarias de Promo\u00e7\u00e3o Social e Combate \u00e0 Pobreza, Educa\u00e7\u00e3o, Sa\u00fade e Sutram, DEAM, OAB-Ilh\u00e9us, Pol\u00edcia Militar da Bahia, Corpo de Bombeiros Militar, Pol\u00edcia Federal, Pol\u00edcia Civil, Defensoria P\u00fablica da Bahia, Observat\u00f3rio \u2013 PPES, Conselho Tutelar, Minist\u00e9rio P\u00fablico do Estado da Bahia, Vara da Inf\u00e2ncia e Juventude, Ethos Humanus e Centro de Conven\u00e7\u00f5es Lu\u00eds Eduardo Magalh\u00e3es.<\/p>\n<\/div>\n<p><strong>Sobre a campanha-<\/strong>\u00a0O Maio Laranja \u00e9 dedicado ao enfrentamento e \u00e0 preven\u00e7\u00e3o ao abuso e \u00e0 explora\u00e7\u00e3o sexual de crian\u00e7as e adolescentes. O dia 18 de maio foi institu\u00eddo pela lei federal 9970\/00 como o dia nacional de combate a essa grave viola\u00e7\u00e3o de direitos, data alusiva \u00e0 morte da menina Araceli Cabrera Sanchez Crespo, violentada e assassinada aos oito anos de idade na cidade de Vit\u00f3ria, no Esp\u00edrito Santo, em 1973.<\/p>\n<p>O crime ficou conhecido como \u201cCaso Araceli\u201d e permanece impune at\u00e9 hoje.<\/p>\n","protected":false},"excerpt":{"rendered":"<p>Parte da campanha Maio Laranja em Ilh\u00e9us, o Semin\u00e1rio Municipal de Enfrentamento e Combate \u00e0 Explora\u00e7\u00e3o Sexual de Crian\u00e7as e Adolescentes reuniu especialistas para discutir medidas protetivas e ampliar o di\u00e1logo entre os diversos atores que lidam com o tema. O encontro aconteceu no Centro de Conven\u00e7\u00f5es, na \u00faltima quinta-feira (18), em alus\u00e3o ao Dia [&hellip;]<\/p>\n","protected":false},"author":2,"featured_media":0,"comment_status":"open","ping_status":"open","sticky":false,"template":"","format":"standard","meta":{"_links_to":"","_links_to_target":""},"categories":[1],"tags":[],"_links":{"self":[{"href":"https:\/\/www.ilheusnoticias.net.br\/v1\/wp-json\/wp\/v2\/posts\/31958"}],"collection":[{"href":"https:\/\/www.ilheusnoticias.net.br\/v1\/wp-json\/wp\/v2\/posts"}],"about":[{"href":"https:\/\/www.ilheusnoticias.net.br\/v1\/wp-json\/wp\/v2\/types\/post"}],"author":[{"embeddable":true,"href":"https:\/\/www.ilheusnoticias.net.br\/v1\/wp-json\/wp\/v2\/users\/2"}],"replies":[{"embeddable":true,"href":"https:\/\/www.ilheusnoticias.net.br\/v1\/wp-json\/wp\/v2\/comments?post=31958"}],"version-history":[{"count":1,"href":"https:\/\/www.ilheusnoticias.net.br\/v1\/wp-json\/wp\/v2\/posts\/31958\/revisions"}],"predecessor-version":[{"id":31959,"href":"https:\/\/www.ilheusnoticias.net.br\/v1\/wp-json\/wp\/v2\/posts\/31958\/revisions\/31959"}],"wp:attachment":[{"href":"https:\/\/www.ilheusnoticias.net.br\/v1\/wp-json\/wp\/v2\/media?parent=31958"}],"wp:term":[{"taxonomy":"category","embeddable":true,"href":"https:\/\/www.ilheusnoticias.net.br\/v1\/wp-json\/wp\/v2\/categories?post=31958"},{"taxonomy":"post_tag","embeddable":true,"href":"https:\/\/www.ilheusnoticias.net.br\/v1\/wp-json\/wp\/v2\/tags?post=31958"}],"curies":[{"name":"wp","href":"https:\/\/api.w.org\/{rel}","templated":true}]}}