{"id":31930,"date":"2023-05-17T14:20:09","date_gmt":"2023-05-17T17:20:09","guid":{"rendered":"https:\/\/www.ilheusnoticias.net.br\/v1\/?p=31930"},"modified":"2023-05-17T14:20:09","modified_gmt":"2023-05-17T17:20:09","slug":"professora-e-agredida-com-facao-por-aluno-de-13-anos-na-escola","status":"publish","type":"post","link":"https:\/\/www.ilheusnoticias.net.br\/v1\/2023\/05\/17\/professora-e-agredida-com-facao-por-aluno-de-13-anos-na-escola\/","title":{"rendered":"Professora \u00e9 agredida com fac\u00e3o por aluno de 13 anos na escola"},"content":{"rendered":"<div class=\"mc-article-body\">\n<article>\n<div id=\"chunk-f3al5\">\n<div class=\"row medium-uncollapsed content-media content-photo\" data-block-type=\"backstage-photo\" data-block-id=\"1\">\n<div class=\" mc-column  content-media__container\">\n<div class=\"content-media-container glb-skeleton-box\">\n<figure class=\"content-media-figure\"><img class=\"i-amphtml-fill-content i-amphtml-replaced-content\" src=\"https:\/\/s2-g1.glbimg.com\/i1-_1NrbSqmKq8YB6rP3SejER4Y=\/0x0:971x562\/984x0\/smart\/filters:strip_icc()\/i.s3.glbimg.com\/v1\/AUTH_59edd422c0c84a879bd37670ae4f538a\/internal_photos\/bs\/2023\/g\/B\/uu41nrSzGei9vRkwOHdw\/whatsapp-image-2023-05-17-at-13.36.43.jpeg\" sizes=\"(max-width: 1707px) 648px, 100vw\" srcset=\"https:\/\/s2-g1.glbimg.com\/HTpRhiF1go0EsA2YOxjNIAg-au0=\/0x0:971x562\/1000x0\/smart\/filters:strip_icc()\/i.s3.glbimg.com\/v1\/AUTH_59edd422c0c84a879bd37670ae4f538a\/internal_photos\/bs\/2023\/g\/B\/uu41nrSzGei9vRkwOHdw\/whatsapp-image-2023-05-17-at-13.36.43.jpeg 1000w, https:\/\/s2-g1.glbimg.com\/i1-_1NrbSqmKq8YB6rP3SejER4Y=\/0x0:971x562\/984x0\/smart\/filters:strip_icc()\/i.s3.glbimg.com\/v1\/AUTH_59edd422c0c84a879bd37670ae4f538a\/internal_photos\/bs\/2023\/g\/B\/uu41nrSzGei9vRkwOHdw\/whatsapp-image-2023-05-17-at-13.36.43.jpeg 984w, https:\/\/s2-g1.glbimg.com\/ppR83l4e3rAyEmzLITrwu2G01EE=\/0x0:971x562\/640x0\/smart\/filters:strip_icc()\/i.s3.glbimg.com\/v1\/AUTH_59edd422c0c84a879bd37670ae4f538a\/internal_photos\/bs\/2023\/g\/B\/uu41nrSzGei9vRkwOHdw\/whatsapp-image-2023-05-17-at-13.36.43.jpeg 640w, https:\/\/s2-g1.glbimg.com\/Hn-cdesc0J8O1GR76SHSSWG8RYc=\/0x0:971x562\/600x0\/smart\/filters:strip_icc()\/i.s3.glbimg.com\/v1\/AUTH_59edd422c0c84a879bd37670ae4f538a\/internal_photos\/bs\/2023\/g\/B\/uu41nrSzGei9vRkwOHdw\/whatsapp-image-2023-05-17-at-13.36.43.jpeg 600w\" alt=\"Professora \u00e9 agredida com fac\u00e3o por aluno de 13 anos em escola na Chapada Diamantina \u2014 Foto: Reprodu\u00e7\u00e3o\/TV Bahia\" \/><\/figure>\n<\/div>\n<p class=\"content-media__description  \">Professora \u00e9 agredida com fac\u00e3o por aluno de 13 anos em escola na Chapada Diamantina \u2014 Foto: Reprodu\u00e7\u00e3o\/TV Bahia<\/p>\n<\/div>\n<\/div>\n<\/div>\n<div id=\"chunk-7gk6g\">\n<div class=\"mc-column content-text active-extra-styles \" data-block-type=\"unstyled\" data-block-weight=\"49\" data-block-id=\"3\">\n<p class=\"content-text__container \" data-track-category=\"Link no Texto\" data-track-links=\"\">Uma professora de geografia foi agredida com um fac\u00e3o por um aluno de 13 anos na manh\u00e3 desta quarta-feira (17), em uma escola municipal da cidade de\u00a0<a class=\"\" href=\"https:\/\/g1.globo.com\/ba\/bahia\/cidade\/seabra\/\">Seabra<\/a>, na Chapada Diamantina. Por sorte, o menino foi contido por outros estudantes e a v\u00edtima sofreu apenas um arranh\u00e3o no pesco\u00e7o.<\/p>\n<\/div>\n<\/div>\n<div class=\"wall protected-content\">\n<div id=\"chunk-9n7b7\">\n<div class=\"mc-column content-text active-extra-styles \" data-block-type=\"unstyled\" data-block-weight=\"27\" data-block-id=\"4\">\n<p class=\"content-text__container \" data-track-category=\"Link no Texto\" data-track-links=\"\">O caso aconteceu por volta das 8h. Ainda n\u00e3o se sabe se o crime foi planejado pelo garoto. Al\u00e9m do fac\u00e3o, ele portava um martelo na mochila.<\/p>\n<\/div>\n<\/div>\n<div id=\"chunk-b8lbf\">\n<div class=\"mc-column content-text active-extra-styles \" data-block-type=\"unstyled\" data-block-weight=\"20\" data-block-id=\"5\">\n<p class=\"content-text__container \" data-track-category=\"Link no Texto\" data-track-links=\"\">O garoto, que conforme funcion\u00e1rios da escola, tem transtornos psicol\u00f3gicos, foi levado para um hospital, porque estava bastante nervoso.<\/p>\n<\/div>\n<\/div>\n<div id=\"chunk-5sfj8\">\n<div class=\"mc-column content-text active-extra-styles \" data-block-type=\"unstyled\" data-block-weight=\"23\" data-block-id=\"6\">\n<p class=\"content-text__container \" data-track-category=\"Link no Texto\" data-track-links=\"\">As aulas da escola foram suspensas e a diretora da unidade foi para delegacia prestar depoimento. O caso ser\u00e1 investigado pela Pol\u00edcia Civil.<\/p>\n<\/div>\n<\/div>\n<\/div>\n<\/article>\n<\/div>\n","protected":false},"excerpt":{"rendered":"<p>Professora \u00e9 agredida com fac\u00e3o por aluno de 13 anos em escola na Chapada Diamantina \u2014 Foto: Reprodu\u00e7\u00e3o\/TV Bahia Uma professora de geografia foi agredida com um fac\u00e3o por um aluno de 13 anos na manh\u00e3 desta quarta-feira (17), em uma escola municipal da cidade de\u00a0Seabra, na Chapada Diamantina. Por sorte, o menino foi contido [&hellip;]<\/p>\n","protected":false},"author":2,"featured_media":0,"comment_status":"open","ping_status":"open","sticky":false,"template":"","format":"standard","meta":{"_links_to":"","_links_to_target":""},"categories":[1],"tags":[],"_links":{"self":[{"href":"https:\/\/www.ilheusnoticias.net.br\/v1\/wp-json\/wp\/v2\/posts\/31930"}],"collection":[{"href":"https:\/\/www.ilheusnoticias.net.br\/v1\/wp-json\/wp\/v2\/posts"}],"about":[{"href":"https:\/\/www.ilheusnoticias.net.br\/v1\/wp-json\/wp\/v2\/types\/post"}],"author":[{"embeddable":true,"href":"https:\/\/www.ilheusnoticias.net.br\/v1\/wp-json\/wp\/v2\/users\/2"}],"replies":[{"embeddable":true,"href":"https:\/\/www.ilheusnoticias.net.br\/v1\/wp-json\/wp\/v2\/comments?post=31930"}],"version-history":[{"count":1,"href":"https:\/\/www.ilheusnoticias.net.br\/v1\/wp-json\/wp\/v2\/posts\/31930\/revisions"}],"predecessor-version":[{"id":31931,"href":"https:\/\/www.ilheusnoticias.net.br\/v1\/wp-json\/wp\/v2\/posts\/31930\/revisions\/31931"}],"wp:attachment":[{"href":"https:\/\/www.ilheusnoticias.net.br\/v1\/wp-json\/wp\/v2\/media?parent=31930"}],"wp:term":[{"taxonomy":"category","embeddable":true,"href":"https:\/\/www.ilheusnoticias.net.br\/v1\/wp-json\/wp\/v2\/categories?post=31930"},{"taxonomy":"post_tag","embeddable":true,"href":"https:\/\/www.ilheusnoticias.net.br\/v1\/wp-json\/wp\/v2\/tags?post=31930"}],"curies":[{"name":"wp","href":"https:\/\/api.w.org\/{rel}","templated":true}]}}